{"id":4994,"date":"2010-12-21T21:50:08","date_gmt":"2010-12-22T00:50:08","guid":{"rendered":"http:\/\/www.r2cpress.com.br\/v1\/?p=4994"},"modified":"2010-12-21T21:50:08","modified_gmt":"2010-12-22T00:50:08","slug":"senado-aprovou-o-cau-conselho-de-arquitetura-e-urbanismo","status":"publish","type":"post","link":"https:\/\/www.r2cpress.com.br\/v1\/2010\/12\/21\/senado-aprovou-o-cau-conselho-de-arquitetura-e-urbanismo\/","title":{"rendered":"Senado aprovou o CAU &#8211; Conselho de Arquitetura e Urbanismo"},"content":{"rendered":"<p>O Senado aprovou nesta ter\u00e7a-feira (21) o projeto de lei da C\u00e2mara (PLC) 190\/10, que regulamenta a profiss\u00e3o de arquiteto e urbanista. O projeto, que vai \u00e0 san\u00e7\u00e3o presidencial, tamb\u00e9m cria o conselho nacional (CAU\/BR) e conselhos estaduais espec\u00edficos para esses profissionais, que, at\u00e9 ent\u00e3o, eram representados pelo Conselho Federal (Confea) e pelos Conselhos Estaduais de Engenharia, Arquitetura e Agronomia (Creas).<\/p>\n<p>A mat\u00e9ria foi aprovada em car\u00e1ter conclusivo pela Comiss\u00e3o de Constitui\u00e7\u00e3o e Justi\u00e7a e de Cidadania (CCJC) da C\u00e2mara na \u00faltima ter\u00e7a-feira (16). No Senado, foi apreciada diretamente no Plen\u00e1rio, onde recebeu parecer favor\u00e1vel do senador Eduardo Azeredo (PSDB-MG).<\/p>\n<p><!--more--><\/p>\n<p>De acordo com o projeto, o CAU\/BR dever\u00e1 especificar as \u00e1reas de atua\u00e7\u00e3o privativas de arquitetos e urbanistas e as \u00e1reas compartilhadas com outras profiss\u00f5es regulamentadas. Caber\u00e1 ainda \u00e0 entidade manter um cadastro nacional das escolas e faculdades de arquitetura e urbanismo, com o curr\u00edculo dos cursos oferecidos.<\/p>\n<p>A proposta de regulamenta\u00e7\u00e3o profissional substitui a legisla\u00e7\u00e3o atual. De acordo com as entidades profissionais, pela primeira vez os arquitetos ter\u00e3o uma regulamenta\u00e7\u00e3o pr\u00f3pria, totalmente desvinculada da regulamenta\u00e7\u00e3o profissional de engenheiros.<\/p>\n<p>O PLC 190\/10 disp\u00f5e que entre as tarefas dos arquitetos est\u00e3o a dire\u00e7\u00e3o de obras e a elabora\u00e7\u00e3o de or\u00e7amento, seja no campo da arquitetura propriamente dita, da arquitetura de interiores ou do planejamento urbano, entre outros.<\/p>\n<p>Para exercer a profiss\u00e3o, o arquiteto e urbanista dever\u00e1 ter registro profissional no CAU de seu estado. Esse registro permitir\u00e1 sua atua\u00e7\u00e3o em todo o Pa\u00eds. Os requisitos para o exerc\u00edcio da profiss\u00e3o ser\u00e3o a capacidade civil e o diploma de gradua\u00e7\u00e3o em Arquitetura e Urbanismo, emitido por faculdade reconhecida pelo Minist\u00e9rio da Educa\u00e7\u00e3o. Tamb\u00e9m dever\u00e3o registrar-se no CAU as empresas de arquitetura e urbanismo.<\/p>\n<p>Ra\u00edssa Abreu \/ Ag\u00eancia Senad<\/p>\n<p>&#8212;<br \/>\nAcesse:<br \/>\n http:\/\/anisiojscruz.spaces.live.com\/<\/p>\n","protected":false},"excerpt":{"rendered":"<p>O Senado aprovou nesta ter\u00e7a-feira (21) o projeto de lei da C\u00e2mara (PLC) 190\/10, que regulamenta a profiss\u00e3o de arquiteto e urbanista. O projeto, que vai \u00e0 san\u00e7\u00e3o presidencial, tamb\u00e9m cria o conselho nacional (CAU\/BR) e conselhos estaduais espec\u00edficos para esses profissionais, que, at\u00e9 ent\u00e3o, eram representados pelo Conselho Federal (Confea) e pelos Conselhos Estaduais [&hellip;]<\/p>\n","protected":false},"author":2,"featured_media":0,"comment_status":"open","ping_status":"open","sticky":false,"template":"","format":"standard","meta":{"_links_to":"","_links_to_target":""},"categories":[18],"tags":[],"_links":{"self":[{"href":"https:\/\/www.r2cpress.com.br\/v1\/wp-json\/wp\/v2\/posts\/4994"}],"collection":[{"href":"https:\/\/www.r2cpress.com.br\/v1\/wp-json\/wp\/v2\/posts"}],"about":[{"href":"https:\/\/www.r2cpress.com.br\/v1\/wp-json\/wp\/v2\/types\/post"}],"author":[{"embeddable":true,"href":"https:\/\/www.r2cpress.com.br\/v1\/wp-json\/wp\/v2\/users\/2"}],"replies":[{"embeddable":true,"href":"https:\/\/www.r2cpress.com.br\/v1\/wp-json\/wp\/v2\/comments?post=4994"}],"version-history":[{"count":1,"href":"https:\/\/www.r2cpress.com.br\/v1\/wp-json\/wp\/v2\/posts\/4994\/revisions"}],"predecessor-version":[{"id":4995,"href":"https:\/\/www.r2cpress.com.br\/v1\/wp-json\/wp\/v2\/posts\/4994\/revisions\/4995"}],"wp:attachment":[{"href":"https:\/\/www.r2cpress.com.br\/v1\/wp-json\/wp\/v2\/media?parent=4994"}],"wp:term":[{"taxonomy":"category","embeddable":true,"href":"https:\/\/www.r2cpress.com.br\/v1\/wp-json\/wp\/v2\/categories?post=4994"},{"taxonomy":"post_tag","embeddable":true,"href":"https:\/\/www.r2cpress.com.br\/v1\/wp-json\/wp\/v2\/tags?post=4994"}],"curies":[{"name":"wp","href":"https:\/\/api.w.org\/{rel}","templated":true}]}}