{"id":5005,"date":"2010-12-21T22:15:21","date_gmt":"2010-12-22T01:15:21","guid":{"rendered":"http:\/\/www.r2cpress.com.br\/v1\/?p=5005"},"modified":"2010-12-21T22:15:21","modified_gmt":"2010-12-22T01:15:21","slug":"minc-comeca-a-distribuir-revistas-culturais-para-bibliotecas-em-fevereiro","status":"publish","type":"post","link":"https:\/\/www.r2cpress.com.br\/v1\/2010\/12\/21\/minc-comeca-a-distribuir-revistas-culturais-para-bibliotecas-em-fevereiro\/","title":{"rendered":"MinC come\u00e7a a distribuir revistas culturais para bibliotecas em fevereiro"},"content":{"rendered":"<p><em><strong><br \/>\nSer\u00e3o 12 mil peri\u00f3dicos enviados a todas as bibliotecas p\u00fablicas municipais e pontos de leitura do Pa<\/strong>\u00eds<\/em><\/p>\n<p>A partir de fevereiro, os acervos de bibliotecas p\u00fablicas municipais e pontos de leitura v\u00e3o contar com a assinatura de 12 revistas, feita pelo Minist\u00e9rio da Cultura. Est\u00e3o sendo investidos R$ 5,2 milh\u00f5es para a aquisi\u00e7\u00e3o de 7 mil assinaturas de cada uma das publica\u00e7\u00f5es contempladas no Edital de Peri\u00f3dicos de Conte\u00fado Mais Cultura,<\/p>\n<p><!--more--><\/p>\n<p>\u201cA sele\u00e7\u00e3o pretende popularizar materiais de leitura, estimular o h\u00e1bito da leitura e despertar o pensamento cr\u00edtico, disponibilizando a popula\u00e7\u00f5es urbanas e rurais, freq\u00fcentadoras de espa\u00e7os culturais p\u00fablicos, publica\u00e7\u00f5es com conte\u00fados diversificados e de qualidade\u201d, afirma o diretor de Livro, Leitura e Literatura do Minist\u00e9rio da Cultura. Revistas, jornais e publica\u00e7\u00f5es de quase todas as regi\u00f5es do pa\u00eds enviaram propostas ao edital, totalizando 62 inscritos.<\/p>\n<p>            Os peri\u00f3dicos que v\u00e3o compor o acervo das bibliotecas e demais espa\u00e7os culturais s\u00e3o: Brasileiros, Cult, Vira\u00e7\u00e3o, Rolling Stone, Ra\u00e7a Brasil, Piau\u00ed, Carta na Escola, Jornal Rascunho, F\u00f3rum Outro Mundo em Debate, Le Monde Diplomatique Brasil, Caros Amigos e Almanaque Brasil de Cultura Popular.<\/p>\n<p>            Devido \u00e0 legisla\u00e7\u00e3o eleitoral, os peri\u00f3dicos n\u00e3o puderam ser distribu\u00eddos neste ano. Em reuni\u00e3o na \u00faltima sexta-feira, no Minist\u00e9rio da Cultura, os representantes da editoras respons\u00e1veis pela publica\u00e7\u00e3o, decidiram por iniciar o envio a partir de fevereiro.<\/p>\n<p>Os peri\u00f3dicos que participaram do edital deviam, obrigatoriamente, desenvolver conte\u00fado sobre Cultura, Sociedade, Artes, Pol\u00edtica e Economia, com \u00eanfase m\u00ednima de 35% da publica\u00e7\u00e3o para Cultura e Artes. Al\u00e9m disso, tinham de oferecer um desconto de, no m\u00ednimo, 30% sobre o pre\u00e7o de assinaturas individuais. <\/p>\n","protected":false},"excerpt":{"rendered":"<p>Ser\u00e3o 12 mil peri\u00f3dicos enviados a todas as bibliotecas p\u00fablicas municipais e pontos de leitura do Pa\u00eds A partir de fevereiro, os acervos de bibliotecas p\u00fablicas municipais e pontos de leitura v\u00e3o contar com a assinatura de 12 revistas, feita pelo Minist\u00e9rio da Cultura. Est\u00e3o sendo investidos R$ 5,2 milh\u00f5es para a aquisi\u00e7\u00e3o de 7 [&hellip;]<\/p>\n","protected":false},"author":2,"featured_media":0,"comment_status":"open","ping_status":"open","sticky":false,"template":"","format":"standard","meta":{"_links_to":"","_links_to_target":""},"categories":[18],"tags":[],"_links":{"self":[{"href":"https:\/\/www.r2cpress.com.br\/v1\/wp-json\/wp\/v2\/posts\/5005"}],"collection":[{"href":"https:\/\/www.r2cpress.com.br\/v1\/wp-json\/wp\/v2\/posts"}],"about":[{"href":"https:\/\/www.r2cpress.com.br\/v1\/wp-json\/wp\/v2\/types\/post"}],"author":[{"embeddable":true,"href":"https:\/\/www.r2cpress.com.br\/v1\/wp-json\/wp\/v2\/users\/2"}],"replies":[{"embeddable":true,"href":"https:\/\/www.r2cpress.com.br\/v1\/wp-json\/wp\/v2\/comments?post=5005"}],"version-history":[{"count":2,"href":"https:\/\/www.r2cpress.com.br\/v1\/wp-json\/wp\/v2\/posts\/5005\/revisions"}],"predecessor-version":[{"id":5007,"href":"https:\/\/www.r2cpress.com.br\/v1\/wp-json\/wp\/v2\/posts\/5005\/revisions\/5007"}],"wp:attachment":[{"href":"https:\/\/www.r2cpress.com.br\/v1\/wp-json\/wp\/v2\/media?parent=5005"}],"wp:term":[{"taxonomy":"category","embeddable":true,"href":"https:\/\/www.r2cpress.com.br\/v1\/wp-json\/wp\/v2\/categories?post=5005"},{"taxonomy":"post_tag","embeddable":true,"href":"https:\/\/www.r2cpress.com.br\/v1\/wp-json\/wp\/v2\/tags?post=5005"}],"curies":[{"name":"wp","href":"https:\/\/api.w.org\/{rel}","templated":true}]}}