{"id":50070,"date":"2012-09-18T11:47:49","date_gmt":"2012-09-18T14:47:49","guid":{"rendered":"http:\/\/www.r2cpress.com.br\/v1\/?p=50070"},"modified":"2012-09-18T11:47:49","modified_gmt":"2012-09-18T14:47:49","slug":"heckel-januario-em-preferi-as-palavras-da-vespera","status":"publish","type":"post","link":"https:\/\/www.r2cpress.com.br\/v1\/2012\/09\/18\/heckel-januario-em-preferi-as-palavras-da-vespera\/","title":{"rendered":"Heckel Janu\u00e1rio em: PREFERI AS PALAVRAS DA V\u00c9SPERA"},"content":{"rendered":"<p><img loading=\"lazy\" class=\"alignleft\" src=\"http:\/\/www.r2cpress.com.br\/v1\/wp-content\/uploads\/HECKEL-NOVA.jpg\" alt=\"\" width=\"300\" height=\"129\" \/>Este ano aqui na Capitania dos Ilh\u00e9us preferi as palavras da v\u00e9spera a fixar-me em frente da televis\u00e3o, ou mesmo optar por um acompanhamento ao vivo.<\/p>\n<p>N\u00e3o que eu seja indiferente porque apesar de calejado em raz\u00e3o de n\u00e3o sei quantos carnavais e outros tantos setembro, os festejos comemorativos da Independ\u00eancia ainda me propiciam certo j\u00fabilo, s\u00f3 que desta vez parei mesmo foi no pronunciamento da Presidenta da Rep\u00fablica do dia anterior.<\/p>\n<p>Entre toques nos n\u00fameros positivos da administra\u00e7\u00e3o a exemplo da estabilidade econ\u00f4mica diante da crise financeira mundial originada na Europa, o discurso enfatizou a pol\u00edtica agressiva de investimento do governo que, j\u00e1 em pr\u00e1tica, objetiva um \u201cnovo salto\u201d de crescimento mais qualitativo do pa\u00eds.<\/p>\n<p>Como no bojo desse projeto insere a concess\u00e3o de servi\u00e7os \u00e0 iniciativa privada, arautos do \u201cpurismo ideol\u00f3gico\u201d, n\u00e3o titubearam \u00e0 fala presidencial, em titular tal medida de \u201cprivatismo camuflado\u201d, inclusive de ser mais liberal que a dos tempos da pol\u00edtica liberalizante de FHC. \u00c0 redu\u00e7\u00e3o da tarifa de energia el\u00e9trica tanto no n\u00edvel de consumo como no do setor produtivo a partir de 2013, reiterada ter\u00e7a-feira (10) em rede nacional, tamb\u00e9m n\u00e3o hesitaram na contraposi\u00e7\u00e3o que a referida a\u00e7\u00e3o n\u00e3o passa de ato compensat\u00f3rio aos preju\u00edzos causados pela Uni\u00e3o aos consumidores <strong>\u2013<\/strong>em mais ou menos 17 bilh\u00f5es de reais no per\u00edodo de 2002 a 2010<strong>\u2013<\/strong> devido a erros de c\u00e1lculos a maior nas contas de luz.<\/p>\n<p><!--more--><\/p>\n<p>Para quem a convic\u00e7\u00e3o de um Estado forte e mand\u00e3o <strong>\u2013<\/strong>como etapa a ser transposta na conquista de uma sociedade socialista<strong>\u2013<\/strong> era imut\u00e1vel, possivelmente se fundamente a\u00ed as considera\u00e7\u00f5es dos porta-vozes, ou melhor dizendo, dos opositores pol\u00edticos. In\u00f3cuas, a meu ver, se forem postas \u00e0 luz da compara\u00e7\u00e3o, a vigente popularidade governamental, o vigente grau de satisfa\u00e7\u00e3o dos consumidores, e o secular e enorme d\u00e9ficit na conta \u201ccontrapartida de benef\u00edcios social aos brasileiros\u201d (\u00f3bvio, da maioria) da nossa contabilidade nacional. Uma nota complementar: Considero paralelo \u00e0 suposi\u00e7\u00e3o, a primeira inser\u00e7\u00e3o puritana de um tremendo radicalismo para o cen\u00e1rio do s\u00e9culo XXI; com refer\u00eancia \u00e0 segunda, abro o espa\u00e7o para as explica\u00e7\u00f5es dos respons\u00e1veis pelo setor el\u00e9trico brasileiro.<\/p>\n<p>De cunho pol\u00edtico-econ\u00f4mico, a exposi\u00e7\u00e3o n\u00e3o abordou de maneira espec\u00edfica os problemas na educa\u00e7\u00e3o, na sa\u00fade, e a insuport\u00e1vel inseguran\u00e7a que campeia nos quatros cantos. Atrevo-me a deduzir que a suprema mandat\u00e1ria em vez de entrar nesses detalhes, escolheu apostar no equil\u00edbrio da economia e no taco da pol\u00edtica econ\u00f4mica de seu governo e, dos seus efeitos, a solu\u00e7\u00e3o, que ser\u00e1 fundamental para o alcance de um pa\u00eds mais igualit\u00e1rio. Na questionada reforma tribut\u00e1ria tocou firme sim, porque disse estar disposta a dialogar com todas as for\u00e7as pol\u00edticas e produtivas a fim de aperfei\u00e7oar o sistema.<\/p>\n<p>Pois \u00e9. No Dia da P\u00e1tria estive em outra. Como faz parte das sagradas paix\u00f5es nacionais, optei por um \u201cbaba\u201d de coroas e, em seguida, ao sabor de uma cervejinha e outra, aguardei a Sele\u00e7\u00e3o Canarinho versus \u00c1frica do Sul, a prop\u00f3sito, um joginho chato retado!<\/p>\n<p>Agora destrincharei a prefer\u00eancia. Como no dia posterior ao da independ\u00eancia festiva, sem mais o calor, o garbo e a pomba de patriotas e patrioteiros de plant\u00e3o, minha euforia acabaria, resolvi n\u00e3o deixar acontecer, e mais que isso eu antecipei <strong>\u2013<\/strong>com ares de prolong\u00e1-la\u2013, sem no entanto o compromisso de desfilar brasilidade na avenida. Sim, acreditando na garra, no prop\u00f3sito e na persist\u00eancia da comandante de libertar o Brasil de verdade, ou seja, de extrair dele as mazelas que persistem.<\/p>\n<p>Heckel Janu\u00e1rio<\/p>\n","protected":false},"excerpt":{"rendered":"<p>Este ano aqui na Capitania dos Ilh\u00e9us preferi as palavras da v\u00e9spera a fixar-me em frente da televis\u00e3o, ou mesmo optar por um acompanhamento ao vivo. N\u00e3o que eu seja indiferente porque apesar de calejado em raz\u00e3o de n\u00e3o sei quantos carnavais e outros tantos setembro, os festejos comemorativos da Independ\u00eancia ainda me propiciam certo [&hellip;]<\/p>\n","protected":false},"author":2,"featured_media":0,"comment_status":"open","ping_status":"open","sticky":false,"template":"","format":"standard","meta":{"_links_to":"","_links_to_target":""},"categories":[10],"tags":[],"_links":{"self":[{"href":"https:\/\/www.r2cpress.com.br\/v1\/wp-json\/wp\/v2\/posts\/50070"}],"collection":[{"href":"https:\/\/www.r2cpress.com.br\/v1\/wp-json\/wp\/v2\/posts"}],"about":[{"href":"https:\/\/www.r2cpress.com.br\/v1\/wp-json\/wp\/v2\/types\/post"}],"author":[{"embeddable":true,"href":"https:\/\/www.r2cpress.com.br\/v1\/wp-json\/wp\/v2\/users\/2"}],"replies":[{"embeddable":true,"href":"https:\/\/www.r2cpress.com.br\/v1\/wp-json\/wp\/v2\/comments?post=50070"}],"version-history":[{"count":3,"href":"https:\/\/www.r2cpress.com.br\/v1\/wp-json\/wp\/v2\/posts\/50070\/revisions"}],"predecessor-version":[{"id":50073,"href":"https:\/\/www.r2cpress.com.br\/v1\/wp-json\/wp\/v2\/posts\/50070\/revisions\/50073"}],"wp:attachment":[{"href":"https:\/\/www.r2cpress.com.br\/v1\/wp-json\/wp\/v2\/media?parent=50070"}],"wp:term":[{"taxonomy":"category","embeddable":true,"href":"https:\/\/www.r2cpress.com.br\/v1\/wp-json\/wp\/v2\/categories?post=50070"},{"taxonomy":"post_tag","embeddable":true,"href":"https:\/\/www.r2cpress.com.br\/v1\/wp-json\/wp\/v2\/tags?post=50070"}],"curies":[{"name":"wp","href":"https:\/\/api.w.org\/{rel}","templated":true}]}}