{"id":5025,"date":"2010-12-22T08:38:32","date_gmt":"2010-12-22T11:38:32","guid":{"rendered":"http:\/\/www.r2cpress.com.br\/v1\/?p=5025"},"modified":"2010-12-22T08:38:32","modified_gmt":"2010-12-22T11:38:32","slug":"natal-ondas-maremotolanyllas-surf-open","status":"publish","type":"post","link":"https:\/\/www.r2cpress.com.br\/v1\/2010\/12\/22\/natal-ondas-maremotolanyllas-surf-open\/","title":{"rendered":"Natal + Ondas = MAREMOTO\/LANYLLAS SURF OPEN"},"content":{"rendered":"<p><div id=\"attachment_5026\" style=\"width: 236px\" class=\"wp-caption alignleft\"><a href=\"http:\/\/www.r2cpress.com.br\/v1\/wp-content\/uploads\/Walace-J\u00fanior-Foto-Paulo-Fontes.jpeg\"><img aria-describedby=\"caption-attachment-5026\" loading=\"lazy\" src=\"http:\/\/www.r2cpress.com.br\/v1\/wp-content\/uploads\/Walace-J\u00fanior-Foto-Paulo-Fontes.jpeg\" alt=\"\" title=\"Walace J\u00fanior Foto Paulo Fontes\" width=\"226\" height=\"151\" class=\"size-full wp-image-5026\" \/><\/a><p id=\"caption-attachment-5026\" class=\"wp-caption-text\">Walace J\u00fanior. Foto Paulo Fontes<\/p><\/div>O point Ponta dos Arrecifes, na zona sul de Ilh\u00e9us aguarda neste fim de semana pelos melhores surfistas da cidade e do Estado por mais um confronto para defini\u00e7\u00e3o dos campe\u00f5es do ano pela AIS &#8211; Associa\u00e7\u00e3o Ilheense de Surf. O MAREMOTO \/ LANYLLAS SURF OPEN vai acontecer na praia considerada por muitos como o point mais regular da cidade conhecido tamb\u00e9m como &#8220;Tia Bel&#8221;, em alus\u00e3o \u00e1 uma antiga propriet\u00e1ria de cabana local, \u00e9 pista de treino do campe\u00e3o nordestino e elite nacional Bruno Galini, frequentemente encontrado no line up afiando as manobras, al\u00e9m de Jer\u00f4nimo Bonfim, Charles Costa, Taiwan Chan, Wallace Sampaio (pai e filho), e o atual l\u00edder Open do circuito, Fl\u00e1vio Galini, fazem da praia um celeiro incessante de talentos.<\/p>\n<p><!--more--><\/p>\n<p>Nos pr\u00f3ximos dias 25 e 26 de dezembro, surfistas das categorias Open, J\u00fanior, Mirim, Iniciante, Infantil e Master v\u00e3o \u00e1 \u00e1gua no circuito resgatado pela marca MAREMOTO e a surf shop LANYLLAS prometendo bons confrontos e um p\u00fablico numeroso, j\u00e1 que a praia \u00e9 vizinha de uma comunidade de grande popula\u00e7\u00e3o. Destaque para a categoria Master j\u00e1 que a velha guarda ilheense \u00e9 uma das mais fortes do Estado, nomes como Marcelo Alves, Gabriel Macedo, Jer\u00f4nimo Bonfim, Marcone, Dav\u00ed do Skate, fazem confrontos memor\u00e1veis por aqui. Dalmo Meireles de Valen\u00e7a j\u00e1 confirmou presen\u00e7a prometendo botar pimenta na categoria.<\/p>\n<p>As inscri\u00e7\u00f5es podem ser feitas pelo email carlosantiagocsp@hotmail.com pelo fone 73-8817-1228 ou se dirigir a Lanyllas da Rua Marqu\u00eas de Paranagu\u00e1 at\u00e9 sexta-feira. Open, Master R$ 30,00, J\u00fanior e Mirim R$ 25, 00,  Iniciante e Infantil R$ 15,00.<\/p>\n<p>O MAREMOTO\/LANYLLAS SURF OPEN, segunda etapa do circuito ilheense 2010, tem o patroc\u00ednio da MAREMOTO e da surf shop LANYLLAS, conta com o apoio da EXCLUSIVA FASHION  e da RADICAL SURF SHOP. Colaboram as pranchas Jaguara, Ferrari Vidros, Prefeitura Municipal de Ilh\u00e9us, a Deputada \u00c2ngela Souza, Fabr\u00edcio Faixas, <strong>R2CPRESS.COM.BR<\/strong>, ripstar.com.br, surfbahia.com.br, Gabriela FM 102,9, Nova Si\u00e3o, e \u00e9 realizado pela IPSO Eventos homologado pela AISURF &#8211; Associa\u00e7\u00e3o Ilheense de Surf. Deus aben\u00e7oe a todos e boas ondas<\/p>\n","protected":false},"excerpt":{"rendered":"<p>O point Ponta dos Arrecifes, na zona sul de Ilh\u00e9us aguarda neste fim de semana pelos melhores surfistas da cidade e do Estado por mais um confronto para defini\u00e7\u00e3o dos campe\u00f5es do ano pela AIS &#8211; Associa\u00e7\u00e3o Ilheense de Surf. O MAREMOTO \/ LANYLLAS SURF OPEN vai acontecer na praia considerada por muitos como o [&hellip;]<\/p>\n","protected":false},"author":2,"featured_media":0,"comment_status":"open","ping_status":"open","sticky":false,"template":"","format":"standard","meta":{"_links_to":"","_links_to_target":""},"categories":[11],"tags":[],"_links":{"self":[{"href":"https:\/\/www.r2cpress.com.br\/v1\/wp-json\/wp\/v2\/posts\/5025"}],"collection":[{"href":"https:\/\/www.r2cpress.com.br\/v1\/wp-json\/wp\/v2\/posts"}],"about":[{"href":"https:\/\/www.r2cpress.com.br\/v1\/wp-json\/wp\/v2\/types\/post"}],"author":[{"embeddable":true,"href":"https:\/\/www.r2cpress.com.br\/v1\/wp-json\/wp\/v2\/users\/2"}],"replies":[{"embeddable":true,"href":"https:\/\/www.r2cpress.com.br\/v1\/wp-json\/wp\/v2\/comments?post=5025"}],"version-history":[{"count":2,"href":"https:\/\/www.r2cpress.com.br\/v1\/wp-json\/wp\/v2\/posts\/5025\/revisions"}],"predecessor-version":[{"id":5028,"href":"https:\/\/www.r2cpress.com.br\/v1\/wp-json\/wp\/v2\/posts\/5025\/revisions\/5028"}],"wp:attachment":[{"href":"https:\/\/www.r2cpress.com.br\/v1\/wp-json\/wp\/v2\/media?parent=5025"}],"wp:term":[{"taxonomy":"category","embeddable":true,"href":"https:\/\/www.r2cpress.com.br\/v1\/wp-json\/wp\/v2\/categories?post=5025"},{"taxonomy":"post_tag","embeddable":true,"href":"https:\/\/www.r2cpress.com.br\/v1\/wp-json\/wp\/v2\/tags?post=5025"}],"curies":[{"name":"wp","href":"https:\/\/api.w.org\/{rel}","templated":true}]}}