{"id":5038,"date":"2010-12-22T10:06:11","date_gmt":"2010-12-22T13:06:11","guid":{"rendered":"http:\/\/www.r2cpress.com.br\/v1\/?p=5038"},"modified":"2010-12-22T10:06:11","modified_gmt":"2010-12-22T13:06:11","slug":"aviso-aos-consumidores","status":"publish","type":"post","link":"https:\/\/www.r2cpress.com.br\/v1\/2010\/12\/22\/aviso-aos-consumidores\/","title":{"rendered":"Aviso aos consumidores"},"content":{"rendered":"<p>Sr. Rabat<\/p>\n<p>Por ser de utilidade p\u00fablica, solicito, se for poss\u00edvel, a divulga\u00e7\u00e3o atrav\u00e9s do R2CPRESS do aforamento de a\u00e7\u00e3o civil p\u00fablica em defesa dos consumidores pelo Minist\u00e9rio P\u00fablico da Bahia, contra o Munic\u00edpio de Ilh\u00e9us. Isto porque o Prefeito Municipal expediu o Decreto n\u00ba 119\/2010, publicado no Di\u00e1rio Oficial do dia 15-12-2010, autorizando todos os taxistas a circularem com bandeira 2, em qualquer hor\u00e1rio, durante todo este m\u00eas de dezembro.<br \/>\nNa vis\u00e3o do Minist\u00e9rio P\u00fablico, representa aumento indevido do valor da corrida, posto que sem justificativa. N\u00e3o houve aumento do pre\u00e7o do combust\u00edvel, a demanda de passageiros no m\u00eas de dezembro \u00e9 maior, por causa das compras de Natal e chegada de turistas, o que representa, para os motoristas, maior remunera\u00e7\u00e3o, sem necessidade de onerar o passageiro com pre\u00e7o anormal.<br \/>\nComo \u00e9 fase de recesso forense, aconselha-se aos passageiros de t\u00e1xi que pe\u00e7am recibo, com a identifica\u00e7\u00e3o do ve\u00edculo (placa\/motorista), do hor\u00e1rio da corrida e da bandeira cobrada, para posterior ressarcimento em ju\u00edzo. C\u00f3pias dos recibos poder\u00e3o ser entregues no Minist\u00e9rio P\u00fablico, na Avenida Lomanto Junior, 50, Pontal, pois ser\u00e3o prova documental na a\u00e7\u00e3o.<br \/>\nFoi pedida a condena\u00e7\u00e3o em R$ 100.000,00 do Munic\u00edpio de Ilh\u00e9us, para reembolsar o dano material e moral causado aos passageiros, surpreendidos com ato administrativo sem motiva\u00e7\u00e3o e finalidade p\u00fablica, no entendimento do Minist\u00e9rio P\u00fablico, al\u00e9m de multa di\u00e1ria.<\/p>\n<p>Atenciosamente<\/p>\n<p>Karina Gomes Cherubini<br \/>\nPromotora de Justi\u00e7a PLANTONISTA.<\/p>\n","protected":false},"excerpt":{"rendered":"<p>Sr. Rabat Por ser de utilidade p\u00fablica, solicito, se for poss\u00edvel, a divulga\u00e7\u00e3o atrav\u00e9s do R2CPRESS do aforamento de a\u00e7\u00e3o civil p\u00fablica em defesa dos consumidores pelo Minist\u00e9rio P\u00fablico da Bahia, contra o Munic\u00edpio de Ilh\u00e9us. Isto porque o Prefeito Municipal expediu o Decreto n\u00ba 119\/2010, publicado no Di\u00e1rio Oficial do dia 15-12-2010, autorizando todos [&hellip;]<\/p>\n","protected":false},"author":2,"featured_media":0,"comment_status":"open","ping_status":"open","sticky":false,"template":"","format":"standard","meta":{"_links_to":"","_links_to_target":""},"categories":[1],"tags":[],"_links":{"self":[{"href":"https:\/\/www.r2cpress.com.br\/v1\/wp-json\/wp\/v2\/posts\/5038"}],"collection":[{"href":"https:\/\/www.r2cpress.com.br\/v1\/wp-json\/wp\/v2\/posts"}],"about":[{"href":"https:\/\/www.r2cpress.com.br\/v1\/wp-json\/wp\/v2\/types\/post"}],"author":[{"embeddable":true,"href":"https:\/\/www.r2cpress.com.br\/v1\/wp-json\/wp\/v2\/users\/2"}],"replies":[{"embeddable":true,"href":"https:\/\/www.r2cpress.com.br\/v1\/wp-json\/wp\/v2\/comments?post=5038"}],"version-history":[{"count":2,"href":"https:\/\/www.r2cpress.com.br\/v1\/wp-json\/wp\/v2\/posts\/5038\/revisions"}],"predecessor-version":[{"id":5040,"href":"https:\/\/www.r2cpress.com.br\/v1\/wp-json\/wp\/v2\/posts\/5038\/revisions\/5040"}],"wp:attachment":[{"href":"https:\/\/www.r2cpress.com.br\/v1\/wp-json\/wp\/v2\/media?parent=5038"}],"wp:term":[{"taxonomy":"category","embeddable":true,"href":"https:\/\/www.r2cpress.com.br\/v1\/wp-json\/wp\/v2\/categories?post=5038"},{"taxonomy":"post_tag","embeddable":true,"href":"https:\/\/www.r2cpress.com.br\/v1\/wp-json\/wp\/v2\/tags?post=5038"}],"curies":[{"name":"wp","href":"https:\/\/api.w.org\/{rel}","templated":true}]}}