{"id":5071,"date":"2010-12-22T15:28:42","date_gmt":"2010-12-22T18:28:42","guid":{"rendered":"http:\/\/www.r2cpress.com.br\/v1\/?p=5071"},"modified":"2010-12-22T15:28:42","modified_gmt":"2010-12-22T18:28:42","slug":"oi-procon-pede-esclarecimentos-sobre-interrupcao-de-servicos","status":"publish","type":"post","link":"https:\/\/www.r2cpress.com.br\/v1\/2010\/12\/22\/oi-procon-pede-esclarecimentos-sobre-interrupcao-de-servicos\/","title":{"rendered":"Oi: Procon pede esclarecimentos sobre interrup\u00e7\u00e3o de servi\u00e7os"},"content":{"rendered":"<p><em><br \/>\n<strong>\u00d3rg\u00e3o diz que Oi deve manter os consumidores informados<\/strong><\/em><\/p>\n<p>O Procon-BA informou nesta quarta-feira (22) que solicitou \u00e0 Oi que preste informa\u00e7\u00f5es aos consumidores sobre a interrup\u00e7\u00e3o dos servi\u00e7os da empresa, ap\u00f3s um inc\u00eandio ter atingido uma central telef\u00f4nica da operadora na manh\u00e3 de ontem. Segundo o Procon, a empresa tem a obriga\u00e7\u00e3o de divulgar um prazo para restabelecimento total dos servi\u00e7os e qual ser\u00e1 sua postura em rela\u00e7\u00e3o ao pagamento das faturas do m\u00eas de dezembro.<\/p>\n<p>Segundo Cristiana Santos, superintendente do Procon-BA, o C\u00f3digo de Defesa do Consumidor determina que a informa\u00e7\u00e3o \u00e9 um direito do consumidor e que a Oi deve se manifestar para esclarecer a popula\u00e7\u00e3o. Ainda de acordo com a superintendente, a Oi n\u00e3o poder\u00e1 cobrar pelos servi\u00e7os n\u00e3o prestados durante o tempo que ficou indispon\u00edvel.<\/p>\n<p>Al\u00e9m dos clientes que usam telefones e internet da Oi, tamb\u00e9m foram afetados o com\u00e9rcio e as opera\u00e7\u00f5es banc\u00e1rias. Na noite de ontem, a Oi divulgou uma nota em que afirmava que s\u00f3 pode divulgar um prazo para restabelecimento dos servi\u00e7os depois que o pr\u00e9dio for liberado e os danos analisados por seus t\u00e9cnicos. O inc\u00eandio foi contido hoje.<\/p>\n<p>Reda\u00e7\u00e3o <a href = \"http:\/\/www.correio24horas.com.br\/noticias\/detalhes\/detalhes-1\/artigo\/oi-procon-pede-esclarecimentos-sobre-interrupcao-de-servicos\/\" target = \"_news\"><b>CORREIO DA BAHIA<\/b><\/a><\/p>\n","protected":false},"excerpt":{"rendered":"<p>\u00d3rg\u00e3o diz que Oi deve manter os consumidores informados O Procon-BA informou nesta quarta-feira (22) que solicitou \u00e0 Oi que preste informa\u00e7\u00f5es aos consumidores sobre a interrup\u00e7\u00e3o dos servi\u00e7os da empresa, ap\u00f3s um inc\u00eandio ter atingido uma central telef\u00f4nica da operadora na manh\u00e3 de ontem. Segundo o Procon, a empresa tem a obriga\u00e7\u00e3o de divulgar [&hellip;]<\/p>\n","protected":false},"author":2,"featured_media":0,"comment_status":"open","ping_status":"open","sticky":false,"template":"","format":"standard","meta":{"_links_to":"","_links_to_target":""},"categories":[13],"tags":[],"_links":{"self":[{"href":"https:\/\/www.r2cpress.com.br\/v1\/wp-json\/wp\/v2\/posts\/5071"}],"collection":[{"href":"https:\/\/www.r2cpress.com.br\/v1\/wp-json\/wp\/v2\/posts"}],"about":[{"href":"https:\/\/www.r2cpress.com.br\/v1\/wp-json\/wp\/v2\/types\/post"}],"author":[{"embeddable":true,"href":"https:\/\/www.r2cpress.com.br\/v1\/wp-json\/wp\/v2\/users\/2"}],"replies":[{"embeddable":true,"href":"https:\/\/www.r2cpress.com.br\/v1\/wp-json\/wp\/v2\/comments?post=5071"}],"version-history":[{"count":1,"href":"https:\/\/www.r2cpress.com.br\/v1\/wp-json\/wp\/v2\/posts\/5071\/revisions"}],"predecessor-version":[{"id":5072,"href":"https:\/\/www.r2cpress.com.br\/v1\/wp-json\/wp\/v2\/posts\/5071\/revisions\/5072"}],"wp:attachment":[{"href":"https:\/\/www.r2cpress.com.br\/v1\/wp-json\/wp\/v2\/media?parent=5071"}],"wp:term":[{"taxonomy":"category","embeddable":true,"href":"https:\/\/www.r2cpress.com.br\/v1\/wp-json\/wp\/v2\/categories?post=5071"},{"taxonomy":"post_tag","embeddable":true,"href":"https:\/\/www.r2cpress.com.br\/v1\/wp-json\/wp\/v2\/tags?post=5071"}],"curies":[{"name":"wp","href":"https:\/\/api.w.org\/{rel}","templated":true}]}}