{"id":5081,"date":"2010-12-22T22:57:53","date_gmt":"2010-12-23T01:57:53","guid":{"rendered":"http:\/\/www.r2cpress.com.br\/v1\/?p=5081"},"modified":"2010-12-22T22:57:53","modified_gmt":"2010-12-23T01:57:53","slug":"escalonamento-verticalacao-judicial","status":"publish","type":"post","link":"https:\/\/www.r2cpress.com.br\/v1\/2010\/12\/22\/escalonamento-verticalacao-judicial\/","title":{"rendered":"ESCALONAMENTO VERTICAL(A\u00c7\u00c3O JUDICIAL)"},"content":{"rendered":"<p>22 de Dezembro de 2010<\/p>\n<p>A <strong>For\u00e7a Invicta<\/strong> informa aos seus associados que j\u00e1 adotou as provid\u00eancias cab\u00edveis para ajuizamento de a\u00e7\u00e3o referente ao ESCALONAMENTO VERTICAL(LEI 3.803\/80). Logo ap\u00f3s o recesso do Poder Judici\u00e1rio, divulgaremos maiores detalhes. Aguardem e divulguem aos nossos colegas!!! <\/p>\n","protected":false},"excerpt":{"rendered":"<p>22 de Dezembro de 2010 A For\u00e7a Invicta informa aos seus associados que j\u00e1 adotou as provid\u00eancias cab\u00edveis para ajuizamento de a\u00e7\u00e3o referente ao ESCALONAMENTO VERTICAL(LEI 3.803\/80). Logo ap\u00f3s o recesso do Poder Judici\u00e1rio, divulgaremos maiores detalhes. Aguardem e divulguem aos nossos colegas!!!<\/p>\n","protected":false},"author":2,"featured_media":0,"comment_status":"open","ping_status":"open","sticky":false,"template":"","format":"standard","meta":{"_links_to":"","_links_to_target":""},"categories":[25],"tags":[],"_links":{"self":[{"href":"https:\/\/www.r2cpress.com.br\/v1\/wp-json\/wp\/v2\/posts\/5081"}],"collection":[{"href":"https:\/\/www.r2cpress.com.br\/v1\/wp-json\/wp\/v2\/posts"}],"about":[{"href":"https:\/\/www.r2cpress.com.br\/v1\/wp-json\/wp\/v2\/types\/post"}],"author":[{"embeddable":true,"href":"https:\/\/www.r2cpress.com.br\/v1\/wp-json\/wp\/v2\/users\/2"}],"replies":[{"embeddable":true,"href":"https:\/\/www.r2cpress.com.br\/v1\/wp-json\/wp\/v2\/comments?post=5081"}],"version-history":[{"count":2,"href":"https:\/\/www.r2cpress.com.br\/v1\/wp-json\/wp\/v2\/posts\/5081\/revisions"}],"predecessor-version":[{"id":5083,"href":"https:\/\/www.r2cpress.com.br\/v1\/wp-json\/wp\/v2\/posts\/5081\/revisions\/5083"}],"wp:attachment":[{"href":"https:\/\/www.r2cpress.com.br\/v1\/wp-json\/wp\/v2\/media?parent=5081"}],"wp:term":[{"taxonomy":"category","embeddable":true,"href":"https:\/\/www.r2cpress.com.br\/v1\/wp-json\/wp\/v2\/categories?post=5081"},{"taxonomy":"post_tag","embeddable":true,"href":"https:\/\/www.r2cpress.com.br\/v1\/wp-json\/wp\/v2\/tags?post=5081"}],"curies":[{"name":"wp","href":"https:\/\/api.w.org\/{rel}","templated":true}]}}