{"id":50916,"date":"2012-09-29T21:24:27","date_gmt":"2012-09-30T00:24:27","guid":{"rendered":"http:\/\/www.r2cpress.com.br\/v1\/?p=50916"},"modified":"2012-09-29T21:24:27","modified_gmt":"2012-09-30T00:24:27","slug":"hans-schaeppi-em-coluna-hotelaria-e-turismo-5","status":"publish","type":"post","link":"https:\/\/www.r2cpress.com.br\/v1\/2012\/09\/29\/hans-schaeppi-em-coluna-hotelaria-e-turismo-5\/","title":{"rendered":"Hans Schaeppi em: Coluna HOTELARIA E TURISMO"},"content":{"rendered":"<p style=\"text-align: justify;\" align=\"center\"><em><strong>por Hans\u00a0 Schaeppi<\/strong><\/em><\/p>\n<div style=\"width: 249px\" class=\"wp-caption alignleft\"><img loading=\"lazy\" title=\"Hans  Schaeppi\" src=\"http:\/\/www.r2cpress.com.br\/v1\/wp-content\/uploads\/Hans-Schaeppi_.jpg\" alt=\"Hans  Schaeppi\" width=\"239\" height=\"318\" \/><p class=\"wp-caption-text\">Hans Schaeppi<\/p><\/div>\n<p align=\"center\"><strong>LINDA, MAS&#8230;<\/strong><\/p>\n<p>\u00a0\u00a0\u00a0\u00a0\u00a0\u00a0 Durante mais de 20 anos, esse \u201cmas&#8230;\u201d vem nos machucando e a quem ama esta cidade de Ilh\u00e9us. Foram centenas de turistas que estiveram em nosso Ilh\u00e9us Praia Hotel nesse per\u00edodo, vindos de todas as partes, principalmente S\u00e3o Paulo, Rio, Goi\u00e2nia e Salvador, que, quando pergunt\u00e1vamos: \u201ce ent\u00e3o, gostaram de nossa cidade?\u201d, a resposta era, e ainda \u00e9: \u201cSua cidade <strong>\u00e9 linda<\/strong>, <strong>mas&#8230; <\/strong><span style=\"text-decoration: underline;\">\u00e9 mal vestida\u201d<\/span>. \u00a0O dever de casa mal feito, n\u00e3o \u00e9 de agora. Durante esses anos todos, o \u201cdever de casa\u201d n\u00e3o vem sendo executado corretamente, como exige uma cidade tur\u00edstica, que para ser boa para o turista tem de ser boa tamb\u00e9m para o cidad\u00e3o. A limpeza de ruas, pra\u00e7as e praias; os buracos e a ilumina\u00e7\u00e3o podem n\u00e3o ser coisas simples, mas s\u00e3o essenciais. Vamos rezar para chegar o dia em que respondam: \u201dsua cidade \u00e9 linda&#8230; e sem defeitos!\u201d.<\/p>\n<p align=\"center\"><strong>DIA MUNDIAL DO TURISMO<\/strong><\/p>\n<p>\u00a0\u00a0\u00a0 No dia 27, passado, quinta-feira, foi comemorado mundialmente, o Dia Mundial do Turismo, institu\u00eddo pela OMT (Organiza\u00e7\u00e3o Mundial do Turismo), em 1976. Em Salvador, o governo do estado atrav\u00e9s a Secretaria de Turismo\/Bahiatursa, como em outros anos, deve ter assinado algum benef\u00edcio para a RMS \u2013 Regi\u00e3o Metropolitana de Salvador. Tamb\u00e9m, como \u00e9 tradicional em todos os anos, a Gazeta de Turismo, realiza a festa do Catavento de Prata, conhecida como a \u201cNoite de Gala do Turismo Brasileiro\u201d, reunindo 30 jornalistas especializados em turismo e 350 convidados baianos e nacionais. Foram homenageados os melhores do Turismo no Brasil no \u00faltimo ano, divididos em 08 categorias e escolhidos por um j\u00fari especial formado por diretores e profissionais das v\u00e1rias categorias do Turismo.<\/p>\n<p align=\"center\"><strong>\u00a0\u00a0\u00a0\u00a0\u00a0\u00a0\u00a0\u00a0\u00a0\u00a0\u00a0 27 DOCES ANOS<\/strong><\/p>\n<p align=\"center\"><!--more--><\/p>\n<p>\u00a0\u00a0\u00a0\u00a0\u00a0\u00a0 No pr\u00f3ximo dia 05 de outubro, sexta-feira, a f\u00e1brica do Chocolate Caseiro Ilh\u00e9us, a primeira f\u00e1brica de chocolates da Bahia e do Nordeste do Brasil, completar\u00e1 27 anos de atividades ininterruptas. Durante todo o m\u00eas de outubro, comemorar\u00e1 a data concedendo descontos especiais em todas as suas lojas, inclusive as de Salvador e Recife. A empresa tem recebido muitos pr\u00eamios, entre os quais o Pr\u00eamio Qualidade Brasil, recebido no Clube Monte L\u00edbano, em S\u00e3o Paulo. Tamb\u00e9m, participou com destaque no recente evento internacional realizado em Salvador, o <strong><em>Salon Du Chocolat. <\/em><\/strong>Sempre inovando, lan\u00e7ar\u00e1 nesse m\u00eas de anivers\u00e1rio, mais um produto, o tablete denominado \u201cCastanhas do Brasil\u201d, onde une dois produtos recomendados pela medicina: o chocolate amargo 70% cacau, com a Castanha do Par\u00e1.<\/p>\n<p align=\"center\"><strong>PRIMAVERA DE MUSEUS<\/strong><\/p>\n<p>\u00a0\u00a0\u00a0\u00a0\u00a0 O N\u00facleo de Articula\u00e7\u00e3o Territorial de Museus da Regi\u00e3o, em conjunto com a Funda\u00e7\u00e3o Cultural de Ilh\u00e9us, realiza nesta semana, indo at\u00e9 o domingo, dia 30, a 6\u00aa Primavera dos Museus. A abertura se deu na segunda-feira passada, 24, no Teatro Municipal de Ilh\u00e9us com a Mesa Redonda \u201cIlh\u00e9us, Hist\u00f3ria e Mem\u00f3ria\u201d, tendo como mediador o presidente da Fundaci, Maur\u00edcio Corso, e quatro palestrantes: o acad\u00eamico Andr\u00e9 Rosa, historiador e coordenador do Centro de Documenta\u00e7\u00e3o e Mem\u00f3ria Regional da UESC, representando tamb\u00e9m o Museu do Cacau, que ressaltou a import\u00e2ncia da preserva\u00e7\u00e3o de documentos hist\u00f3ricos; Ant\u00f4nio Ol\u00edmpio, presidente da Maramata, comentou sobre o papel dos museus na sociedade; Jos\u00e9 Nazal, historiador e fot\u00f3grafo destacou o seu trabalho de pesquisa e preserva\u00e7\u00e3o da mem\u00f3ria iconogr\u00e1fica de Ilh\u00e9us; e por fim falou Marinho Rodrigues sobre a hist\u00f3ria e e mem\u00f3ria da matriz africana em Ilh\u00e9us. Tamb\u00e9m a diretora do Museu da Piedade, Anarleide Andrade falou sobre os museus da cidade e regi\u00e3o.<\/p>\n<p align=\"center\"><strong>PORTO SUL<\/strong><\/p>\n<p>\u00a0\u00a0\u00a0\u00a0\u00a0\u00a0 N\u00e3o d\u00e1 para entender a demora na libera\u00e7\u00e3o do projeto do terminal privativo de embarque de min\u00e9rio da Bamin, e do Porto Sul propriamente dito, estadual, destinado a exportar cerca de R$ 100 milh\u00f5es\/ano de produtos como soja, milho, algod\u00e3o, carv\u00e3o, etanol, al\u00e9m de min\u00e9rios como o n\u00edquel, bauxita, salgema, ouro, grafita e prata, min\u00e9rios existentes no territ\u00f3rio baiano, podendo agregar outros produtos oriundos de Minas Gerais. O terminal privativo da Bamin, poder\u00e1 exportar al\u00e9m das 20 toneladas\/ano de sua mina Pedra de Ferro, em Caetet\u00e9, min\u00e9rios de outras mineradoras interessadas, como a do grupo Votorantim com min\u00e9rio vindo de Minas Gerais e da australiana Cabral Resources, de sua mina em Brumado. Face aos benef\u00edcios que trar\u00e1 para a Regi\u00e3o, a implanta\u00e7\u00e3o do Porto Sul, em termos de cria\u00e7\u00e3o\u00a0 de m\u00e3o de obra, impostos, e crescimento da regi\u00e3o, n\u00e3o d\u00e1 mesmo para entender, essa demora. Chega a dar saudades de uma Ditadura (que Deus nos livre!).<\/p>\n<p align=\"center\"><strong>B I T S\u00a0 &#8211;\u00a0 T U R<\/strong><\/p>\n<p>Este s\u00e1bado e o domingo (27 e 28), \u00faltimos dias para assistir no Teatro Municipal de Ilh\u00e9us a com\u00e9dia imperd\u00edvel, \u201cA Bofetada\u201d &gt;&gt;&gt; Vem a\u00ed a 40\u00aa feira de Turismo das Am\u00e9ricas no Congresso da ABAV, no rio de Janeiro. Pelo que soubemos, a secretaria Municipal de Turismo n\u00e3o est\u00e1 preparada para divulgar de maneira eficiente, o Turismo de Ilh\u00e9us e seus roteiros. *** Fica a responsabilidade para o Convention Bureau e a ATIL *** A Feira acontece nos dias 24 a 26 de outubro, ou seja, daqui a menos de 30 dias&#8230; *** A previs\u00e3o\u00a0 \u00e9 de que a Feira receba 25 mil visitantes..*** Na Casa dos Artistas hoje \u00e9 dia de \u201cS\u00e1bado Sim\u201d *** E como em todos os s\u00e1bados, a Turma da RM se re\u00fane na Barrak\u00edtica, a partir do meio-dia<\/p>\n","protected":false},"excerpt":{"rendered":"<p>por Hans\u00a0 Schaeppi LINDA, MAS&#8230; \u00a0\u00a0\u00a0\u00a0\u00a0\u00a0 Durante mais de 20 anos, esse \u201cmas&#8230;\u201d vem nos machucando e a quem ama esta cidade de Ilh\u00e9us. Foram centenas de turistas que estiveram em nosso Ilh\u00e9us Praia Hotel nesse per\u00edodo, vindos de todas as partes, principalmente S\u00e3o Paulo, Rio, Goi\u00e2nia e Salvador, que, quando pergunt\u00e1vamos: \u201ce ent\u00e3o, gostaram [&hellip;]<\/p>\n","protected":false},"author":2,"featured_media":0,"comment_status":"open","ping_status":"open","sticky":false,"template":"","format":"standard","meta":{"_links_to":"","_links_to_target":""},"categories":[27],"tags":[],"_links":{"self":[{"href":"https:\/\/www.r2cpress.com.br\/v1\/wp-json\/wp\/v2\/posts\/50916"}],"collection":[{"href":"https:\/\/www.r2cpress.com.br\/v1\/wp-json\/wp\/v2\/posts"}],"about":[{"href":"https:\/\/www.r2cpress.com.br\/v1\/wp-json\/wp\/v2\/types\/post"}],"author":[{"embeddable":true,"href":"https:\/\/www.r2cpress.com.br\/v1\/wp-json\/wp\/v2\/users\/2"}],"replies":[{"embeddable":true,"href":"https:\/\/www.r2cpress.com.br\/v1\/wp-json\/wp\/v2\/comments?post=50916"}],"version-history":[{"count":3,"href":"https:\/\/www.r2cpress.com.br\/v1\/wp-json\/wp\/v2\/posts\/50916\/revisions"}],"predecessor-version":[{"id":50919,"href":"https:\/\/www.r2cpress.com.br\/v1\/wp-json\/wp\/v2\/posts\/50916\/revisions\/50919"}],"wp:attachment":[{"href":"https:\/\/www.r2cpress.com.br\/v1\/wp-json\/wp\/v2\/media?parent=50916"}],"wp:term":[{"taxonomy":"category","embeddable":true,"href":"https:\/\/www.r2cpress.com.br\/v1\/wp-json\/wp\/v2\/categories?post=50916"},{"taxonomy":"post_tag","embeddable":true,"href":"https:\/\/www.r2cpress.com.br\/v1\/wp-json\/wp\/v2\/tags?post=50916"}],"curies":[{"name":"wp","href":"https:\/\/api.w.org\/{rel}","templated":true}]}}