{"id":50936,"date":"2012-09-30T18:09:25","date_gmt":"2012-09-30T21:09:25","guid":{"rendered":"http:\/\/www.r2cpress.com.br\/v1\/?p=50936"},"modified":"2012-09-30T18:09:25","modified_gmt":"2012-09-30T21:09:25","slug":"recado-para-o-secretario-benilson-veloso","status":"publish","type":"post","link":"https:\/\/www.r2cpress.com.br\/v1\/2012\/09\/30\/recado-para-o-secretario-benilson-veloso\/","title":{"rendered":"RECADO PARA O SECRET\u00c1RIO BENILSON VELOSO"},"content":{"rendered":"<p><img loading=\"lazy\" alt=\"\" src=\"http:\/\/www.r2cpress.com.br\/v1\/wp-content\/uploads\/zecarlos-r2cpress_reduzida.jpg\" class=\"alignright\" width=\"300\" height=\"207\" \/>Sr. Secret\u00e1rio!<br \/>\nComo vosmic\u00ea bem \u00e9 sabedor, o principal corredor de acesso \u00e0 Zona Sul, \u00e9 \u00fanico e com um intenso tr\u00e1fego de ve\u00edculos.<br \/>\nQuero aproveitar a oportunidade e pedir ao nobre secret\u00e1rio que d\u00ea uma aten\u00e7\u00e3o \u00e0s pistas sentido Centro\/Pontal e que tem in\u00edcio no antigo Caf\u00e9 Polar at\u00e9 a cabeceira da ponte, pois o piso asf\u00e1ltico est\u00e1 necessitando de urgente recapeamento.<br \/>\nAp\u00f3s a travessia da ponte a situa\u00e7\u00e3o continua at\u00e9 as imedia\u00e7\u00f5es da descida para o Bar China\u00ea.<br \/>\nEm vista de ser o que restou para o dif\u00edcil acesso \u00e0 Zona Sul, acredito que uma medida de recapeamento facilitaria o fluxo dos ve\u00edculos, pois o perigo que se apresenta \u00e9 nas manobras para livrar os carros dos buracos e altera\u00e7\u00f5es no asfalto.<br \/>\nAh! Queria tamb\u00e9m fazer um apelo ao senhor para que os servi\u00e7os de faxina que come\u00e7aram na orla do Pontal tenham come\u00e7o, meio e fim, uma estrutura planejada e organizada, evitando deixar por dias os entulhos expostos e causando perigo ao tr\u00e1fego.<br \/>\nN\u00e3o adianta o pessoal trabalhar o dia inteiro e o resultado do trabalho n\u00e3o surtir o efeito desejado, torna-se um servi\u00e7o de pouca qualidade.<br \/>\nPortanto, limpou, tirou imediatamente todo o entulho.<br \/>\nSucesso na sua empreitada de tentar arrumar a cidade para a temporada de ver\u00e3o.<br \/>\n<b>Z\u00c9CARLOS JUNIOR<\/b><\/p>\n","protected":false},"excerpt":{"rendered":"<p>Sr. Secret\u00e1rio! Como vosmic\u00ea bem \u00e9 sabedor, o principal corredor de acesso \u00e0 Zona Sul, \u00e9 \u00fanico e com um intenso tr\u00e1fego de ve\u00edculos. Quero aproveitar a oportunidade e pedir ao nobre secret\u00e1rio que d\u00ea uma aten\u00e7\u00e3o \u00e0s pistas sentido Centro\/Pontal e que tem in\u00edcio no antigo Caf\u00e9 Polar at\u00e9 a cabeceira da ponte, pois [&hellip;]<\/p>\n","protected":false},"author":2,"featured_media":0,"comment_status":"open","ping_status":"open","sticky":false,"template":"","format":"standard","meta":{"_links_to":"","_links_to_target":""},"categories":[10],"tags":[],"_links":{"self":[{"href":"https:\/\/www.r2cpress.com.br\/v1\/wp-json\/wp\/v2\/posts\/50936"}],"collection":[{"href":"https:\/\/www.r2cpress.com.br\/v1\/wp-json\/wp\/v2\/posts"}],"about":[{"href":"https:\/\/www.r2cpress.com.br\/v1\/wp-json\/wp\/v2\/types\/post"}],"author":[{"embeddable":true,"href":"https:\/\/www.r2cpress.com.br\/v1\/wp-json\/wp\/v2\/users\/2"}],"replies":[{"embeddable":true,"href":"https:\/\/www.r2cpress.com.br\/v1\/wp-json\/wp\/v2\/comments?post=50936"}],"version-history":[{"count":2,"href":"https:\/\/www.r2cpress.com.br\/v1\/wp-json\/wp\/v2\/posts\/50936\/revisions"}],"predecessor-version":[{"id":50938,"href":"https:\/\/www.r2cpress.com.br\/v1\/wp-json\/wp\/v2\/posts\/50936\/revisions\/50938"}],"wp:attachment":[{"href":"https:\/\/www.r2cpress.com.br\/v1\/wp-json\/wp\/v2\/media?parent=50936"}],"wp:term":[{"taxonomy":"category","embeddable":true,"href":"https:\/\/www.r2cpress.com.br\/v1\/wp-json\/wp\/v2\/categories?post=50936"},{"taxonomy":"post_tag","embeddable":true,"href":"https:\/\/www.r2cpress.com.br\/v1\/wp-json\/wp\/v2\/tags?post=50936"}],"curies":[{"name":"wp","href":"https:\/\/api.w.org\/{rel}","templated":true}]}}