{"id":5096,"date":"2010-12-23T07:44:01","date_gmt":"2010-12-23T10:44:01","guid":{"rendered":"http:\/\/www.r2cpress.com.br\/v1\/?p=5096"},"modified":"2010-12-23T07:47:47","modified_gmt":"2010-12-23T10:47:47","slug":"cantata-de-natal-da-igreja-batista-lindinopolis","status":"publish","type":"post","link":"https:\/\/www.r2cpress.com.br\/v1\/2010\/12\/23\/cantata-de-natal-da-igreja-batista-lindinopolis\/","title":{"rendered":"Cantata de Natal da Igreja Batista Lindin\u00f3polis"},"content":{"rendered":"<p>Igreja Batista Lindin\u00f3polis<br \/>\nAvenida Luis Viana Filho, 281, Alto da Conquista<br \/>\nInformativo \u00e0 Imprensa<\/p>\n<p><strong>C O N V I T E<\/strong><\/p>\n<p>\tAtrav\u00e9s do presente, convidamos o (a) querido (a) amigo (a) para assistir \u00e0 Cantata de Natal da Igreja Batista Lindin\u00f3polis (IBL), sediada no alto da Conquista, em Ilh\u00e9us, que ser\u00e1 apresentada neste s\u00e1bado (25), durante culto previsto para come\u00e7ar \u00e0s 19 horas. Com o tema central \u201cCantata de Natal: Tempo de Renovar a Esperan\u00e7a\u201d, a montagem ser\u00e1 composta por oito can\u00e7\u00f5es, interpretadas pelos 35 integrantes do Lindcoral. Al\u00e9m da tradicional Cantata de Natal, o culto contar\u00e1 ainda com a presen\u00e7a do grupo de louvor, a participa\u00e7\u00e3o do grupo de teatro da igreja, coreografias, inspira\u00e7\u00f5es musicais e a reflex\u00e3o do Pastor Pedro Chagas.<br \/>\n<center><a href=\"http:\/\/www.r2cpress.com.br\/v1\/wp-content\/uploads\/Foto-Clodoaldo-Ribeiro-1.jpg\"><img loading=\"lazy\" src=\"http:\/\/www.r2cpress.com.br\/v1\/wp-content\/uploads\/Foto-Clodoaldo-Ribeiro-1-300x200.jpg\" alt=\"\" title=\"Foto Clodoaldo Ribeiro (1)\" width=\"300\" height=\"200\" class=\"alignnone size-medium wp-image-5100\" srcset=\"https:\/\/www.r2cpress.com.br\/v1\/wp-content\/uploads\/Foto-Clodoaldo-Ribeiro-1-300x200.jpg 300w, https:\/\/www.r2cpress.com.br\/v1\/wp-content\/uploads\/Foto-Clodoaldo-Ribeiro-1.jpg 700w\" sizes=\"(max-width: 300px) 100vw, 300px\" \/><\/a><\/center><\/p>\n<p>Sua presen\u00e7a e a de todos os seus familiares ser\u00e1 fundamental para engrandecermos ainda mais este belo culto ao nosso querido Deus.<\/p>\n","protected":false},"excerpt":{"rendered":"<p>Igreja Batista Lindin\u00f3polis Avenida Luis Viana Filho, 281, Alto da Conquista Informativo \u00e0 Imprensa C O N V I T E Atrav\u00e9s do presente, convidamos o (a) querido (a) amigo (a) para assistir \u00e0 Cantata de Natal da Igreja Batista Lindin\u00f3polis (IBL), sediada no alto da Conquista, em Ilh\u00e9us, que ser\u00e1 apresentada neste s\u00e1bado (25), [&hellip;]<\/p>\n","protected":false},"author":2,"featured_media":0,"comment_status":"open","ping_status":"open","sticky":false,"template":"","format":"standard","meta":{"_links_to":"","_links_to_target":""},"categories":[28],"tags":[],"_links":{"self":[{"href":"https:\/\/www.r2cpress.com.br\/v1\/wp-json\/wp\/v2\/posts\/5096"}],"collection":[{"href":"https:\/\/www.r2cpress.com.br\/v1\/wp-json\/wp\/v2\/posts"}],"about":[{"href":"https:\/\/www.r2cpress.com.br\/v1\/wp-json\/wp\/v2\/types\/post"}],"author":[{"embeddable":true,"href":"https:\/\/www.r2cpress.com.br\/v1\/wp-json\/wp\/v2\/users\/2"}],"replies":[{"embeddable":true,"href":"https:\/\/www.r2cpress.com.br\/v1\/wp-json\/wp\/v2\/comments?post=5096"}],"version-history":[{"count":6,"href":"https:\/\/www.r2cpress.com.br\/v1\/wp-json\/wp\/v2\/posts\/5096\/revisions"}],"predecessor-version":[{"id":5103,"href":"https:\/\/www.r2cpress.com.br\/v1\/wp-json\/wp\/v2\/posts\/5096\/revisions\/5103"}],"wp:attachment":[{"href":"https:\/\/www.r2cpress.com.br\/v1\/wp-json\/wp\/v2\/media?parent=5096"}],"wp:term":[{"taxonomy":"category","embeddable":true,"href":"https:\/\/www.r2cpress.com.br\/v1\/wp-json\/wp\/v2\/categories?post=5096"},{"taxonomy":"post_tag","embeddable":true,"href":"https:\/\/www.r2cpress.com.br\/v1\/wp-json\/wp\/v2\/tags?post=5096"}],"curies":[{"name":"wp","href":"https:\/\/api.w.org\/{rel}","templated":true}]}}