{"id":50989,"date":"2012-10-01T17:50:01","date_gmt":"2012-10-01T20:50:01","guid":{"rendered":"http:\/\/www.r2cpress.com.br\/v1\/?p=50989"},"modified":"2012-10-01T17:50:01","modified_gmt":"2012-10-01T20:50:01","slug":"exposicao-bahia-pesca-e-mar-celebra-aniversario-da-bahia-pesca","status":"publish","type":"post","link":"https:\/\/www.r2cpress.com.br\/v1\/2012\/10\/01\/exposicao-bahia-pesca-e-mar-celebra-aniversario-da-bahia-pesca\/","title":{"rendered":"Exposi\u00e7\u00e3o \u201cBahia Pesca e Mar\u201d celebra anivers\u00e1rio da Bahia Pesca"},"content":{"rendered":"<p>Para comemorar seus 30 anos a Bahia Pesca,empresa vinculada \u00e0 Seagri, est\u00e1 realizando, at\u00e9 o dia 21 de outubro, no Pal\u00e1cio Rio Branco, a exposi\u00e7\u00e3o de fotografias \u201cBahia Pesca e Mar\u201d. A exposi\u00e7\u00e3o, que fica aberta ao p\u00fablico de ter\u00e7a a domingo, das 10h \u00e0s 17h, foi inaugurada no dia 28 de setembro.<\/p>\n<div id=\"attachment_50990\" style=\"width: 560px\" class=\"wp-caption aligncenter\"><a href=\"http:\/\/www.r2cpress.com.br\/v1\/wp-content\/uploads\/bahia-pesca-30-anos.jpg\"><img aria-describedby=\"caption-attachment-50990\" loading=\"lazy\" class=\"size-full wp-image-50990\" title=\"bahia pesca 30 anos\" src=\"http:\/\/www.r2cpress.com.br\/v1\/wp-content\/uploads\/bahia-pesca-30-anos.jpg\" alt=\"\" width=\"550\" height=\"367\" srcset=\"https:\/\/www.r2cpress.com.br\/v1\/wp-content\/uploads\/bahia-pesca-30-anos.jpg 550w, https:\/\/www.r2cpress.com.br\/v1\/wp-content\/uploads\/bahia-pesca-30-anos-300x200.jpg 300w\" sizes=\"(max-width: 550px) 100vw, 550px\" \/><\/a><p id=\"caption-attachment-50990\" class=\"wp-caption-text\">BAHIA PESCA &#8211; 30 ANOS<\/p><\/div>\n<p>A abertura da mostra fez parte das comemora\u00e7\u00f5es do anivers\u00e1rio da institui\u00e7\u00e3o e contou com show especial da camerata Bahia Cordas, formada por m\u00fasicos da Orquestra Sinf\u00f4nica da Bahia; al\u00e9m de lan\u00e7amento do novo site e da revista da Bahia Pesca. No evento, o funcion\u00e1rio Antonio\u00a0 Jorge Fonseca Rebou\u00e7as foi homenageado e recebeu uma placa das m\u00e3os do presidente da Bahia Pesca Isaac Albagli. \u201cEle \u00e9 um funcion\u00e1rio exemplar pela sua compet\u00eancia e dedica\u00e7\u00e3o\u201d, enfatizou.<\/p>\n<p>\u201cNosso estado \u00e9 o terceiro maior produtor de pescado do pa\u00eds. Esta posi\u00e7\u00e3o de destaque se deve, em grande parte, ao trabalho que a Bahia Pesca vem realizando nestes 30 anos\u201d, afirmou o presidente da institui\u00e7\u00e3o,durante o evento. O governador do estado, Jaques Wagner, foi representado pelo seu chefe de gabinete Edmon Lucas.<\/p>\n<p>De acordo com o diretor t\u00e9cnico da Bahia Pesca, Jorge Figueiredo, \u201ca festa celebrou n\u00e3o apenas o anivers\u00e1rio da empresa, mas tamb\u00e9m o trabalho dos milhares de pescadores e marisqueiras baianas que vivem do mar\u201d. Durante a festa a Bahia Pesca apresentou ainda as a\u00e7\u00f5es mais recentes da empresa, como as constru\u00e7\u00f5es do Centro Vocacional Tecnol\u00f3gico do Pescado e dos dois primeiros terminais pesqueiros da Bahia, e a reforma e amplia\u00e7\u00e3o da Esta\u00e7\u00e3o de Piscicultura Cai\u00e7ara II em Paulo Afonso.<\/p>\n<p>\u201cEste tem sido um ano muito especial para a pesca e aquicultura no estado. E vamos encerr\u00e1-lo de maneira especial, com a realiza\u00e7\u00e3o em novembro da Aquapescabrasil, a maior feira do g\u00eanero no pa\u00eds. S\u00e3o muitos motivos para celebrar\u201d, conta Jorge Figueiredo.<\/p>\n","protected":false},"excerpt":{"rendered":"<p>Para comemorar seus 30 anos a Bahia Pesca,empresa vinculada \u00e0 Seagri, est\u00e1 realizando, at\u00e9 o dia 21 de outubro, no Pal\u00e1cio Rio Branco, a exposi\u00e7\u00e3o de fotografias \u201cBahia Pesca e Mar\u201d. A exposi\u00e7\u00e3o, que fica aberta ao p\u00fablico de ter\u00e7a a domingo, das 10h \u00e0s 17h, foi inaugurada no dia 28 de setembro. A abertura [&hellip;]<\/p>\n","protected":false},"author":2,"featured_media":0,"comment_status":"open","ping_status":"open","sticky":false,"template":"","format":"standard","meta":{"_links_to":"","_links_to_target":""},"categories":[29],"tags":[],"_links":{"self":[{"href":"https:\/\/www.r2cpress.com.br\/v1\/wp-json\/wp\/v2\/posts\/50989"}],"collection":[{"href":"https:\/\/www.r2cpress.com.br\/v1\/wp-json\/wp\/v2\/posts"}],"about":[{"href":"https:\/\/www.r2cpress.com.br\/v1\/wp-json\/wp\/v2\/types\/post"}],"author":[{"embeddable":true,"href":"https:\/\/www.r2cpress.com.br\/v1\/wp-json\/wp\/v2\/users\/2"}],"replies":[{"embeddable":true,"href":"https:\/\/www.r2cpress.com.br\/v1\/wp-json\/wp\/v2\/comments?post=50989"}],"version-history":[{"count":3,"href":"https:\/\/www.r2cpress.com.br\/v1\/wp-json\/wp\/v2\/posts\/50989\/revisions"}],"predecessor-version":[{"id":50993,"href":"https:\/\/www.r2cpress.com.br\/v1\/wp-json\/wp\/v2\/posts\/50989\/revisions\/50993"}],"wp:attachment":[{"href":"https:\/\/www.r2cpress.com.br\/v1\/wp-json\/wp\/v2\/media?parent=50989"}],"wp:term":[{"taxonomy":"category","embeddable":true,"href":"https:\/\/www.r2cpress.com.br\/v1\/wp-json\/wp\/v2\/categories?post=50989"},{"taxonomy":"post_tag","embeddable":true,"href":"https:\/\/www.r2cpress.com.br\/v1\/wp-json\/wp\/v2\/tags?post=50989"}],"curies":[{"name":"wp","href":"https:\/\/api.w.org\/{rel}","templated":true}]}}