{"id":51070,"date":"2012-10-02T14:23:58","date_gmt":"2012-10-02T17:23:58","guid":{"rendered":"http:\/\/www.r2cpress.com.br\/v1\/?p=51070"},"modified":"2012-10-02T14:23:58","modified_gmt":"2012-10-02T17:23:58","slug":"professores-das-universidades-estaduais-da-bahia-reivindicam-melhores-salarios","status":"publish","type":"post","link":"https:\/\/www.r2cpress.com.br\/v1\/2012\/10\/02\/professores-das-universidades-estaduais-da-bahia-reivindicam-melhores-salarios\/","title":{"rendered":"Professores das Universidades Estaduais da Bahia reivindicam melhores sal\u00e1rios"},"content":{"rendered":"<div>Os sal\u00e1rios dos professores das Universidades Estaduais Baianas (UEBA) s\u00e3o os piores entre as Universidades estaduais do Nordeste, mesmo tendo a Bahia o maior Produto Interno Bruto (PIB) da regi\u00e3o.<\/div>\n<div><\/div>\n<div>No intuito de refor\u00e7ar a mobiliza\u00e7\u00e3o da categoria por melhores condi\u00e7\u00f5es de trabalho na defesa da qualidade do ensino p\u00fablico, os docentes iniciaram a campanha salarial 2012.<\/div>\n<div><\/div>\n<div>A pauta de reivindica\u00e7\u00f5es foi protocolada pelo F\u00f3rum das Associa\u00e7\u00f5es de Docentes das Universidades Estaduais da Bahia (F\u00f3rum das ADs) no dia <strong>14 <\/strong>de junho deste ano, na Secretaria da Educa\u00e7\u00e3o (SEC), Casa Civil, Governadoria e Secretaria da Administra\u00e7\u00e3o do Estado da Bahia (SAEB).<\/div>\n<div><\/div>\n<div>Os docentes reivindicam reajuste salarial de 28%, o que levaria a uma equipara\u00e7\u00e3o com a remunera\u00e7\u00e3o dos docentes das estaduais do Cear\u00e1, atualmente com o melhor sal\u00e1rio do Nordeste.<\/div>\n<div><\/div>\n<div>Al\u00e9m disso, consta na pauta de reivindica\u00e7\u00f5es a revoga\u00e7\u00e3o da Lei 7176\/97, que fere a autonomia universit\u00e1ria, e a subvincula\u00e7\u00e3o de, no m\u00ednimo, 7% da Receita L\u00edquida de Impostos (RLI) como um importante par\u00e2metro para a sustentabilidade financeira das UEBA. O percentual deve ser revisado a cada dois anos, com or\u00e7amento superior aos executados nos anos anteriores.<\/div>\n<div><\/div>\n<div><strong>Agenda de atividades<\/strong><\/div>\n<div><!--more--><\/div>\n<div>Em 9 de outubro, data que marca o <strong>Dia Estadual de Luta<\/strong>, as ADs realizar\u00e3o manifesta\u00e7\u00f5es nos campi no turno matutino, e assembleias pela tarde para avaliar o calend\u00e1rio de mobiliza\u00e7\u00e3o, indicado pelo F\u00f3rum das ADs, que prev\u00ea paralisa\u00e7\u00f5es das atividades acad\u00eamicas e Atos P\u00fablicos unificados, em outubro e novembro.<\/div>\n<div><strong><br \/>\n<\/strong><\/div>\n<div><strong>O c\u00e1lculo do reajuste:<\/strong><\/div>\n<div>A campanha salarial 2012 considerou o estudo desenvolvido pelo Departamento de Estudos S\u00f3cio-Econ\u00f4micos (DIEESE), que fez um levantamento das perdas salarias dos docentes nos \u00faltimos 21 anos, revelando que a remunera\u00e7\u00e3o dos professores das universidades estaduais da Bahia atualmente representa apenas 47,20% do poder aquisitivo que a categoria possu\u00eda em 1990.<\/div>\n<div>A luta por 28% de reajuste, para equiparar os vencimentos dos docentes baianos com os sal\u00e1rios pagos aos docentes das estaduais do Cear\u00e1, representa um pequeno avan\u00e7o no sentido de recompor parte desta perda.<\/div>\n<div><strong><br \/>\n<\/strong><\/div>\n<div><strong>Esclarecendo a sociedade<\/strong><\/div>\n<div>Cientes da necessidade de mostrar \u00e0 popula\u00e7\u00e3o baiana o descaso do governo Wagner com a Educa\u00e7\u00e3o Superior, haja vista as in\u00fameras solicita\u00e7\u00f5es de reuni\u00f5es protocoladas pelo F\u00f3rum das ADs, sem \u00eaxito, os representantes do Movimento Docente mostrar\u00e3o, por meio de uma nova Campanha de M\u00eddia \u2013 em forma da literatura de Cordel -, o atual cen\u00e1rio de sucateamento das universidades e o desrespeito do governo com os termos do acordo firmado com a categoria ao final da greve de 2011.<\/div>\n<p>O Movimento Docente e toda a comunidade acad\u00eamica esperam que, o governo cumpra com o prometido, receba o movimento, discuta a pauta de reivindica\u00e7\u00f5es e reverta o vergonhoso quadro salarial pago \u00e0 categoria.<\/p>\n","protected":false},"excerpt":{"rendered":"<p>Os sal\u00e1rios dos professores das Universidades Estaduais Baianas (UEBA) s\u00e3o os piores entre as Universidades estaduais do Nordeste, mesmo tendo a Bahia o maior Produto Interno Bruto (PIB) da regi\u00e3o. No intuito de refor\u00e7ar a mobiliza\u00e7\u00e3o da categoria por melhores condi\u00e7\u00f5es de trabalho na defesa da qualidade do ensino p\u00fablico, os docentes iniciaram a campanha [&hellip;]<\/p>\n","protected":false},"author":2,"featured_media":0,"comment_status":"open","ping_status":"open","sticky":false,"template":"","format":"standard","meta":{"_links_to":"","_links_to_target":""},"categories":[8],"tags":[],"_links":{"self":[{"href":"https:\/\/www.r2cpress.com.br\/v1\/wp-json\/wp\/v2\/posts\/51070"}],"collection":[{"href":"https:\/\/www.r2cpress.com.br\/v1\/wp-json\/wp\/v2\/posts"}],"about":[{"href":"https:\/\/www.r2cpress.com.br\/v1\/wp-json\/wp\/v2\/types\/post"}],"author":[{"embeddable":true,"href":"https:\/\/www.r2cpress.com.br\/v1\/wp-json\/wp\/v2\/users\/2"}],"replies":[{"embeddable":true,"href":"https:\/\/www.r2cpress.com.br\/v1\/wp-json\/wp\/v2\/comments?post=51070"}],"version-history":[{"count":3,"href":"https:\/\/www.r2cpress.com.br\/v1\/wp-json\/wp\/v2\/posts\/51070\/revisions"}],"predecessor-version":[{"id":51073,"href":"https:\/\/www.r2cpress.com.br\/v1\/wp-json\/wp\/v2\/posts\/51070\/revisions\/51073"}],"wp:attachment":[{"href":"https:\/\/www.r2cpress.com.br\/v1\/wp-json\/wp\/v2\/media?parent=51070"}],"wp:term":[{"taxonomy":"category","embeddable":true,"href":"https:\/\/www.r2cpress.com.br\/v1\/wp-json\/wp\/v2\/categories?post=51070"},{"taxonomy":"post_tag","embeddable":true,"href":"https:\/\/www.r2cpress.com.br\/v1\/wp-json\/wp\/v2\/tags?post=51070"}],"curies":[{"name":"wp","href":"https:\/\/api.w.org\/{rel}","templated":true}]}}