{"id":51082,"date":"2012-10-02T18:27:41","date_gmt":"2012-10-02T21:27:41","guid":{"rendered":"http:\/\/www.r2cpress.com.br\/v1\/?p=51082"},"modified":"2012-10-02T18:27:41","modified_gmt":"2012-10-02T21:27:41","slug":"prefeitura-municipal-de-ilheus-348","status":"publish","type":"post","link":"https:\/\/www.r2cpress.com.br\/v1\/2012\/10\/02\/prefeitura-municipal-de-ilheus-348\/","title":{"rendered":"Prefeitura Municipal de Ilh\u00e9us"},"content":{"rendered":"<p><center><strong>Servi\u00e7o do Samu de Ilh\u00e9us  ser\u00e1 suspenso nesta madrugada<\/strong><\/center><\/p>\n<p>A Secretaria Municipal da Sa\u00fade de Ilh\u00e9us informa que o Servi\u00e7o de Atendimento M\u00f3vel de Urg\u00eancia (SAMU) mudar\u00e1 as instala\u00e7\u00f5es de sua sede da avenida Itabuna para a avenida Litor\u00e2nea Norte no bairro do Malhado. <\/p>\n<p>Em virtude da mudan\u00e7a, o atendimento telef\u00f4nico atrav\u00e9s no n\u00famero 192 estar\u00e1 suspenso por aproximadamente 12 horas, a partir desta ter\u00e7a-feira (2). Segundo o diretor administrativo do SAMU, Edson Bastos, \u201ceste tempo \u00e9 apenas para realizar a instala\u00e7\u00e3o da linha telef\u00f4nico previs\u00e3o \u00e9 de que amanh\u00e3 pela manh\u00e3 o servi\u00e7o j\u00e1 esteja normalizado\u201d. <\/p>\n<p>Ele ainda salienta que haver\u00e1 equipes de plant\u00e3o tanto na sede da avenida Itabuna quanto no SAMU da zona sul, apenas as linhas telef\u00f4nicas n\u00e3o estar\u00e3o funcionando.<\/p>\n","protected":false},"excerpt":{"rendered":"<p>Servi\u00e7o do Samu de Ilh\u00e9us ser\u00e1 suspenso nesta madrugada A Secretaria Municipal da Sa\u00fade de Ilh\u00e9us informa que o Servi\u00e7o de Atendimento M\u00f3vel de Urg\u00eancia (SAMU) mudar\u00e1 as instala\u00e7\u00f5es de sua sede da avenida Itabuna para a avenida Litor\u00e2nea Norte no bairro do Malhado. Em virtude da mudan\u00e7a, o atendimento telef\u00f4nico atrav\u00e9s no n\u00famero 192 [&hellip;]<\/p>\n","protected":false},"author":2,"featured_media":0,"comment_status":"open","ping_status":"open","sticky":false,"template":"","format":"standard","meta":{"_links_to":"","_links_to_target":""},"categories":[23],"tags":[],"_links":{"self":[{"href":"https:\/\/www.r2cpress.com.br\/v1\/wp-json\/wp\/v2\/posts\/51082"}],"collection":[{"href":"https:\/\/www.r2cpress.com.br\/v1\/wp-json\/wp\/v2\/posts"}],"about":[{"href":"https:\/\/www.r2cpress.com.br\/v1\/wp-json\/wp\/v2\/types\/post"}],"author":[{"embeddable":true,"href":"https:\/\/www.r2cpress.com.br\/v1\/wp-json\/wp\/v2\/users\/2"}],"replies":[{"embeddable":true,"href":"https:\/\/www.r2cpress.com.br\/v1\/wp-json\/wp\/v2\/comments?post=51082"}],"version-history":[{"count":2,"href":"https:\/\/www.r2cpress.com.br\/v1\/wp-json\/wp\/v2\/posts\/51082\/revisions"}],"predecessor-version":[{"id":51084,"href":"https:\/\/www.r2cpress.com.br\/v1\/wp-json\/wp\/v2\/posts\/51082\/revisions\/51084"}],"wp:attachment":[{"href":"https:\/\/www.r2cpress.com.br\/v1\/wp-json\/wp\/v2\/media?parent=51082"}],"wp:term":[{"taxonomy":"category","embeddable":true,"href":"https:\/\/www.r2cpress.com.br\/v1\/wp-json\/wp\/v2\/categories?post=51082"},{"taxonomy":"post_tag","embeddable":true,"href":"https:\/\/www.r2cpress.com.br\/v1\/wp-json\/wp\/v2\/tags?post=51082"}],"curies":[{"name":"wp","href":"https:\/\/api.w.org\/{rel}","templated":true}]}}