{"id":51085,"date":"2012-10-02T19:30:21","date_gmt":"2012-10-02T22:30:21","guid":{"rendered":"http:\/\/www.r2cpress.com.br\/v1\/?p=51085"},"modified":"2012-10-03T07:07:13","modified_gmt":"2012-10-03T10:07:13","slug":"boletim-eletronico-da-agencia-camara-de-noticias-62","status":"publish","type":"post","link":"https:\/\/www.r2cpress.com.br\/v1\/2012\/10\/02\/boletim-eletronico-da-agencia-camara-de-noticias-62\/","title":{"rendered":"Boletim Eletr\u00f4nico da Ag\u00eancia C\u00e2mara de Not\u00edcias"},"content":{"rendered":"<p>&nbsp;<\/p>\n<table width=\"700\" border=\"0\" cellspacing=\"0\" cellpadding=\"0\" align=\"center\">\n<tbody>\n<tr>\n<td colspan=\"2\">\n<h2>Manchetes do dia<\/h2>\n<\/td>\n<\/tr>\n<tr>\n<td colspan=\"2\">\n<ul>\n<li><a title=\"\" href=\"http:\/\/www2.camara.gov.br\/agencia\/noticias\/POLITICA\/427103-VALDEMAR-DIZ-QUE-CONTINUA-DEPUTADO-E-VAI-RECORRER-A-OEA-CONTRA-CONDENACAO.html\" target=\"_blank\">Valdemar diz que continua deputado e vai recorrer \u00e0 OEA contra condena\u00e7\u00e3o<\/a><\/li>\n<li><a title=\"\" href=\"http:\/\/www2.camara.gov.br\/agencia\/noticias\/COMUNICACAO\/427063-CONSELHO-DE-COMUNICACAO-SOCIAL-PODERA-TER-SUAS-ATRIBUICOES-REDUZIDAS.html\" target=\"_blank\">Conselho de Comunica\u00e7\u00e3o Social poder\u00e1 ter suas atribui\u00e7\u00f5es reduzidas<\/a><\/li>\n<li><a title=\"\" href=\"http:\/\/www2.camara.gov.br\/agencia\/noticias\/SAUDE\/427078-CONGRESSO-TEM-ILUMINACAO-ROSA-EM-OUTUBRO-PARA-ALERTAR-SOBRE-CANCER-DE-MAMA.html\" target=\"_blank\">Congresso tem ilumina\u00e7\u00e3o rosa em outubro para alertar sobre c\u00e2ncer de mama<\/a><\/li>\n<li><a title=\"\" href=\"http:\/\/www2.camara.gov.br\/agencia\/noticias\/POLITICA\/427094-PROJETO-QUER-IMPEDIR-QUE-MINISTERIO-PUBLICO-SOLICITE-INVESTIGACAO-EM-ELEICOES.html\" target=\"_blank\">Projeto quer impedir que Minist\u00e9rio P\u00fablico solicite investiga\u00e7\u00e3o em elei\u00e7\u00f5es<\/a><\/li>\n<li><a title=\"\" href=\"http:\/\/www2.camara.gov.br\/agencia\/noticias\/CONSUMIDOR\/427097-TELEFONICAS-PODERAO-SER-OBRIGADAS-A-OFERECER-CARTILHAS-EXPLICATIVAS.html\" target=\"_blank\">Telef\u00f4nicas poder\u00e3o ser obrigadas a oferecer cartilhas explicativas<\/a><\/li>\n<\/ul>\n<\/td>\n<\/tr>\n<tr>\n<td colspan=\"2\"><\/td>\n<\/tr>\n<tr>\n<td colspan=\"2\">\n<table width=\"100%\" border=\"0\" cellspacing=\"0\" cellpadding=\"0\">\n<tbody>\n<tr>\n<td>\n<table width=\"100%\" border=\"0\" cellspacing=\"0\" cellpadding=\"0\">\n<tbody>\n<tr>\n<td rowspan=\"2\" valign=\"top\" width=\"70%\">\n<table width=\"100%\" border=\"0\" cellspacing=\"0\" cellpadding=\"0\">\n<tbody>\n<tr bgcolor=\"#FFFFFF\">\n<td>\n<h2>ADMINISTRA\u00c7\u00c3O P\u00daBLICA<\/h2>\n<\/td>\n<\/tr>\n<tr>\n<td>\n<ul>\n<li><a title=\"\" href=\"http:\/\/www2.camara.gov.br\/agencia\/noticias\/ADMINISTRACAO-PUBLICA\/427081-CONCURSO-PUBLICO-PARA-FORMACAO-DE-CADASTRO-RESERVA-PODERA-SER-RESTRINGIDO.html\" target=\"_blank\">Concurso p\u00fablico para forma\u00e7\u00e3o de cadastro reserva poder\u00e1 ser restringido<\/a><\/li>\n<li><a title=\"\" href=\"http:\/\/www2.camara.gov.br\/agencia\/noticias\/SAUDE\/427082-NIVEIS-DE-MERCURIO-EM-AREAS-DE-GARIMPO-PODERAO-SER-MONITORADOS.html\" target=\"_blank\">N\u00edveis de merc\u00fario em \u00e1reas de garimpo poder\u00e3o ser monitorados<\/a><\/li>\n<li><a title=\"\" href=\"http:\/\/www2.camara.gov.br\/agencia\/noticias\/ADMINISTRACAO-PUBLICA\/427083-PROJETO-TROCA-FUMO-POR-SAMAMBAIA-NAS-ARMAS-NACIONAIS.html\" target=\"_blank\">Projeto troca fumo por samambaia nas Armas Nacionais<\/a><\/li>\n<li><a title=\"\" href=\"http:\/\/www2.camara.gov.br\/agencia\/noticias\/ADMINISTRACAO-PUBLICA\/427085-PROJETO-REGULA-PUBLICIDADE-DE-PROGRAMAS-E-CAMPANHAS-DE-ORGAOS-PUBLICOS.html\" target=\"_blank\">Projeto regula publicidade de programas e campanhas de \u00f3rg\u00e3os p\u00fablicos<\/a><\/li>\n<li><a title=\"\" href=\"http:\/\/www2.camara.gov.br\/agencia\/noticias\/TRANSPORTE-E-TRANSITO\/427086-PROJETO-ISENTA-MORADORES-DE-PEDAGIO-EM-RODOVIAS-DE-SUAS-CIDADES.html\" target=\"_blank\">Projeto isenta moradores de ped\u00e1gio em rodovias de suas cidades<\/a><\/li>\n<li><a title=\"\" href=\"http:\/\/www2.camara.gov.br\/agencia\/noticias\/ADMINISTRACAO-PUBLICA\/427088-PROJETO-PREVE-DETENCAO-DE-ATE-UM-ANO-PARA-FRAUDADOR-DA-PREVIDENCIA-SOCIAL.html\" target=\"_blank\">Projeto prev\u00ea deten\u00e7\u00e3o de at\u00e9 um ano para fraudador da Previd\u00eancia Social<\/a><\/li>\n<li><a title=\"\" href=\"http:\/\/www2.camara.gov.br\/agencia\/noticias\/ADMINISTRACAO-PUBLICA\/427096-PROPOSTA-PREVE-CRIACAO-DE-72-CARGOS-NO-MINISTERIO-PUBLICO-DO-TRABALHO.html\" target=\"_blank\">Proposta prev\u00ea cria\u00e7\u00e3o de 72 cargos no Minist\u00e9rio P\u00fablico do Trabalho<\/a><\/li>\n<\/ul>\n<\/td>\n<\/tr>\n<tr bgcolor=\"#FFFFFF\">\n<td>\n<h2>COMUNICA\u00c7\u00c3O<\/h2>\n<\/td>\n<\/tr>\n<tr>\n<td>\n<ul>\n<li><a title=\"\" href=\"http:\/\/www2.camara.gov.br\/agencia\/noticias\/COMUNICACAO\/427053-PUBLICIDADE-DE-ENERGETICO-PODERA-SER-IGUALADA-A-DE-CIGARRO-E-ALCOOL.html\" target=\"_blank\">Publicidade de energ\u00e9tico poder\u00e1 ser igualada \u00e0 de cigarro e \u00e1lcool<\/a><\/li>\n<\/ul>\n<\/td>\n<\/tr>\n<tr bgcolor=\"#FFFFFF\">\n<td>\n<h2>CONSUMIDOR<\/h2>\n<\/td>\n<\/tr>\n<tr>\n<td>\n<ul>\n<li><a title=\"\" href=\"http:\/\/www2.camara.gov.br\/agencia\/noticias\/CONSUMIDOR\/427109-PROJETO-PROIBE-PRESCRICAO-DE-PONTOS-EM-PROGRAMAS-DE-FIDELIDADE.html\" target=\"_blank\">Projeto pro\u00edbe prescri\u00e7\u00e3o de pontos em programas de fidelidade<\/a><\/li>\n<\/ul>\n<\/td>\n<\/tr>\n<tr bgcolor=\"#FFFFFF\">\n<td>\n<h2>DIREITO E JUSTI\u00c7A<\/h2>\n<\/td>\n<\/tr>\n<tr>\n<td>\n<ul>\n<li><a title=\"\" href=\"http:\/\/www2.camara.gov.br\/agencia\/noticias\/DIREITO-E-JUSTICA\/427093-VITIMAS-PODEM-SER-INFORMADAS-DE-ABERTURA-DE-INQUERITO-E-ENVIO-DE-ACAO-A-JUSTICA.html\" target=\"_blank\">V\u00edtimas podem ser informadas de abertura de inqu\u00e9rito e envio de a\u00e7\u00e3o \u00e0 Justi\u00e7a<\/a><\/li>\n<\/ul>\n<\/td>\n<\/tr>\n<tr bgcolor=\"#FFFFFF\">\n<td>\n<h2>DIREITOS HUMANOS<\/h2>\n<\/td>\n<\/tr>\n<tr>\n<td>\n<ul>\n<li><a title=\"\" href=\"http:\/\/www2.camara.gov.br\/agencia\/noticias\/MEIO-AMBIENTE\/427111-PROJETO-TORNA-CRIME-SACRIFICIO-DE-ANIMAIS-EM-RITOS-RELIGIOSOS.html\" target=\"_blank\">Projeto torna crime sacrif\u00edcio de animais em ritos religiosos<\/a><\/li>\n<\/ul>\n<\/td>\n<\/tr>\n<\/tbody>\n<\/table>\n<\/td>\n<\/tr>\n<\/tbody>\n<\/table>\n<\/td>\n<\/tr>\n<\/tbody>\n<\/table>\n<\/td>\n<\/tr>\n<\/tbody>\n<\/table>\n","protected":false},"excerpt":{"rendered":"<p>&nbsp; Manchetes do dia Valdemar diz que continua deputado e vai recorrer \u00e0 OEA contra condena\u00e7\u00e3o Conselho de Comunica\u00e7\u00e3o Social poder\u00e1 ter suas atribui\u00e7\u00f5es reduzidas Congresso tem ilumina\u00e7\u00e3o rosa em outubro para alertar sobre c\u00e2ncer de mama Projeto quer impedir que Minist\u00e9rio P\u00fablico solicite investiga\u00e7\u00e3o em elei\u00e7\u00f5es Telef\u00f4nicas poder\u00e3o ser obrigadas a oferecer cartilhas explicativas [&hellip;]<\/p>\n","protected":false},"author":2,"featured_media":0,"comment_status":"open","ping_status":"open","sticky":false,"template":"","format":"standard","meta":{"_links_to":"","_links_to_target":""},"categories":[18],"tags":[],"_links":{"self":[{"href":"https:\/\/www.r2cpress.com.br\/v1\/wp-json\/wp\/v2\/posts\/51085"}],"collection":[{"href":"https:\/\/www.r2cpress.com.br\/v1\/wp-json\/wp\/v2\/posts"}],"about":[{"href":"https:\/\/www.r2cpress.com.br\/v1\/wp-json\/wp\/v2\/types\/post"}],"author":[{"embeddable":true,"href":"https:\/\/www.r2cpress.com.br\/v1\/wp-json\/wp\/v2\/users\/2"}],"replies":[{"embeddable":true,"href":"https:\/\/www.r2cpress.com.br\/v1\/wp-json\/wp\/v2\/comments?post=51085"}],"version-history":[{"count":2,"href":"https:\/\/www.r2cpress.com.br\/v1\/wp-json\/wp\/v2\/posts\/51085\/revisions"}],"predecessor-version":[{"id":51087,"href":"https:\/\/www.r2cpress.com.br\/v1\/wp-json\/wp\/v2\/posts\/51085\/revisions\/51087"}],"wp:attachment":[{"href":"https:\/\/www.r2cpress.com.br\/v1\/wp-json\/wp\/v2\/media?parent=51085"}],"wp:term":[{"taxonomy":"category","embeddable":true,"href":"https:\/\/www.r2cpress.com.br\/v1\/wp-json\/wp\/v2\/categories?post=51085"},{"taxonomy":"post_tag","embeddable":true,"href":"https:\/\/www.r2cpress.com.br\/v1\/wp-json\/wp\/v2\/tags?post=51085"}],"curies":[{"name":"wp","href":"https:\/\/api.w.org\/{rel}","templated":true}]}}