{"id":51139,"date":"2012-10-03T14:22:43","date_gmt":"2012-10-03T17:22:43","guid":{"rendered":"http:\/\/www.r2cpress.com.br\/v1\/?p=51139"},"modified":"2012-10-03T14:22:43","modified_gmt":"2012-10-03T17:22:43","slug":"prefeitura-municipal-de-ilheus-349","status":"publish","type":"post","link":"https:\/\/www.r2cpress.com.br\/v1\/2012\/10\/03\/prefeitura-municipal-de-ilheus-349\/","title":{"rendered":"Prefeitura  Municipal de Ilh\u00e9us"},"content":{"rendered":"<p><center><a href=\"http:\/\/www.r2cpress.com.br\/v1\/wp-content\/uploads\/MONT-CAPA-SITE-06-F2.jpg\"><img loading=\"lazy\" src=\"http:\/\/www.r2cpress.com.br\/v1\/wp-content\/uploads\/MONT-CAPA-SITE-06-F2.jpg\" alt=\"\" title=\"MONT CAPA SITE 06 F\" width=\"504\" height=\"504\" class=\"aligncenter size-full wp-image-51140\" srcset=\"https:\/\/www.r2cpress.com.br\/v1\/wp-content\/uploads\/MONT-CAPA-SITE-06-F2.jpg 504w, https:\/\/www.r2cpress.com.br\/v1\/wp-content\/uploads\/MONT-CAPA-SITE-06-F2-150x150.jpg 150w, https:\/\/www.r2cpress.com.br\/v1\/wp-content\/uploads\/MONT-CAPA-SITE-06-F2-300x300.jpg 300w\" sizes=\"(max-width: 504px) 100vw, 504px\" \/><\/a><br \/>\nSamu de Ilh\u00e9us inaugura  nova sede nesta sexta-feira<br \/>\nPrefeitura de Ilh\u00e9us atende as solicita\u00e7\u00f5es da justi\u00e7a Eleitoral<br \/>\nSeast volta a funcionar em sua sede<br \/>\nCurso de teatro prioriza rela\u00e7\u00e3o ator\/plateia<br \/>\nNota &#8211; falecimento<\/center><\/p>\n<p><!--more--><\/p>\n<p>***<\/p>\n<p><strong>Samu de Ilh\u00e9us inaugura  nova sede nesta sexta-feira<\/strong><\/p>\n<p>O Servi\u00e7o de Atendimento M\u00f3vel de Urg\u00eancia (Samu) de Ilh\u00e9us j\u00e1 estar\u00e1 funcionando em uma nova sede, localizada na avenida Litor\u00e2nea Norte, no bairro do Malhado. As \u00faltimas adapta\u00e7\u00f5es est\u00e3o sendo realizadas e a solenidade de inaugura\u00e7\u00e3o da nova instala\u00e7\u00e3o ocorrer\u00e1 nesta sexta-feira (5), \u00e0s 11 horas, com a presen\u00e7a do prefeito de Ilh\u00e9us, Newton Lima, de autoridades e da comunidade ilheense.<br \/>\nSegundo o secret\u00e1rio da Sa\u00fade do munic\u00edpio, Ronaldo Lavigne, a mudan\u00e7a foi realizada para melhorar a qualidade e diminuir o tempo do atendimento, bem como acelerar o processo de regionaliza\u00e7\u00e3o do Samu. O secret\u00e1rio ressaltou, ainda, que a nova sede, com demandas espec\u00edficas, foi um dos crit\u00e9rios para a regionaliza\u00e7\u00e3o. O processo j\u00e1 foi iniciado e aprovado junto ao Minist\u00e9rio da Sa\u00fade, e reuni\u00f5es para os acertos dos \u00faltimos detalhes j\u00e1 est\u00e3o sendo realizadas.<br \/>\nNa manh\u00e3 desta quarta-feira (3) foi feita a apresenta\u00e7\u00e3o das novas instala\u00e7\u00f5es com a presen\u00e7a do secret\u00e1rio Ronaldo Lavigne, da diretora do departamento de M\u00e9dia e Alta Complexidade, Ingrid Nascimento, da diretora da 6\u00aa Dires, Sonilda Melo, do presidente do Conselho Municipal de Sa\u00fade, Yolando de Souza, e do secret\u00e1rio da Sa\u00fade do munic\u00edpio de Santa Luzia (um dos integrantes da regionaliza\u00e7\u00e3o), Gilberto Loureiro.<br \/>\nSegundo o diretor-administrativo do Samu em Ilh\u00e9us, Edson Bastos, a regionaliza\u00e7\u00e3o do Samu ilheense atender\u00e1 uma \u00e1rea microrregional com 21 munic\u00edpios, beneficiando um total de 720 mil habitantes. Cidades como Canavieiras, Una, Itacar\u00e9 e Valen\u00e7a fazem parte dessa microrregi\u00e3o. Todos os munic\u00edpios integrantes receber\u00e3o uma ambul\u00e2ncia de unidade b\u00e1sica ou de unidade avan\u00e7ada. O Samu de Ilh\u00e9us realizar\u00e1 a regula\u00e7\u00e3o dos atendimentos nesses munic\u00edpios, atrav\u00e9s da central de atendimentos 192.<br \/>\nEdson Bastos esclarece, ainda, que a regionaliza\u00e7\u00e3o representa um grande avan\u00e7o para a regi\u00e3o, j\u00e1 que essas cidades n\u00e3o possu\u00edam atendimento m\u00f3vel de urg\u00eancia, al\u00e9m da gera\u00e7\u00e3o de empregos, destina\u00e7\u00e3o de mais verbas e estrutura para o Samu da cidade de Ilh\u00e9us. A regionaliza\u00e7\u00e3o do Samu \u00e9 um projeto de \u00e2mbito nacional do Minist\u00e9rio da Sa\u00fade e que j\u00e1 ocorre tamb\u00e9m em outras regi\u00f5es da Bahia, a exemplo de Eun\u00e1polis que \u00e9 a cidade reguladora daquela regi\u00e3o.<\/p>\n<p><strong>Prefeitura de Ilh\u00e9us atende as solicita\u00e7\u00f5es da justi\u00e7a Eleitoral<\/strong><\/p>\n<p>Considerando ser um dever do Estado a realiza\u00e7\u00e3o das elei\u00e7\u00f5es, o prefeito Newton Lima atendeu as solicita\u00e7\u00f5es dos ju\u00edzes das 25\u00aa e 26\u00aa Zonas Eleitorais e determinou que todas as secretarias colaborem com a realiza\u00e7\u00e3o do pleito eleitoral do pr\u00f3ximo dia 7 de outubro. Inicialmente, foram realizadas vistorias em todos os pr\u00e9dios municipais onde ser\u00e3o instaladas as se\u00e7\u00f5es, na sede e nos distritos, verificando as condi\u00e7\u00f5es para o bom funcionamento do pleito.<br \/>\nO apoio do Munic\u00edpio de Ilh\u00e9us \u00e0 Justi\u00e7a Eleitoral compreende a disponibiliza\u00e7\u00e3o de servidores e ve\u00edculos, bem como o fornecimento de \u00e1gua mineral para as pessoas que voluntariamente trabalhar\u00e3o no pr\u00f3ximo domingo, a exemplo dos mes\u00e1rios e coordenadores dos pr\u00e9dios.<br \/>\nO apoio do Munic\u00edpio tamb\u00e9m se estendeu \u00e0 acelera\u00e7\u00e3o das obras da sede da Secretaria de Assist\u00eancia Social e Trabalho (Seast) para que as se\u00e7\u00f5es possam ser instaladas, evitando a transfer\u00eancia das sete se\u00e7\u00f5es eleitorais que atendem os moradores das vizinhan\u00e7as. Em vista disso, o prefeito solicitou ao secret\u00e1rio que antecipasse a mudan\u00e7a para o pr\u00e9dio-sede que foi totalmente reformado.<br \/>\nDevido a problemas nas instala\u00e7\u00f5es do Centro Social Urbano, as se\u00e7\u00f5es 100, 101, 118 e 139 foram transferidas para a Escola Municipal da Barra do Ita\u00edpe, que fica nas depend\u00eancias do II Batalh\u00e3o de Pol\u00edcia Militar.<\/p>\n<p><strong>Seast volta a funcionar em sua sede<\/strong><\/p>\n<p>A partir de segunda-feira (8), a Secretaria de Assist\u00eancia Social e Trabalho de Ilh\u00e9us voltar\u00e1 atender, em sua antiga sede, na rua M\u00e1rio Alfredo, s\/n (Avenida Itabuna), no local onde ser\u00e3o atendidos todos os programas dispon\u00edveis. At\u00e9 o final desta semana, as pessoas que precisam do atendimento podem procurar a secretaria na avenida Soares Lopes, n\u00ba 1.724.<br \/>\nSegundo o secret\u00e1rio da Assist\u00eancia Social e Trabalho, Ari Silva Santos, a reforma da sede da Seast era necess\u00e1ria e agora, com a conclus\u00e3o das obras, ir\u00e1 proporcionar aos seus benefici\u00e1rios um melhor atendimento, bem como uma maior acessibilidade. \u201cA partir de agora, poderemos prestar um atendimento mais \u00e1gil e com toda a presteza \u00e0s pessoas que buscam os nossos servi\u00e7os sociais\u201d, explica Ari.<br \/>\nExplicou o secret\u00e1rio da Infraestrutura, Angelito Dias Filho, que pr\u00e9dio da secretaria passou por uma ampla manuten\u00e7\u00e3o na sua estrutura. Os servi\u00e7os abrangeram a parte f\u00edsica, com a amplia\u00e7\u00e3o de duas salas. Na reforma tamb\u00e9m foram executadas melhorias na cobertura met\u00e1lica, substitui\u00e7\u00e3o de esquadrias, revis\u00e3o nas redes el\u00e9trica e hidr\u00e1ulica, reboco e pintura nas paredes e portas.<br \/>\nA secretaria da Assist\u00eancia Social e Trabalho desenvolve diversos programas de inclus\u00e3o social pr\u00f3prios, al\u00e9m de gerenciar programas do Governo Federal, a exemplo do Bolsa Fam\u00edlia, Programa de Erradica\u00e7\u00e3o do Trabalho Infantil (Peti), habita\u00e7\u00e3o popular, a exemplo do Minha Casa Minha Vida, dentre outros. <\/p>\n<p><strong>Curso de teatro prioriza rela\u00e7\u00e3o ator\/plateia<\/strong><\/p>\n<p>O Curso de Teatro que \u00e9 realizado anualmente pela Funda\u00e7\u00e3o Cultural de Ilh\u00e9us, em parceria com a Secretaria Municipal de Educa\u00e7\u00e3o finaliza suas atividades em novembro. Para o professor e coordenador do Curso, Pawlo Cidade, o teatro continua sendo a arte mais procurada pelos jovens entre 12 e 25 anos. \u201cA expectativa \u00e9 que no pr\u00f3ximo ano, mais vagas sejam oferecidas devido a grande demanda\u201d.<br \/>\nAs aulas acontecem no Teatro Municipal de Ilh\u00e9us e no audit\u00f3rio Fernando Leite Mendes, sempre \u00e0s segundas-feiras, das 19 \u00e0s 21 horas, no per\u00edodo de mar\u00e7o a dezembro. No final, s\u00e3o 80 horas de curso e 15 alunos concluintes. \u201cH\u00e1 estudantes de teatro que est\u00e3o comigo h\u00e1 tr\u00eas anos. Procuro trabalhar a interpreta\u00e7\u00e3o do ponto de vista do ator. Ele, somente ele, \u00e9 capaz de criar uma rela\u00e7\u00e3o \u00edntima com a plateia. Um ator deve conhecer a natureza dos sentimentos, sua l\u00f3gica e continuidade. Todos os momentos, todas as a\u00e7\u00f5es t\u00eam uma justificativa interior\u201d, enfatiza Cidade.<br \/>\nNeste ano, como os anos anteriores, o encerramento se dar\u00e1 com uma montagem. Ap\u00f3s experimentar alguns textos, decidiu-se pela apresenta\u00e7\u00e3o do espet\u00e1culo \u201cDe Cabo a Rabo ou Como as Lavadeiras contaram a hist\u00f3ria dos Ilh\u00e9us\u201d, inspirado em textos de Jorge Amado, Sos\u00edgenes Costa e H\u00e9lio P\u00f3lvora. A concep\u00e7\u00e3o e dramaturgia s\u00e3o do pr\u00f3prio Pawlo.<br \/>\nO Curso de Teatro foi criado em 2006, possui um blog: www.teatrototalilheus.blogspot.com onde s\u00e3o relatadas todas as atividades da turma 2012. Ap\u00f3s a apresenta\u00e7\u00e3o do espet\u00e1culo, os alunos receber\u00e3o o certificado de conclus\u00e3o. O encerramento est\u00e1 marcado para 26 de novembro. A entrada ser\u00e1 franca.<\/p>\n<p><strong>Nota &#8211; falecimento<\/strong><\/p>\n<p>A Prefeitura de Ia\u00e7u entrou em contato com a Secretaria da Assist\u00eancia Social e Trabalho (Seast) de Ilh\u00e9us, informando o falecimento do senhor Sebasti\u00e3o Carlos da Cruz, de 86 anos, cujos filhos Acelino e Jo\u00e3o supostamente moram em Ilh\u00e9us. Para maiores informa\u00e7\u00f5es, essas pessoas podem entrar em contato com a senhora Maria Concei\u00e7\u00e3o, atrav\u00e9s do telefone (75) 8141-6070, ou pelo seguinte endere\u00e7o: travessa Santa Terezinha, n\u00ba 211, Bairro do Monte \/ Ia\u00e7u &#8211; Bahia.<\/p>\n","protected":false},"excerpt":{"rendered":"<p>Samu de Ilh\u00e9us inaugura nova sede nesta sexta-feira Prefeitura de Ilh\u00e9us atende as solicita\u00e7\u00f5es da justi\u00e7a Eleitoral Seast volta a funcionar em sua sede Curso de teatro prioriza rela\u00e7\u00e3o ator\/plateia Nota &#8211; falecimento<\/p>\n","protected":false},"author":2,"featured_media":0,"comment_status":"open","ping_status":"open","sticky":false,"template":"","format":"standard","meta":{"_links_to":"","_links_to_target":""},"categories":[23],"tags":[],"_links":{"self":[{"href":"https:\/\/www.r2cpress.com.br\/v1\/wp-json\/wp\/v2\/posts\/51139"}],"collection":[{"href":"https:\/\/www.r2cpress.com.br\/v1\/wp-json\/wp\/v2\/posts"}],"about":[{"href":"https:\/\/www.r2cpress.com.br\/v1\/wp-json\/wp\/v2\/types\/post"}],"author":[{"embeddable":true,"href":"https:\/\/www.r2cpress.com.br\/v1\/wp-json\/wp\/v2\/users\/2"}],"replies":[{"embeddable":true,"href":"https:\/\/www.r2cpress.com.br\/v1\/wp-json\/wp\/v2\/comments?post=51139"}],"version-history":[{"count":2,"href":"https:\/\/www.r2cpress.com.br\/v1\/wp-json\/wp\/v2\/posts\/51139\/revisions"}],"predecessor-version":[{"id":51142,"href":"https:\/\/www.r2cpress.com.br\/v1\/wp-json\/wp\/v2\/posts\/51139\/revisions\/51142"}],"wp:attachment":[{"href":"https:\/\/www.r2cpress.com.br\/v1\/wp-json\/wp\/v2\/media?parent=51139"}],"wp:term":[{"taxonomy":"category","embeddable":true,"href":"https:\/\/www.r2cpress.com.br\/v1\/wp-json\/wp\/v2\/categories?post=51139"},{"taxonomy":"post_tag","embeddable":true,"href":"https:\/\/www.r2cpress.com.br\/v1\/wp-json\/wp\/v2\/tags?post=51139"}],"curies":[{"name":"wp","href":"https:\/\/api.w.org\/{rel}","templated":true}]}}