{"id":5114,"date":"2010-12-23T11:59:23","date_gmt":"2010-12-23T14:59:23","guid":{"rendered":"http:\/\/www.r2cpress.com.br\/v1\/?p=5114"},"modified":"2010-12-23T11:59:23","modified_gmt":"2010-12-23T14:59:23","slug":"boletim-medico-jose-alencar","status":"publish","type":"post","link":"https:\/\/www.r2cpress.com.br\/v1\/2010\/12\/23\/boletim-medico-jose-alencar\/","title":{"rendered":"Boletim M\u00e9dico &#8211; Jos\u00e9 Alencar"},"content":{"rendered":"<p>O vice-presidente da Rep\u00fablica, Jos\u00e9 Alencar, permanece internado na UTI do hospital S\u00edrio Liban\u00eas para tratamento de hemorragia digestiva atribu\u00edda a tumor sangrante no intestino delgado. Durante a noite o paciente apresentou melhora do quadro com redu\u00e7\u00e3o importante do sangramento; est\u00e1 acordado e deve permanecer na UTI para tratamento m\u00e9dico.<\/p>\n<p>As equipes m\u00e9dicas que o acompanham s\u00e3o coordenadas pelos Profs. Drs. Paulo Hoff, Raul Cutait, Roberto Kalil Filho, Paulo Ayroza Galv\u00e3o, Ademar Lopes, David Uip e Miguel Srougi.<\/p>\n","protected":false},"excerpt":{"rendered":"<p>O vice-presidente da Rep\u00fablica, Jos\u00e9 Alencar, permanece internado na UTI do hospital S\u00edrio Liban\u00eas para tratamento de hemorragia digestiva atribu\u00edda a tumor sangrante no intestino delgado. Durante a noite o paciente apresentou melhora do quadro com redu\u00e7\u00e3o importante do sangramento; est\u00e1 acordado e deve permanecer na UTI para tratamento m\u00e9dico. As equipes m\u00e9dicas que o [&hellip;]<\/p>\n","protected":false},"author":2,"featured_media":0,"comment_status":"open","ping_status":"open","sticky":false,"template":"","format":"standard","meta":{"_links_to":"","_links_to_target":""},"categories":[18],"tags":[],"_links":{"self":[{"href":"https:\/\/www.r2cpress.com.br\/v1\/wp-json\/wp\/v2\/posts\/5114"}],"collection":[{"href":"https:\/\/www.r2cpress.com.br\/v1\/wp-json\/wp\/v2\/posts"}],"about":[{"href":"https:\/\/www.r2cpress.com.br\/v1\/wp-json\/wp\/v2\/types\/post"}],"author":[{"embeddable":true,"href":"https:\/\/www.r2cpress.com.br\/v1\/wp-json\/wp\/v2\/users\/2"}],"replies":[{"embeddable":true,"href":"https:\/\/www.r2cpress.com.br\/v1\/wp-json\/wp\/v2\/comments?post=5114"}],"version-history":[{"count":2,"href":"https:\/\/www.r2cpress.com.br\/v1\/wp-json\/wp\/v2\/posts\/5114\/revisions"}],"predecessor-version":[{"id":5116,"href":"https:\/\/www.r2cpress.com.br\/v1\/wp-json\/wp\/v2\/posts\/5114\/revisions\/5116"}],"wp:attachment":[{"href":"https:\/\/www.r2cpress.com.br\/v1\/wp-json\/wp\/v2\/media?parent=5114"}],"wp:term":[{"taxonomy":"category","embeddable":true,"href":"https:\/\/www.r2cpress.com.br\/v1\/wp-json\/wp\/v2\/categories?post=5114"},{"taxonomy":"post_tag","embeddable":true,"href":"https:\/\/www.r2cpress.com.br\/v1\/wp-json\/wp\/v2\/tags?post=5114"}],"curies":[{"name":"wp","href":"https:\/\/api.w.org\/{rel}","templated":true}]}}