{"id":51170,"date":"2012-10-03T19:25:12","date_gmt":"2012-10-03T22:25:12","guid":{"rendered":"http:\/\/www.r2cpress.com.br\/v1\/?p=51170"},"modified":"2012-10-03T19:25:12","modified_gmt":"2012-10-03T22:25:12","slug":"ifba-publica-edital-para-construcao-de-ginasios-poliesportivos","status":"publish","type":"post","link":"https:\/\/www.r2cpress.com.br\/v1\/2012\/10\/03\/ifba-publica-edital-para-construcao-de-ginasios-poliesportivos\/","title":{"rendered":"IFBA publica edital para constru\u00e7\u00e3o de gin\u00e1sios poliesportivos"},"content":{"rendered":"<p><a href=\"http:\/\/www.r2cpress.com.br\/v1\/wp-content\/uploads\/IFBA_fachada.jpg\"><img loading=\"lazy\" class=\"alignright size-full wp-image-51171\" title=\"IFBA_fachada\" src=\"http:\/\/www.r2cpress.com.br\/v1\/wp-content\/uploads\/IFBA_fachada.jpg\" alt=\"\" width=\"300\" height=\"226\" \/><\/a>Foi publicado no dia 24 de setembro o Edital de Concorr\u00eancia P\u00fablica IFBA para <strong>contrata\u00e7\u00e3o de empresa de engenharia para execu\u00e7\u00e3o das obras destinadas \u00e0 constru\u00e7\u00e3o de gin\u00e1sios poliesportivos nos Campi<\/strong> de Barreiras (lote 01), Cama\u00e7ari (lote 02), Feira de Santana (lote 03), <strong>Ilh\u00e9us (lote 04)<\/strong>, Irec\u00ea (lote 05), Jequi\u00e9 (lote 06), Santo Amaro (lote 07), Seabra (lote 08) e Sim\u00f5es Filho (lote 09).<\/p>\n<p>A abertura dos envelopes ser\u00e1 no dia 25 de outubro de 2012 \u00e0s 9h na Sala da Reuni\u00e3o da Reitoria do IFBA \u2013 Avenida Ara\u00fajo Pinho, 39 &#8211; Canela \u2013 Salvador\/BA. \u00a0O prazo previsto para conclus\u00e3o \u00e9 de 180 dias corridos, ap\u00f3s o in\u00edcio das obras. Para maiores informa\u00e7\u00f5es, os concorrentes poder\u00e3o acessar o site <a href=\"http:\/\/www.ifba.edu.br\" target=\"_blank\"><strong>www.ifba.edu.br<\/strong><\/a> ou ainda ligar para o telefone 71 \u2013 2102.0488. Empresas locais poder\u00e3o concorrer, o que agregar\u00e1 mais recursos na cidade e regi\u00e3o na hip\u00f3tese de vit\u00f3ria na concorr\u00eancia.<\/p>\n<p>Recentemente, o IFBA concluiu a licita\u00e7\u00e3o para contrata\u00e7\u00e3o de empresa especializada para elabora\u00e7\u00e3o de projeto b\u00e1sico e executivo do <strong>sistema de esgotamento sanit\u00e1rio<\/strong> (rede coletora \u2013 separador absoluto, esta\u00e7\u00f5es elevat\u00f3rias e ETE) no Campus Ilh\u00e9us. A empresa vencedora \u00e9 a SANEAR CONSULTORIA, GERENCIAMENTO E PROJETOS S\/S LTDA, que ter\u00e1 90 dias, contados a partir do in\u00edcio da execu\u00e7\u00e3o das obras.<\/p>\n<p>O Campus de Ilh\u00e9us segue se estruturando para melhor servir \u00e0 regi\u00e3o na miss\u00e3o de propiciar educa\u00e7\u00e3o tecnol\u00f3gica de qualidade para os seus alunos.<\/p>\n<p>&#8212;<\/p>\n<p><em>Por Jardel Menezes \u2013 Assessoria de Comunica\u00e7\u00e3o<\/em><\/p>\n","protected":false},"excerpt":{"rendered":"<p>Foi publicado no dia 24 de setembro o Edital de Concorr\u00eancia P\u00fablica IFBA para contrata\u00e7\u00e3o de empresa de engenharia para execu\u00e7\u00e3o das obras destinadas \u00e0 constru\u00e7\u00e3o de gin\u00e1sios poliesportivos nos Campi de Barreiras (lote 01), Cama\u00e7ari (lote 02), Feira de Santana (lote 03), Ilh\u00e9us (lote 04), Irec\u00ea (lote 05), Jequi\u00e9 (lote 06), Santo Amaro (lote [&hellip;]<\/p>\n","protected":false},"author":2,"featured_media":0,"comment_status":"open","ping_status":"open","sticky":false,"template":"","format":"standard","meta":{"_links_to":"","_links_to_target":""},"categories":[8],"tags":[],"_links":{"self":[{"href":"https:\/\/www.r2cpress.com.br\/v1\/wp-json\/wp\/v2\/posts\/51170"}],"collection":[{"href":"https:\/\/www.r2cpress.com.br\/v1\/wp-json\/wp\/v2\/posts"}],"about":[{"href":"https:\/\/www.r2cpress.com.br\/v1\/wp-json\/wp\/v2\/types\/post"}],"author":[{"embeddable":true,"href":"https:\/\/www.r2cpress.com.br\/v1\/wp-json\/wp\/v2\/users\/2"}],"replies":[{"embeddable":true,"href":"https:\/\/www.r2cpress.com.br\/v1\/wp-json\/wp\/v2\/comments?post=51170"}],"version-history":[{"count":3,"href":"https:\/\/www.r2cpress.com.br\/v1\/wp-json\/wp\/v2\/posts\/51170\/revisions"}],"predecessor-version":[{"id":51174,"href":"https:\/\/www.r2cpress.com.br\/v1\/wp-json\/wp\/v2\/posts\/51170\/revisions\/51174"}],"wp:attachment":[{"href":"https:\/\/www.r2cpress.com.br\/v1\/wp-json\/wp\/v2\/media?parent=51170"}],"wp:term":[{"taxonomy":"category","embeddable":true,"href":"https:\/\/www.r2cpress.com.br\/v1\/wp-json\/wp\/v2\/categories?post=51170"},{"taxonomy":"post_tag","embeddable":true,"href":"https:\/\/www.r2cpress.com.br\/v1\/wp-json\/wp\/v2\/tags?post=51170"}],"curies":[{"name":"wp","href":"https:\/\/api.w.org\/{rel}","templated":true}]}}