{"id":5120,"date":"2010-12-23T15:19:21","date_gmt":"2010-12-23T18:19:21","guid":{"rendered":"http:\/\/www.r2cpress.com.br\/v1\/?p=5120"},"modified":"2010-12-23T15:19:21","modified_gmt":"2010-12-23T18:19:21","slug":"opus-dei-2","status":"publish","type":"post","link":"https:\/\/www.r2cpress.com.br\/v1\/2010\/12\/23\/opus-dei-2\/","title":{"rendered":"OPUS DEI"},"content":{"rendered":"<p><center><a href=\"http:\/\/www.r2cpress.com.br\/v1\/wp-content\/uploads\/opusdei_0.jpg\"><img loading=\"lazy\" src=\"http:\/\/www.r2cpress.com.br\/v1\/wp-content\/uploads\/opusdei_0.jpg\" alt=\"\" title=\"opusdei_0\" width=\"110\" height=\"30\" class=\"alignnone size-full wp-image-2222\" \/><\/a><br \/>\n<strong>BOLETIM 23 de dezembro de 2010<\/strong><\/center><\/p>\n<p><em><strong>Texto referente a cena do nascimento de Jesus. Artigo sobre o trabalho e o descanso. Primeiro \u00edcone de S\u00e3o Josemaria. A liturgia e os sacramentos.<\/strong><\/em><\/p>\n<p><strong>NOT\u00cdCIAS<\/strong><br \/>\n<em>Primeiro \u00edcone de S. Josemaria<\/em><br \/>\nO \u00edcone foi pintado por um icon\u00f3grafo ortodoxo famoso e encontra-se atualmente num Centro do Opus Dei em Moscou. <a href = \"http:\/\/www.opusdei.org.br\/art.php?p=41949\" target = \"_news\"><b>[+]<\/b><\/a><br \/>\n<strong>CULTIVAR A F\u00c9<\/strong><br \/>\n<em>TEMA 17. A liturgia e os sacramentos em geral<\/em><br \/>\nA liturgia crist\u00e3 \u00e9 essencialmente actio Dei que nos une a Jesus atrav\u00e9s do Esp\u00edrito (cf. Ex. Ap. Sacramentum Caritatis, n. 37). <a href = \"http:\/\/www.opusdei.org.br\/art.php?p=41948\" target = \"_news\"><b>[+]<\/b><\/a><br \/>\n<em>TEMA 18. O Batismo e a Confirma\u00e7\u00e3o<\/em><br \/>\nO Batismo outorga ao crist\u00e3o a justifica\u00e7\u00e3o. Com a Confirma\u00e7\u00e3o completa-se o patrim\u00f4nio batismal com os dons sobrenaturais da maturidade crist\u00e3. <a href = \"http:\/\/www.opusdei.org.br\/art.php?p=41986\" target = \"_news\"><b>[+]<\/b><\/a><br \/>\n<strong>Trabalho e descanso<\/strong><br \/>\nDeus, que nos convida a trabalhar para colaborar com Ele na Cria\u00e7\u00e3o, quer tamb\u00e9m que descansemos. O repouso merecido \u00e9 vontade de Deus para cada um de n\u00f3s. <a href = \"http:\/\/www.opusdei.org.br\/art.php?p=41987\" target = \"_news\"><b>[+]<\/b><\/a><br \/>\n<strong>Vida de Maria: O nascimento de Jesus<\/strong><br \/>\nTexto sobre a cena do nascimento de Jesus. <a href = \"http:\/\/www.opusdei.org.br\/art.php?p=42003\" target = \"_news\"><b>[+]<\/b><\/a><\/p>\n","protected":false},"excerpt":{"rendered":"<p>BOLETIM 23 de dezembro de 2010 Texto referente a cena do nascimento de Jesus. Artigo sobre o trabalho e o descanso. Primeiro \u00edcone de S\u00e3o Josemaria. A liturgia e os sacramentos. NOT\u00cdCIAS Primeiro \u00edcone de S. Josemaria O \u00edcone foi pintado por um icon\u00f3grafo ortodoxo famoso e encontra-se atualmente num Centro do Opus Dei em [&hellip;]<\/p>\n","protected":false},"author":2,"featured_media":0,"comment_status":"open","ping_status":"open","sticky":false,"template":"","format":"standard","meta":{"_links_to":"","_links_to_target":""},"categories":[28],"tags":[],"_links":{"self":[{"href":"https:\/\/www.r2cpress.com.br\/v1\/wp-json\/wp\/v2\/posts\/5120"}],"collection":[{"href":"https:\/\/www.r2cpress.com.br\/v1\/wp-json\/wp\/v2\/posts"}],"about":[{"href":"https:\/\/www.r2cpress.com.br\/v1\/wp-json\/wp\/v2\/types\/post"}],"author":[{"embeddable":true,"href":"https:\/\/www.r2cpress.com.br\/v1\/wp-json\/wp\/v2\/users\/2"}],"replies":[{"embeddable":true,"href":"https:\/\/www.r2cpress.com.br\/v1\/wp-json\/wp\/v2\/comments?post=5120"}],"version-history":[{"count":4,"href":"https:\/\/www.r2cpress.com.br\/v1\/wp-json\/wp\/v2\/posts\/5120\/revisions"}],"predecessor-version":[{"id":5124,"href":"https:\/\/www.r2cpress.com.br\/v1\/wp-json\/wp\/v2\/posts\/5120\/revisions\/5124"}],"wp:attachment":[{"href":"https:\/\/www.r2cpress.com.br\/v1\/wp-json\/wp\/v2\/media?parent=5120"}],"wp:term":[{"taxonomy":"category","embeddable":true,"href":"https:\/\/www.r2cpress.com.br\/v1\/wp-json\/wp\/v2\/categories?post=5120"},{"taxonomy":"post_tag","embeddable":true,"href":"https:\/\/www.r2cpress.com.br\/v1\/wp-json\/wp\/v2\/tags?post=5120"}],"curies":[{"name":"wp","href":"https:\/\/api.w.org\/{rel}","templated":true}]}}