{"id":51202,"date":"2012-10-04T09:29:42","date_gmt":"2012-10-04T12:29:42","guid":{"rendered":"http:\/\/www.r2cpress.com.br\/v1\/?p=51202"},"modified":"2012-10-04T09:29:42","modified_gmt":"2012-10-04T12:29:42","slug":"ilheus-colegio-da-policia-militar-romulo-galvao","status":"publish","type":"post","link":"https:\/\/www.r2cpress.com.br\/v1\/2012\/10\/04\/ilheus-colegio-da-policia-militar-romulo-galvao\/","title":{"rendered":"ILH\u00c9US \/ Col\u00e9gio da Pol\u00edcia Militar &#8220;R\u00f4mulo Galv\u00e3o&#8221;."},"content":{"rendered":"<p>Caros Amigos,<\/p>\n<div>\n<div id=\"attachment_51203\" style=\"width: 560px\" class=\"wp-caption aligncenter\"><a href=\"http:\/\/www.r2cpress.com.br\/v1\/wp-content\/uploads\/MONT-CAPA-08-F3.jpg\"><img aria-describedby=\"caption-attachment-51203\" loading=\"lazy\" class=\"size-full wp-image-51203\" title=\"MONT CAPA 08 F\" src=\"http:\/\/www.r2cpress.com.br\/v1\/wp-content\/uploads\/MONT-CAPA-08-F3.jpg\" alt=\"\" width=\"550\" height=\"486\" srcset=\"https:\/\/www.r2cpress.com.br\/v1\/wp-content\/uploads\/MONT-CAPA-08-F3.jpg 550w, https:\/\/www.r2cpress.com.br\/v1\/wp-content\/uploads\/MONT-CAPA-08-F3-300x265.jpg 300w\" sizes=\"(max-width: 550px) 100vw, 550px\" \/><\/a><p id=\"caption-attachment-51203\" class=\"wp-caption-text\">Col\u00e9gio da Pol\u00edcia Militar &#8220;R\u00f4mulo Galv\u00e3o&#8221;<\/p><\/div>\n<\/div>\n<div>Agrade\u00e7o a todos pela divulga\u00e7\u00e3o do Sarau A Express\u00e3o Po\u00e9tica da Regi\u00e3o Grapi\u00fana promovido pelo Col\u00e9gio da Pol\u00edcia Militar &#8220;R\u00f4mulo Galv\u00e3o&#8221;, de Ilh\u00e9us e o Programa Federal Mais Educa\u00e7\u00e3o.<\/div>\n<div>Aproveito para informar que a TV Santa Cruz fez uma longa mat\u00e9ria recolhendo v\u00e1rios depoimento dos participantes do Sarau, e dever\u00e1 ser exibida hoje ao meio dia.<\/div>\n<div>Para maiores informa\u00e7\u00f5es, favor contactar dire\u00e7\u00e3o da escola para maiores detalhes.<\/div>\n<div><\/div>\n<div>Atenciosamente,<\/div>\n<div><\/div>\n<div><\/div>\n<div>Alderacy J\u00fanior<\/div>\n","protected":false},"excerpt":{"rendered":"<p>Caros Amigos, Agrade\u00e7o a todos pela divulga\u00e7\u00e3o do Sarau A Express\u00e3o Po\u00e9tica da Regi\u00e3o Grapi\u00fana promovido pelo Col\u00e9gio da Pol\u00edcia Militar &#8220;R\u00f4mulo Galv\u00e3o&#8221;, de Ilh\u00e9us e o Programa Federal Mais Educa\u00e7\u00e3o. Aproveito para informar que a TV Santa Cruz fez uma longa mat\u00e9ria recolhendo v\u00e1rios depoimento dos participantes do Sarau, e dever\u00e1 ser exibida hoje [&hellip;]<\/p>\n","protected":false},"author":2,"featured_media":0,"comment_status":"open","ping_status":"open","sticky":false,"template":"","format":"standard","meta":{"_links_to":"","_links_to_target":""},"categories":[8],"tags":[],"_links":{"self":[{"href":"https:\/\/www.r2cpress.com.br\/v1\/wp-json\/wp\/v2\/posts\/51202"}],"collection":[{"href":"https:\/\/www.r2cpress.com.br\/v1\/wp-json\/wp\/v2\/posts"}],"about":[{"href":"https:\/\/www.r2cpress.com.br\/v1\/wp-json\/wp\/v2\/types\/post"}],"author":[{"embeddable":true,"href":"https:\/\/www.r2cpress.com.br\/v1\/wp-json\/wp\/v2\/users\/2"}],"replies":[{"embeddable":true,"href":"https:\/\/www.r2cpress.com.br\/v1\/wp-json\/wp\/v2\/comments?post=51202"}],"version-history":[{"count":3,"href":"https:\/\/www.r2cpress.com.br\/v1\/wp-json\/wp\/v2\/posts\/51202\/revisions"}],"predecessor-version":[{"id":51206,"href":"https:\/\/www.r2cpress.com.br\/v1\/wp-json\/wp\/v2\/posts\/51202\/revisions\/51206"}],"wp:attachment":[{"href":"https:\/\/www.r2cpress.com.br\/v1\/wp-json\/wp\/v2\/media?parent=51202"}],"wp:term":[{"taxonomy":"category","embeddable":true,"href":"https:\/\/www.r2cpress.com.br\/v1\/wp-json\/wp\/v2\/categories?post=51202"},{"taxonomy":"post_tag","embeddable":true,"href":"https:\/\/www.r2cpress.com.br\/v1\/wp-json\/wp\/v2\/tags?post=51202"}],"curies":[{"name":"wp","href":"https:\/\/api.w.org\/{rel}","templated":true}]}}