{"id":51213,"date":"2012-10-04T10:03:46","date_gmt":"2012-10-04T13:03:46","guid":{"rendered":"http:\/\/www.r2cpress.com.br\/v1\/?p=51213"},"modified":"2012-10-04T10:03:46","modified_gmt":"2012-10-04T13:03:46","slug":"demarcacao-a-irracionalidade-a-servico-de-uma-causa","status":"publish","type":"post","link":"https:\/\/www.r2cpress.com.br\/v1\/2012\/10\/04\/demarcacao-a-irracionalidade-a-servico-de-uma-causa\/","title":{"rendered":"DEMARCA\u00c7\u00c3O:   A IRRACIONALIDADE A SERVI\u00c7O DE UMA CAUSA"},"content":{"rendered":"<p><em><strong>por Edgar Siqueira<\/strong><\/em><\/p>\n<p>Ao longo deste processo eleitoral o <strong>R2CPRESS<\/strong> tem dado uma aula de como se deve comportar um veiculo de comunica\u00e7\u00e3o. Democraticamente de maneira igual abre o espa\u00e7o para todos os postulantes que quiserem divulgar as suas plataformas de governo.\u00a0 Esta imparcialidade \u00e9 uma grande contribui\u00e7\u00e3o para Ilh\u00e9us, j\u00e1 que n\u00e3o usa a sua invej\u00e1vel credibilidade para\u00a0 direcionar o\u00a0 voto para A, B ou C, assim, n\u00e3o correndo o risco de errar na orienta\u00e7\u00e3o direcionada. \u00a0Este espa\u00e7o politicamente sempre \u00a0\u00e9 aberto para divulgar realiza\u00e7\u00f5es, como tamb\u00e9m, a falta delas, n\u00e3o importando qual seja o partido. Sem procura\u00e7\u00e3o, podemos afirmar, o Comandante Rabat \u00e9 um craque. Fez um gol de letra.<\/p>\n<p>A introdu\u00e7\u00e3o acima se fez necess\u00e1ria para ilustrar a indigna\u00e7\u00e3o de um afetado pelo processo de demarca\u00e7\u00e3o com a decis\u00e3o da atual dire\u00e7\u00e3o da Associa\u00e7\u00e3o dos Peq. Agricultores em partidarizar o movimento, se fechando politicamente ao empunhar a bandeira de determinado candidato. Com esta decis\u00e3o, ao contrario do R2CPRESS, a Associa\u00e7\u00e3o perdeu a sua autonomia e a sua independ\u00eancia. Se a op\u00e7\u00e3o escolhida n\u00e3o for \u00e0 vitoriosa, que chances ter\u00e3o os Peq. Agricultores em pedir apoio aos advers\u00e1rios politicos que estar\u00e3o no poder?\u00a0 Entendemos que nesta luta que n\u00e3o tem data para acabar, o correto \u00e9 o livre arb\u00edtrio eleitoral. Sem orientar em quem votar. Desta maneira, qualquer que seja o vitorioso, n\u00e3o guardar\u00e1 resqu\u00edcios de campanha politica, n\u00e3o nos negando apoio contra esta absurda injusti\u00e7a.<\/p>\n<p>Al\u00e9m do que, mesmo que a op\u00e7\u00e3o seja a vitoriosa, por mais razo\u00e1vel que eu seja n\u00e3o consigo enxergar nenhum beneficio. Por habito, os politicos normalmente caem de paraquedas aonde existe a possibilidade de levarem vantagem, votos. \u00c9 o caso da op\u00e7\u00e3o escolhida pela Associa\u00e7\u00e3o. O mesmo n\u00e3o se pode dizer da sua participa\u00e7\u00e3o nos benef\u00edcios conquistados pelos nossos advers\u00e1rios, os autodenominados \u201c\u00cdndios Tupinamb\u00e1s\u201d. \u00a0Dir\u00edamos que, concebeu e viu a crian\u00e7a nascer e com esta paternidade vai querer ver a crian\u00e7a se tornar adulta, pronta e conclu\u00edda. Para isto conta com o apoio na sua coliga\u00e7\u00e3o de cinco autodenominados \u201c\u00cdndios\u201d concorrendo a vagas na C\u00e2mara Municipal. Se eleitos, sem duvida ir\u00e1 facilitar a conclus\u00e3o do projeto.<\/p>\n<p>Dos Peq. Agricultores s\u00f3 querem os votos do outro lado querem muito mais. Domingo passado na caminhada da farsa do massacre Tupinamb\u00e1, l\u00e1 estava o candidato da Associa\u00e7\u00e3o como um \u201cGrande Chefe\u201d, participando do que foi por ele idealizado. Como se trata de um grupo politico EM CAMPANHA, notamos a aus\u00eancia de representantes da Associa\u00e7\u00e3o na caminhada. \u00a0Toda incoer\u00eancia \u00e9 poss\u00edvel.<\/p>\n","protected":false},"excerpt":{"rendered":"<p>por Edgar Siqueira Ao longo deste processo eleitoral o R2CPRESS tem dado uma aula de como se deve comportar um veiculo de comunica\u00e7\u00e3o. Democraticamente de maneira igual abre o espa\u00e7o para todos os postulantes que quiserem divulgar as suas plataformas de governo.\u00a0 Esta imparcialidade \u00e9 uma grande contribui\u00e7\u00e3o para Ilh\u00e9us, j\u00e1 que n\u00e3o usa a [&hellip;]<\/p>\n","protected":false},"author":2,"featured_media":0,"comment_status":"open","ping_status":"open","sticky":false,"template":"","format":"standard","meta":{"_links_to":"","_links_to_target":""},"categories":[10],"tags":[],"_links":{"self":[{"href":"https:\/\/www.r2cpress.com.br\/v1\/wp-json\/wp\/v2\/posts\/51213"}],"collection":[{"href":"https:\/\/www.r2cpress.com.br\/v1\/wp-json\/wp\/v2\/posts"}],"about":[{"href":"https:\/\/www.r2cpress.com.br\/v1\/wp-json\/wp\/v2\/types\/post"}],"author":[{"embeddable":true,"href":"https:\/\/www.r2cpress.com.br\/v1\/wp-json\/wp\/v2\/users\/2"}],"replies":[{"embeddable":true,"href":"https:\/\/www.r2cpress.com.br\/v1\/wp-json\/wp\/v2\/comments?post=51213"}],"version-history":[{"count":3,"href":"https:\/\/www.r2cpress.com.br\/v1\/wp-json\/wp\/v2\/posts\/51213\/revisions"}],"predecessor-version":[{"id":51216,"href":"https:\/\/www.r2cpress.com.br\/v1\/wp-json\/wp\/v2\/posts\/51213\/revisions\/51216"}],"wp:attachment":[{"href":"https:\/\/www.r2cpress.com.br\/v1\/wp-json\/wp\/v2\/media?parent=51213"}],"wp:term":[{"taxonomy":"category","embeddable":true,"href":"https:\/\/www.r2cpress.com.br\/v1\/wp-json\/wp\/v2\/categories?post=51213"},{"taxonomy":"post_tag","embeddable":true,"href":"https:\/\/www.r2cpress.com.br\/v1\/wp-json\/wp\/v2\/tags?post=51213"}],"curies":[{"name":"wp","href":"https:\/\/api.w.org\/{rel}","templated":true}]}}