{"id":51230,"date":"2012-10-04T17:34:55","date_gmt":"2012-10-04T20:34:55","guid":{"rendered":"http:\/\/www.r2cpress.com.br\/v1\/?p=51230"},"modified":"2012-10-04T17:34:55","modified_gmt":"2012-10-04T20:34:55","slug":"na-reta-final-jorge-luiz-afirma-o-psol-tem-a-campanha-mais-popular-de-ilheus","status":"publish","type":"post","link":"https:\/\/www.r2cpress.com.br\/v1\/2012\/10\/04\/na-reta-final-jorge-luiz-afirma-o-psol-tem-a-campanha-mais-popular-de-ilheus\/","title":{"rendered":"Na reta final, Jorge Luiz afirma: o PSOL tem a campanha mais popular de Ilh\u00e9us"},"content":{"rendered":"<p style=\"text-align: justify;\" align=\"center\"><span style=\"font-family: arial, helvetica, sans-serif; font-size: large;\">Longe da guerra de boataria inerente aos outros candidatos, Jorge Luiz \u00e9 considerado o candidato mais\u00a0s\u00e9rio,\u00a0ficha-limpa com a campanha mais popular dessas elei\u00e7\u00f5es. A independ\u00eancia de sua candidatura inspira confian\u00e7a no eleitor que n\u00e3o quer mais ver o fatiamento da prefeitura entre partidos. Pautando-se na compet\u00eancia t\u00e9cnica para organizar a cidade, Jorge Luiz leva a esperan\u00e7a da mudan\u00e7a por onde passa.\u00a0\u00a0<\/span><\/p>\n<p style=\"text-align: justify;\" align=\"center\"><span style=\"font-family: arial, helvetica, sans-serif; font-size: large;\">Por esse motivo, Jorge \u00e9 convidado diariamente, desde que sua campanha come\u00e7ou, para reuni\u00f5es com o povo organizadas pelas pr\u00f3prias lideran\u00e7as de bairros e distritos. As reuni\u00f5es j\u00e1 aconteceram em bairros como o Nossa Senhora da Vit\u00f3ria, Teot\u00f4nio Vilela, Nelson Costa, Rua do Cano, Conquista, entre outros, e tem o apoio de diversas igrejas. O interesse da popula\u00e7\u00e3o \u00e9 tamanho que o material de divulga\u00e7\u00e3o \u00e9 logo dividido e as pessoas se disp\u00f5em a serem elas mesmas portadoras e multiplicadoras da campanha de Jorge Luiz.<\/span><\/p>\n<p style=\"text-align: justify;\" align=\"center\"><!--more--><\/p>\n<div style=\"text-align: justify;\"><span style=\"font-family: arial, helvetica, sans-serif;\"><span style=\"font-size: large;\">Perguntado pelos moradores sobre o surpreendente crescimento da campanha do PSOL, Jorge Luiz explicou: \u201cAs pessoas n\u00e3o entendem como a nossa campanha \u00e9 a que mais cresce. Mesmo sem a barulheira de carros de som na rua, sem a quantidade exorbitante de cavaletes e outros materiais, estamos inovando e trazendo o que chamamos de rede humana de comunica\u00e7\u00e3o. Nunca houve um momento pol\u00edtico t\u00e3o favor\u00e1vel ao PSOL. E \u00e9 por isso que o pr\u00f3prio povo tem um grande anseio e ele mesmo faz a nossa campanha, porque v\u00ea em Jorge Luiz o sangue novo, o f\u00f4lego de que a prefeitura precisa. V\u00ea tamb\u00e9m algu\u00e9m como ele, um negro, de origem humilde, s\u00e9rio, algu\u00e9m do povo que pode e vai fazer diferente e o melhor para a cidade\u201d, declarou o candidato, em reuni\u00e3o com moradores do Teot\u00f4nio Vilela na noite de ontem (03).\u00a0\u00a0<\/span><\/span><\/div>\n<div style=\"text-align: justify;\"><\/div>\n<div style=\"text-align: justify;\"><span style=\"font-family: arial, helvetica, sans-serif; font-size: large;\">A carreata de Jorge Luiz, denominada &#8220;Carreata do povo para libertar Ilh\u00e9us&#8221; tamb\u00e9m \u00e9 de cunho popular e est\u00e1 tendo grande ader\u00eancia da popula\u00e7\u00e3o. A carreata ser\u00e1 no s\u00e1bado, com concentra\u00e7\u00e3o \u00e0s 14 horas, na Avenida Litor\u00e2nea do Malhado (em frente ao Barravento).\u00a0\u00a0<\/span><\/div>\n<div style=\"text-align: justify;\"><\/div>\n<div style=\"text-align: justify;\"><span style=\"font-size: medium;\"><span style=\"font-family: Calibri;\"><strong>Ascom<\/strong><\/span><\/span><\/div>\n","protected":false},"excerpt":{"rendered":"<p>Longe da guerra de boataria inerente aos outros candidatos, Jorge Luiz \u00e9 considerado o candidato mais\u00a0s\u00e9rio,\u00a0ficha-limpa com a campanha mais popular dessas elei\u00e7\u00f5es. A independ\u00eancia de sua candidatura inspira confian\u00e7a no eleitor que n\u00e3o quer mais ver o fatiamento da prefeitura entre partidos. Pautando-se na compet\u00eancia t\u00e9cnica para organizar a cidade, Jorge Luiz leva a [&hellip;]<\/p>\n","protected":false},"author":2,"featured_media":0,"comment_status":"open","ping_status":"open","sticky":false,"template":"","format":"standard","meta":{"_links_to":"","_links_to_target":""},"categories":[22],"tags":[],"_links":{"self":[{"href":"https:\/\/www.r2cpress.com.br\/v1\/wp-json\/wp\/v2\/posts\/51230"}],"collection":[{"href":"https:\/\/www.r2cpress.com.br\/v1\/wp-json\/wp\/v2\/posts"}],"about":[{"href":"https:\/\/www.r2cpress.com.br\/v1\/wp-json\/wp\/v2\/types\/post"}],"author":[{"embeddable":true,"href":"https:\/\/www.r2cpress.com.br\/v1\/wp-json\/wp\/v2\/users\/2"}],"replies":[{"embeddable":true,"href":"https:\/\/www.r2cpress.com.br\/v1\/wp-json\/wp\/v2\/comments?post=51230"}],"version-history":[{"count":3,"href":"https:\/\/www.r2cpress.com.br\/v1\/wp-json\/wp\/v2\/posts\/51230\/revisions"}],"predecessor-version":[{"id":51233,"href":"https:\/\/www.r2cpress.com.br\/v1\/wp-json\/wp\/v2\/posts\/51230\/revisions\/51233"}],"wp:attachment":[{"href":"https:\/\/www.r2cpress.com.br\/v1\/wp-json\/wp\/v2\/media?parent=51230"}],"wp:term":[{"taxonomy":"category","embeddable":true,"href":"https:\/\/www.r2cpress.com.br\/v1\/wp-json\/wp\/v2\/categories?post=51230"},{"taxonomy":"post_tag","embeddable":true,"href":"https:\/\/www.r2cpress.com.br\/v1\/wp-json\/wp\/v2\/tags?post=51230"}],"curies":[{"name":"wp","href":"https:\/\/api.w.org\/{rel}","templated":true}]}}