{"id":51243,"date":"2012-10-04T22:48:59","date_gmt":"2012-10-05T01:48:59","guid":{"rendered":"http:\/\/www.r2cpress.com.br\/v1\/?p=51243"},"modified":"2012-10-04T22:48:59","modified_gmt":"2012-10-05T01:48:59","slug":"boletim-eletronico-da-agencia-camara-de-noticias-64","status":"publish","type":"post","link":"https:\/\/www.r2cpress.com.br\/v1\/2012\/10\/04\/boletim-eletronico-da-agencia-camara-de-noticias-64\/","title":{"rendered":"Boletim Eletr\u00f4nico da Ag\u00eancia C\u00e2mara de Not\u00edcias"},"content":{"rendered":"<table width=\"700\" border=\"0\" cellspacing=\"0\" cellpadding=\"0\" align=\"center\">\n<tbody>\n<tr>\n<td colspan=\"2\">\n<h2>Manchetes do dia<\/h2>\n<\/td>\n<\/tr>\n<tr>\n<td colspan=\"2\">\n<ul>\n<li><a title=\"\" href=\"http:\/\/www2.camara.gov.br\/agencia\/noticias\/DIREITO-E-JUSTICA\/427218-NOVO-CPC:-DEPUTADO-QUER-DERRUBAR-PERMISSAO-DE-PENHORA-DE-SALARIO.html\" target=\"_blank\">Novo CPC: deputado quer derrubar permiss\u00e3o de penhora de sal\u00e1rio<\/a><\/li>\n<li><a title=\"\" href=\"http:\/\/www2.camara.gov.br\/agencia\/noticias\/INDUSTRIA-E-COMERCIO\/427217-PROPOSTA-PROIBE-REPASSE-DE-PERDAS-PARA-CONTAS-DE-LUZ.html\" target=\"_blank\">Proposta pro\u00edbe repasse de perdas para contas de luz<\/a><\/li>\n<li><a title=\"\" href=\"http:\/\/www2.camara.gov.br\/agencia\/noticias\/DIREITOS-HUMANOS\/427189-DEPUTADO-DEFENDE-LEGISLACAO-MAIS-RIGOROSA-CONTRA-O-TRAFICO-DE-PESSOAS.html\" target=\"_blank\">Deputado defende legisla\u00e7\u00e3o mais rigorosa contra o tr\u00e1fico de pessoas<\/a><\/li>\n<\/ul>\n<\/td>\n<\/tr>\n<tr>\n<td colspan=\"2\"><\/td>\n<\/tr>\n<tr>\n<td colspan=\"2\">\n<table width=\"100%\" border=\"0\" cellspacing=\"0\" cellpadding=\"0\">\n<tbody>\n<tr>\n<td>\n<table width=\"100%\" border=\"0\" cellspacing=\"0\" cellpadding=\"0\">\n<tbody>\n<tr>\n<td rowspan=\"2\" valign=\"top\" width=\"70%\">\n<table width=\"100%\" border=\"0\" cellspacing=\"0\" cellpadding=\"0\">\n<tbody>\n<tr bgcolor=\"#FFFFFF\">\n<td>\n<h2>ADMINISTRA\u00c7\u00c3O P\u00daBLICA<\/h2>\n<\/td>\n<\/tr>\n<tr>\n<td>\n<ul>\n<li><a title=\"\" href=\"http:\/\/www2.camara.gov.br\/agencia\/noticias\/DIREITO-E-JUSTICA\/427193-PROJETO-INCLUI-SERVICO-DE-ADVOGADO-ENTRE-AS-DEDUCOES-DO-IMPOSTO-DE-RENDA.html\" target=\"_blank\">Projeto inclui servi\u00e7o de advogado entre as dedu\u00e7\u00f5es do Imposto de Renda<\/a><\/li>\n<li><a title=\"\" href=\"http:\/\/www2.camara.gov.br\/agencia\/noticias\/ADMINISTRACAO-PUBLICA\/427199-BICICLETAS-PODEM-FICAR-ISENTAS-DE-TRIBUTOS.html\" target=\"_blank\">Bicicletas podem ficar isentas de tributos<\/a><\/li>\n<li><a title=\"\" href=\"http:\/\/www2.camara.gov.br\/agencia\/noticias\/SEGURANCA\/427201-PROJETO-CONCEDE-ANISTIA-A-PMS-E-BOMBEIROS-DA-PARAIBA-E-DO-PIAUI.html\" target=\"_blank\">Projeto concede anistia a PMs e bombeiros da Para\u00edba e do Piau\u00ed<\/a><\/li>\n<li><a title=\"\" href=\"http:\/\/www2.camara.gov.br\/agencia\/noticias\/DIREITOS-HUMANOS\/427202-PROPOSTA-TORNA-OBRIGATORIO-GUICHE-PARA-CADEIRANTES-EM-SERVICOS-PUBLICOS-E-PRIVADOS.html\" target=\"_blank\">Proposta torna obrigat\u00f3rio guich\u00ea para cadeirantes em servi\u00e7os p\u00fablicos e privados<\/a><\/li>\n<li><a title=\"\" href=\"http:\/\/www2.camara.gov.br\/agencia\/noticias\/ADMINISTRACAO-PUBLICA\/427211-PROJETO-DETERMINA-IDENTIFICACAO-VISUAL-DE-TODOS-OS-BENS-LOCADOS-PELA-UNIAO.html\" target=\"_blank\">Projeto determina identifica\u00e7\u00e3o visual de todos os bens locados pela Uni\u00e3o<\/a><\/li>\n<li><a title=\"\" href=\"http:\/\/www2.camara.gov.br\/agencia\/noticias\/TRABALHO-E-PREVIDENCIA\/427226-PERIODO-DE-SEGURO-DESEMPREGO-PODERA-SER-CONTADO-PARA-APOSENTADORIA.html\" target=\"_blank\">Per\u00edodo de seguro-desemprego poder\u00e1 ser contado para aposentadoria<\/a><\/li>\n<\/ul>\n<\/td>\n<\/tr>\n<tr bgcolor=\"#FFFFFF\">\n<td>\n<h2>ECONOMIA<\/h2>\n<\/td>\n<\/tr>\n<tr>\n<td>\n<ul>\n<li><a title=\"\" href=\"http:\/\/www2.camara.gov.br\/agencia\/noticias\/SEGURANCA\/427203-PROPOSTA-ESTABELECE-REGRAS-PARA-TRANSPORTE-DE-VALORES.html\" target=\"_blank\">Proposta estabelece regras para transporte de valores<\/a><\/li>\n<\/ul>\n<\/td>\n<\/tr>\n<tr bgcolor=\"#FFFFFF\">\n<td>\n<h2>EDUCA\u00c7\u00c3O E CULTURA<\/h2>\n<\/td>\n<\/tr>\n<tr>\n<td>\n<ul>\n<li><a title=\"\" href=\"http:\/\/www2.camara.gov.br\/agencia\/noticias\/EDUCACAO-E-CULTURA\/427200-PROJETO-REGULAMENTA-PROFISSAO-DE-SUPERVISOR-EDUCACIONAL.html\" target=\"_blank\">Projeto regulamenta profiss\u00e3o de supervisor educacional<\/a><\/li>\n<li><a title=\"\" href=\"http:\/\/www2.camara.gov.br\/agencia\/noticias\/TRABALHO-E-PREVIDENCIA\/427222-PROJETO-INCLUI-COMPOSITOR-ENTRE-PROFISSOES-ARTISTICAS.html\" target=\"_blank\">Projeto inclui compositor entre profiss\u00f5es art\u00edsticas<\/a><\/li>\n<\/ul>\n<\/td>\n<\/tr>\n<\/tbody>\n<\/table>\n<\/td>\n<\/tr>\n<\/tbody>\n<\/table>\n<\/td>\n<\/tr>\n<\/tbody>\n<\/table>\n<\/td>\n<\/tr>\n<\/tbody>\n<\/table>\n","protected":false},"excerpt":{"rendered":"<p>Manchetes do dia Novo CPC: deputado quer derrubar permiss\u00e3o de penhora de sal\u00e1rio Proposta pro\u00edbe repasse de perdas para contas de luz Deputado defende legisla\u00e7\u00e3o mais rigorosa contra o tr\u00e1fico de pessoas ADMINISTRA\u00c7\u00c3O P\u00daBLICA Projeto inclui servi\u00e7o de advogado entre as dedu\u00e7\u00f5es do Imposto de Renda Bicicletas podem ficar isentas de tributos Projeto concede anistia [&hellip;]<\/p>\n","protected":false},"author":2,"featured_media":0,"comment_status":"open","ping_status":"open","sticky":false,"template":"","format":"standard","meta":{"_links_to":"","_links_to_target":""},"categories":[18],"tags":[],"_links":{"self":[{"href":"https:\/\/www.r2cpress.com.br\/v1\/wp-json\/wp\/v2\/posts\/51243"}],"collection":[{"href":"https:\/\/www.r2cpress.com.br\/v1\/wp-json\/wp\/v2\/posts"}],"about":[{"href":"https:\/\/www.r2cpress.com.br\/v1\/wp-json\/wp\/v2\/types\/post"}],"author":[{"embeddable":true,"href":"https:\/\/www.r2cpress.com.br\/v1\/wp-json\/wp\/v2\/users\/2"}],"replies":[{"embeddable":true,"href":"https:\/\/www.r2cpress.com.br\/v1\/wp-json\/wp\/v2\/comments?post=51243"}],"version-history":[{"count":3,"href":"https:\/\/www.r2cpress.com.br\/v1\/wp-json\/wp\/v2\/posts\/51243\/revisions"}],"predecessor-version":[{"id":51246,"href":"https:\/\/www.r2cpress.com.br\/v1\/wp-json\/wp\/v2\/posts\/51243\/revisions\/51246"}],"wp:attachment":[{"href":"https:\/\/www.r2cpress.com.br\/v1\/wp-json\/wp\/v2\/media?parent=51243"}],"wp:term":[{"taxonomy":"category","embeddable":true,"href":"https:\/\/www.r2cpress.com.br\/v1\/wp-json\/wp\/v2\/categories?post=51243"},{"taxonomy":"post_tag","embeddable":true,"href":"https:\/\/www.r2cpress.com.br\/v1\/wp-json\/wp\/v2\/tags?post=51243"}],"curies":[{"name":"wp","href":"https:\/\/api.w.org\/{rel}","templated":true}]}}