{"id":51247,"date":"2012-10-04T22:55:21","date_gmt":"2012-10-05T01:55:21","guid":{"rendered":"http:\/\/www.r2cpress.com.br\/v1\/?p=51247"},"modified":"2012-10-04T22:55:21","modified_gmt":"2012-10-05T01:55:21","slug":"descaso-na-saude-de-ilheus","status":"publish","type":"post","link":"https:\/\/www.r2cpress.com.br\/v1\/2012\/10\/04\/descaso-na-saude-de-ilheus\/","title":{"rendered":"Descaso na sa\u00fade de Ilh\u00e9us."},"content":{"rendered":"<p>O fato aconteceu neta quinta feira 04\/10\/2012 por volta das duas horas da tarde, quando uma gestante de dois meses de gravides acompanhado pelo seu marido foi at\u00e9 o CSU Centro\u00a0Social Urbano em busca de atendimento medico e em seguida marcar o prenatal como sempre fizeram no mesmo local.<\/p>\n<div>\n<div id=\"attachment_51248\" style=\"width: 560px\" class=\"wp-caption aligncenter\"><a href=\"http:\/\/www.r2cpress.com.br\/v1\/wp-content\/uploads\/csu-gestante-04-10-2012.jpg\"><img aria-describedby=\"caption-attachment-51248\" loading=\"lazy\" class=\"size-full wp-image-51248\" title=\"csu gestante  04 10 2012\" src=\"http:\/\/www.r2cpress.com.br\/v1\/wp-content\/uploads\/csu-gestante-04-10-2012.jpg\" alt=\"\" width=\"550\" height=\"413\" srcset=\"https:\/\/www.r2cpress.com.br\/v1\/wp-content\/uploads\/csu-gestante-04-10-2012.jpg 550w, https:\/\/www.r2cpress.com.br\/v1\/wp-content\/uploads\/csu-gestante-04-10-2012-300x225.jpg 300w\" sizes=\"(max-width: 550px) 100vw, 550px\" \/><\/a><p id=\"caption-attachment-51248\" class=\"wp-caption-text\">Sa\u00fade &#8211; Ilh\u00e9us<\/p><\/div>\n<\/div>\n<div>A gestante foi atendida pelo medico, s\u00f3 que na hora de marcar o prenatal a enfermeira conhecida como CHEILA DE MELO negou o atendimento para a mulher gravida, dizendo que\u00a0n\u00e3o marcaria o prenatal, \u00a0n\u00e3o sei se foi um ato\u00a0discriminat\u00f3rio\u00a0ou descaso mesmo a mesma alegou que a gestante n\u00e3o era da\u00a0\u00e1rea. O marido da senhora gravida informou que sempre fez ali todos os procedimentos naquele posto de\u00a0sa\u00fade\u00a0medico e indagou qual seria o motivo verdadeiro para que dona CHEILA DE MELO (enfermeira) negasse um atendimento que \u00e9 um direito constitucional e ela disse &#8221;vai procurar a secretaria de\u00a0sa\u00fade para ver se ela\u00a0autoriza&#8221;.<\/div>\n<div><\/div>\n<div>\u00a0O marido informou que iria at\u00e9 a delegacia de policia fazer a\u00a0ocorr\u00eancia e voltar com o boletim para s\u00f3 assim ter o atendimento garantido, e a enfermeira mandou que ele fosse e que mesmo assim a gestante n\u00e3o seria atendida.<\/div>\n<div><\/div>\n<div>O que se nota neste caso \u00e9 que continua o descaso por parte do governo municipal, quando o assunto \u00e9 contrata\u00e7\u00e3o de\u00a0funcion\u00e1rios qualificados, e chamo a\u00a0aten\u00e7\u00e3o\u00a0do senhor prefeito Newton Lima que veja o caso dessa tal enfermeira\u00a0CHEILA DE MELO\u00a0e que trate a sociedade com mais respeito.<\/div>\n<div><\/div>\n<div><\/div>\n<div style=\"text-align: center;\"><span style=\"color: #ff0000;\"><strong>ESPA\u00c7O ABERTO PARA OS CITADOS &#8211; QUERENDO &#8211; SE MANIFESTAR.<\/strong><\/span><\/div>\n","protected":false},"excerpt":{"rendered":"<p>O fato aconteceu neta quinta feira 04\/10\/2012 por volta das duas horas da tarde, quando uma gestante de dois meses de gravides acompanhado pelo seu marido foi at\u00e9 o CSU Centro\u00a0Social Urbano em busca de atendimento medico e em seguida marcar o prenatal como sempre fizeram no mesmo local. A gestante foi atendida pelo medico, [&hellip;]<\/p>\n","protected":false},"author":2,"featured_media":0,"comment_status":"open","ping_status":"open","sticky":false,"template":"","format":"standard","meta":{"_links_to":"","_links_to_target":""},"categories":[10],"tags":[],"_links":{"self":[{"href":"https:\/\/www.r2cpress.com.br\/v1\/wp-json\/wp\/v2\/posts\/51247"}],"collection":[{"href":"https:\/\/www.r2cpress.com.br\/v1\/wp-json\/wp\/v2\/posts"}],"about":[{"href":"https:\/\/www.r2cpress.com.br\/v1\/wp-json\/wp\/v2\/types\/post"}],"author":[{"embeddable":true,"href":"https:\/\/www.r2cpress.com.br\/v1\/wp-json\/wp\/v2\/users\/2"}],"replies":[{"embeddable":true,"href":"https:\/\/www.r2cpress.com.br\/v1\/wp-json\/wp\/v2\/comments?post=51247"}],"version-history":[{"count":5,"href":"https:\/\/www.r2cpress.com.br\/v1\/wp-json\/wp\/v2\/posts\/51247\/revisions"}],"predecessor-version":[{"id":51253,"href":"https:\/\/www.r2cpress.com.br\/v1\/wp-json\/wp\/v2\/posts\/51247\/revisions\/51253"}],"wp:attachment":[{"href":"https:\/\/www.r2cpress.com.br\/v1\/wp-json\/wp\/v2\/media?parent=51247"}],"wp:term":[{"taxonomy":"category","embeddable":true,"href":"https:\/\/www.r2cpress.com.br\/v1\/wp-json\/wp\/v2\/categories?post=51247"},{"taxonomy":"post_tag","embeddable":true,"href":"https:\/\/www.r2cpress.com.br\/v1\/wp-json\/wp\/v2\/tags?post=51247"}],"curies":[{"name":"wp","href":"https:\/\/api.w.org\/{rel}","templated":true}]}}