{"id":51258,"date":"2012-10-04T23:11:30","date_gmt":"2012-10-05T02:11:30","guid":{"rendered":"http:\/\/www.r2cpress.com.br\/v1\/?p=51258"},"modified":"2012-10-04T23:11:30","modified_gmt":"2012-10-05T02:11:30","slug":"teatro-popular-de-ilheus-ocupara-antigo-grupo-escolar-general-osorio","status":"publish","type":"post","link":"https:\/\/www.r2cpress.com.br\/v1\/2012\/10\/04\/teatro-popular-de-ilheus-ocupara-antigo-grupo-escolar-general-osorio\/","title":{"rendered":"Teatro Popular de Ilh\u00e9us ocupar\u00e1 antigo Grupo Escolar General Os\u00f3rio"},"content":{"rendered":"<p><div id=\"attachment_51259\" style=\"width: 560px\" class=\"wp-caption aligncenter\"><a href=\"http:\/\/www.r2cpress.com.br\/v1\/wp-content\/uploads\/Teatro-Popular-de-Ilh\u00e9us-no-antigo-General-Os\u00f3rio-foto-Clodoaldo-Ribeiro.jpg\"><img aria-describedby=\"caption-attachment-51259\" loading=\"lazy\" src=\"http:\/\/www.r2cpress.com.br\/v1\/wp-content\/uploads\/Teatro-Popular-de-Ilh\u00e9us-no-antigo-General-Os\u00f3rio-foto-Clodoaldo-Ribeiro.jpg\" alt=\"\" title=\"Teatro Popular de Ilh\u00e9us no antigo General Os\u00f3rio - foto Clodoaldo Ribeiro\" width=\"550\" height=\"365\" class=\"size-full wp-image-51259\" srcset=\"https:\/\/www.r2cpress.com.br\/v1\/wp-content\/uploads\/Teatro-Popular-de-Ilh\u00e9us-no-antigo-General-Os\u00f3rio-foto-Clodoaldo-Ribeiro.jpg 550w, https:\/\/www.r2cpress.com.br\/v1\/wp-content\/uploads\/Teatro-Popular-de-Ilh\u00e9us-no-antigo-General-Os\u00f3rio-foto-Clodoaldo-Ribeiro-300x199.jpg 300w\" sizes=\"(max-width: 550px) 100vw, 550px\" \/><\/a><p id=\"caption-attachment-51259\" class=\"wp-caption-text\">General Os\u00f3rio<\/p><\/div><br \/>\nO pr\u00e9dio hist\u00f3rico que um dia abrigou o Grupo Escolar General Os\u00f3rio ser\u00e1 a nova sede do Teatro Popular de Ilh\u00e9us pelos pr\u00f3ximos 20 anos.  Na manh\u00e3 desta quinta-feira (04), o grupo assinou um Protocolo de Inten\u00e7\u00f5es junto ao Governo Municipal, que prev\u00ea o termo de permiss\u00e3o de uso do espa\u00e7o pelos artistas. \u201cFicamos surpresos quando a Prefeitura nos prop\u00f4s a ocupa\u00e7\u00e3o de um local que faz parte da identidade da sociedade ilheense\u201d, declarou o diretor do TPI, Romualdo Lisboa.<\/p>\n<p>            A assinatura do documento foi realizada em cerim\u00f4nia que contou com a presen\u00e7a de membros do Teatro Popular de Ilh\u00e9us e dos outros tr\u00eas grupos residentes da Casa dos Artistas de Ilh\u00e9us (Cia. Boi da Cara Preta, Grupo Teatral Maktub e Improviso Nordestino). Representando o executivo municipal, estavam o prefeito Newton Lima; o secret\u00e1rio de Governo e A\u00e7\u00f5es Estrat\u00e9gicas, Jorge Bahia; o procurador Pedro Germano e o chefe de gabinete, Jos\u00e9 Nazal.<br \/>\n<div id=\"attachment_51261\" style=\"width: 560px\" class=\"wp-caption aligncenter\"><a href=\"http:\/\/www.r2cpress.com.br\/v1\/wp-content\/uploads\/Assinatura-do-protocolo-de-inten\u00e7\u00f5es-permiss\u00e3o-de-uso-do-General-Os\u00f3rio-foto-Mary-Melga\u00e7o.jpg\"><img aria-describedby=\"caption-attachment-51261\" loading=\"lazy\" src=\"http:\/\/www.r2cpress.com.br\/v1\/wp-content\/uploads\/Assinatura-do-protocolo-de-inten\u00e7\u00f5es-permiss\u00e3o-de-uso-do-General-Os\u00f3rio-foto-Mary-Melga\u00e7o.jpg\" alt=\"\" title=\"Assinatura do protocolo de inten\u00e7\u00f5es permiss\u00e3o de uso do General Os\u00f3rio - foto Mary Melga\u00e7o\" width=\"550\" height=\"413\" class=\"size-full wp-image-51261\" srcset=\"https:\/\/www.r2cpress.com.br\/v1\/wp-content\/uploads\/Assinatura-do-protocolo-de-inten\u00e7\u00f5es-permiss\u00e3o-de-uso-do-General-Os\u00f3rio-foto-Mary-Melga\u00e7o.jpg 550w, https:\/\/www.r2cpress.com.br\/v1\/wp-content\/uploads\/Assinatura-do-protocolo-de-inten\u00e7\u00f5es-permiss\u00e3o-de-uso-do-General-Os\u00f3rio-foto-Mary-Melga\u00e7o-300x225.jpg 300w\" sizes=\"(max-width: 550px) 100vw, 550px\" \/><\/a><p id=\"caption-attachment-51261\" class=\"wp-caption-text\">Assinatura.<\/p><\/div><br \/>\nO TPI ir\u00e1 manter todas as a\u00e7\u00f5es j\u00e1 desempenhadas na Casa dos Artistas, visando sempre \u00e0 integra\u00e7\u00e3o com a comunidade. As atividades do grupo s\u00e3o financiadas pelo Fundo de Cultura da Bahia e j\u00e1 t\u00eam um cronograma definido at\u00e9 2015. \u201cH\u00e1 oito dias, soubemos que os propriet\u00e1rios do im\u00f3vel em que funciona a Casa dos Artistas, onde estamos h\u00e1 10 anos, n\u00e3o tinham interesse em renovar o contrato de aluguel. E, est\u00e1vamos preocupados, pois sem um local, ter\u00edamos dificuldade em cumprir o conv\u00eanio junto ao governo estadual. Mas, agora, com este novo espa\u00e7o, poderemos ampliar ainda mais nossas a\u00e7\u00f5es\u201d, disse o diretor do TPI.<\/p>\n<p><!--more--><\/p>\n<p>Para o prefeito Newton Lima, o Teatro Popular de Ilh\u00e9us \u00e9 um dos principais protagonistas da cultura ilheense. \u201cSabemos que o grupo tem projetos alvissareiros para a cultura de Ilh\u00e9us e regi\u00e3o. Diante da situa\u00e7\u00e3o enfrentada pelo TPI, surgiu a ideia de firmarmos um conv\u00eanio e passarmos o pr\u00e9dio do antigo General Os\u00f3rio, agregado \u00e0 Biblioteca Municipal\u201d, afirmou o chefe do executivo municipal.<\/p>\n<p>A permiss\u00e3o de uso do pr\u00e9dio hist\u00f3rico veio tamb\u00e9m atender a algumas dificuldades enfrentadas pelo TPI e demais grupos residentes da Casa dos Artistas. O espa\u00e7o f\u00edsico j\u00e1 se encontrava limitado diante o volume de atividades.  A Cia. Boi da Cara Preta, em processo de remontagem do musical Auto do Boi da Cara Preta, tem feito seus ensaios na rua, j\u00e1 que as salas se encontram ocupadas com oficinas.<\/p>\n<p>O presidente do Teatro Popular de Ilh\u00e9us, Bruno Susmaga, disse que, desde que o grupo assumiu a administra\u00e7\u00e3o da Casa dos Artistas em 2002, o espa\u00e7o foi dinamizado. \u201cAgradecemos \u00e0 fam\u00edlia de Hans Koella, que foi o mecenas que cedeu o im\u00f3vel gratuitamente para os artistas da regi\u00e3o. Agora, com um local maior e de tamanha relev\u00e2ncia hist\u00f3ria, o compromisso do TPI com a cultura regional \u00e9 ainda mais expressivo\u201d, destacou.<\/p>\n<p>De acordo com o plano de trabalho para os pr\u00f3ximos tr\u00eas anos, est\u00e3o previstas mais de seis mil horas de cursos e oficinas e exibi\u00e7\u00e3o de 144 filmes no Cineclube \u00c9quio Reis. Tamb\u00e9m ser\u00e3o realizados 32 debates sobre temas de interesse p\u00fablico, produzidos 90 v\u00eddeos curta-metragem, 18 encontros com escritores regionais e mais de 200 espet\u00e1culos de teatro, m\u00fasica e dan\u00e7a. A estimativa de p\u00fablico vai al\u00e9m de 100 mil pessoas.<\/p>\n<p>Ao ocupar o pr\u00e9dio hist\u00f3rico, o Teatro Popular de Ilh\u00e9us informa que a administra\u00e7\u00e3o do espa\u00e7o ficar\u00e1 totalmente a cargo do grupo, incluindo pagamento de contas e funcion\u00e1rios. O chefe de gabinete, Jos\u00e9 Nazal, inclusive, cobrou uma grande a\u00e7\u00e3o do TPI para celebrar os 100 anos do im\u00f3vel, em 31 de dezembro de 2015.<\/p>\n<p>A Prefeitura de Ilh\u00e9us est\u00e1 finalizando a reforma do antigo Grupo Escolar General Os\u00f3rio, que estava abrigando a Biblioteca P\u00fablica Municipal Adonias Filho e o Arquivo P\u00fablico Jo\u00e3o Mangabeira. O governo municipal se comprometeu a entregar o im\u00f3vel em condi\u00e7\u00f5es de uso dentro de 15 dias. E, segundo o secret\u00e1rio de Infraestrutura, Angelito Dias, a administradora Casa Azul Ltda. e GT Engenharia asseguraram a pintura do pr\u00e9dio.<\/p>\n","protected":false},"excerpt":{"rendered":"<p>O pr\u00e9dio hist\u00f3rico que um dia abrigou o Grupo Escolar General Os\u00f3rio ser\u00e1 a nova sede do Teatro Popular de Ilh\u00e9us pelos pr\u00f3ximos 20 anos. Na manh\u00e3 desta quinta-feira (04), o grupo assinou um Protocolo de Inten\u00e7\u00f5es junto ao Governo Municipal, que prev\u00ea o termo de permiss\u00e3o de uso do espa\u00e7o pelos artistas. \u201cFicamos surpresos [&hellip;]<\/p>\n","protected":false},"author":2,"featured_media":0,"comment_status":"open","ping_status":"open","sticky":false,"template":"","format":"standard","meta":{"_links_to":"","_links_to_target":""},"categories":[5],"tags":[],"_links":{"self":[{"href":"https:\/\/www.r2cpress.com.br\/v1\/wp-json\/wp\/v2\/posts\/51258"}],"collection":[{"href":"https:\/\/www.r2cpress.com.br\/v1\/wp-json\/wp\/v2\/posts"}],"about":[{"href":"https:\/\/www.r2cpress.com.br\/v1\/wp-json\/wp\/v2\/types\/post"}],"author":[{"embeddable":true,"href":"https:\/\/www.r2cpress.com.br\/v1\/wp-json\/wp\/v2\/users\/2"}],"replies":[{"embeddable":true,"href":"https:\/\/www.r2cpress.com.br\/v1\/wp-json\/wp\/v2\/comments?post=51258"}],"version-history":[{"count":3,"href":"https:\/\/www.r2cpress.com.br\/v1\/wp-json\/wp\/v2\/posts\/51258\/revisions"}],"predecessor-version":[{"id":51263,"href":"https:\/\/www.r2cpress.com.br\/v1\/wp-json\/wp\/v2\/posts\/51258\/revisions\/51263"}],"wp:attachment":[{"href":"https:\/\/www.r2cpress.com.br\/v1\/wp-json\/wp\/v2\/media?parent=51258"}],"wp:term":[{"taxonomy":"category","embeddable":true,"href":"https:\/\/www.r2cpress.com.br\/v1\/wp-json\/wp\/v2\/categories?post=51258"},{"taxonomy":"post_tag","embeddable":true,"href":"https:\/\/www.r2cpress.com.br\/v1\/wp-json\/wp\/v2\/tags?post=51258"}],"curies":[{"name":"wp","href":"https:\/\/api.w.org\/{rel}","templated":true}]}}