{"id":51264,"date":"2012-10-04T23:24:35","date_gmt":"2012-10-05T02:24:35","guid":{"rendered":"http:\/\/www.r2cpress.com.br\/v1\/?p=51264"},"modified":"2012-10-04T23:24:35","modified_gmt":"2012-10-05T02:24:35","slug":"prefeitura-municipal-de-ilheus-351","status":"publish","type":"post","link":"https:\/\/www.r2cpress.com.br\/v1\/2012\/10\/04\/prefeitura-municipal-de-ilheus-351\/","title":{"rendered":"Prefeitura Municipal de Ilh\u00e9us"},"content":{"rendered":"<p><center><a href=\"http:\/\/www.r2cpress.com.br\/v1\/wp-content\/uploads\/MONT-CAPA-06-F2.jpg\"><img loading=\"lazy\" src=\"http:\/\/www.r2cpress.com.br\/v1\/wp-content\/uploads\/MONT-CAPA-06-F2.jpg\" alt=\"\" title=\"MONT CAPA 06 F\" width=\"504\" height=\"504\" class=\"aligncenter size-full wp-image-51265\" srcset=\"https:\/\/www.r2cpress.com.br\/v1\/wp-content\/uploads\/MONT-CAPA-06-F2.jpg 504w, https:\/\/www.r2cpress.com.br\/v1\/wp-content\/uploads\/MONT-CAPA-06-F2-150x150.jpg 150w, https:\/\/www.r2cpress.com.br\/v1\/wp-content\/uploads\/MONT-CAPA-06-F2-300x300.jpg 300w\" sizes=\"(max-width: 504px) 100vw, 504px\" \/><\/a><br \/>\nProtocolo de Inten\u00e7\u00f5es garante cultura  de Ilh\u00e9us no pr\u00e9dio da Biblioteca P\u00fablica<br \/>\nEscola Pequeno Pr\u00edncipe ser\u00e1  inaugurada at\u00e9 o final do ano<br \/>\nSemin\u00e1rio discute sobre trabalho  do N\u00facleo de Vigil\u00e2ncia Hospitalar<br \/>\nAtualiza\u00e7\u00e3o do Censo Cultural  do munic\u00edpio prossegue este m\u00eas<br \/>\nEduca\u00e7\u00e3o de Jovens e Adultos realiza IX Torneio de Futsal<\/center> <\/p>\n<p><!--more--><\/p>\n<p>***<\/p>\n<p><strong>Protocolo de Inten\u00e7\u00f5es garante cultura  de Ilh\u00e9us no pr\u00e9dio da Biblioteca P\u00fablica <\/strong><\/p>\n<p>Durante cerim\u00f4nia realizada na manh\u00e3 desta quinta-feira (4), no Pal\u00e1cio Paranagu\u00e1, um Protocolo de Inten\u00e7\u00f5es foi assinado pelo prefeito de Ilh\u00e9us, Newton Lima, e o presidente do Teatro Popular de Ilh\u00e9us, Brunek de Almeida Susmaga (Bruno). No documento, fica formalizado o prop\u00f3sito do Munic\u00edpio de Ilh\u00e9us transferir a administra\u00e7\u00e3o do pr\u00e9dio do antigo Grupo Escolar General Os\u00f3rio para a entidade cultural, pelo prazo de 20 anos, atrav\u00e9s de Termo de Permiss\u00e3o de Uso de Bem P\u00fablico a ser firmado entre as partes.<br \/>\nNo protocolo, fica assegurada a inten\u00e7\u00e3o da institui\u00e7\u00e3o Teatro Popular de Ilh\u00e9us tamb\u00e9m administrar a Biblioteca P\u00fablica Municipal Adonias Filho, que possui cadastrados cerca de 35 mil t\u00edtulos, incluindo neste acervo uma quantidade significativa de obras raras da literatura brasileira. Inaugurado em 31 de dezembro de 1915, foi o pr\u00e9dio foi a primeira escola p\u00fablica municipal, se constituindo, portanto, num im\u00f3vel de relev\u00e2ncia para o patrim\u00f4nio hist\u00f3rico do munic\u00edpio, cujo estilo retrata a arquitetura e estilo da Belle \u00c9poque francesa.<br \/>\nInstalado na Casa dos Artistas, no Cal\u00e7ad\u00e3o Jorge Amado, o Teatro Popular de Ilh\u00e9us enfrentou diversos per\u00edodos de instabilidade, devido \u00e0 falta de apoio dos poderes p\u00fablicos, e desde 2008 vem tentando conquistar uma sede definitiva com apoio da Secretaria de Cultura do Estado da Bahia. \u201cPara realizar este volume de atividades o grupo necessitaria de um espa\u00e7o mais amplo\u201d, declara o diretor-art\u00edstico Romualdo Lisboa.<br \/>\nO diretor destaca, ainda, o quanto o grupo \u00e9 grato \u00e0 fam\u00edlia Hans Koella por estes 10 anos de ocupa\u00e7\u00e3o gratuita da Casa dos Artistas. \u201cPercebo este momento como uma oportunidade de conquistarmos uma sede pr\u00f3pria que atenda nossas necessidades art\u00edsticas e t\u00e9cnicas\u201d, diz. Entretanto, agora no in\u00edcio de outubro, os propriet\u00e1rios do im\u00f3vel solicitaram a desocupa\u00e7\u00e3o do espa\u00e7o at\u00e9 o \u00faltimo dia deste m\u00eas. Diante deste fato, o TPI anunciou a suspens\u00e3o de sua programa\u00e7\u00e3o no local a partir de novembro.<br \/>\nPr\u00e9dio da cultura &#8211; Sensibilizado com a situa\u00e7\u00e3o do TPI, o prefeito Newton Lima, em reuni\u00e3o com o secret\u00e1rio de Governo e A\u00e7\u00f5es Estrat\u00e9gicas, Jorge Bahia, foi verificada a possibilidade de o Munic\u00edpio ceder o pr\u00e9dio onde funciona a Biblioteca P\u00fablica Municipal Adonias Filho para a institui\u00e7\u00e3o. Ap\u00f3s a an\u00e1lise da viabilidade jur\u00eddica realizada pela Procuradoria Geral do Munic\u00edpio, ficou acordado a elabora\u00e7\u00e3o do Protocolo de Inten\u00e7\u00f5es, que ser\u00e1 substitu\u00eddo por um Termo de Permiss\u00e3o de Uso de Bem P\u00fablico.<br \/>\nExplicou Newton Lima, que a identidade e a hist\u00f3ria do pr\u00e9dio est\u00e1 em perfeita sintonia com o Teatro Popular de Ilh\u00e9us, principal protagonista da cultura ilheense, que a partir de agora tem mais um miss\u00e3o: cuidar de parte da hist\u00f3ria de Ilh\u00e9us. Para o presidente do TPI, Brunek Susmaga, essa a\u00e7\u00e3o do prefeito pode ser traduzida num sonho que nunca foi sonhado, tendo em vista o local disponibilizado. \u201cT\u00ednhamos a necessidade de um novo local para continuar nosso trabalho, mas nem de perto passava por nossas cabe\u00e7as ocupar um pr\u00e9dio com essa dimens\u00e3o hist\u00f3rica\u201d, ressaltou.<br \/>\nDe acordo com o protocolo, caber\u00e1 \u00e0s partes estimular e implementar a\u00e7\u00f5es conjuntas, somando esfor\u00e7os e mobilizando suas unidades, al\u00e9m de agregar novas entidades para implantar novas parcerias. Ainda segundo o documento, o protocolo n\u00e3o contempla o repasse de recursos financeiros entre as partes, possibilitando apenas a eventual aplica\u00e7\u00e3o direta de recursos no im\u00f3vel, ressalvada a anu\u00eancia do Poder P\u00fablico Municipal, no respeito \u00e0 legisla\u00e7\u00e3o de prote\u00e7\u00e3o ao patrim\u00f4nio p\u00fablico.<br \/>\nSegundo o chefe de Gabinete do Prefeito e historiador, Jos\u00e9 Nazal, elogiou a atitude do prefeito Newton Lima em ceder o im\u00f3vel ao TPI e disse que h\u00e1 uma simbiose perfeita entre o pr\u00e9dio e o grupo cultural representado pelo Teatro Popular de Ilh\u00e9us, que ter\u00e1 assumir o compromisso de realizar a comemora\u00e7\u00e3o do centen\u00e1rio do pr\u00e9dio, o que acontecer\u00e1 daqui a tr\u00eas anos. \u201cEssa \u00e9 mais uma demonstra\u00e7\u00e3o da democracia implantada por este governo e a hist\u00f3ria vai mostrar que este ano vai ser muito bom para a cultura de Ilh\u00e9us\u201d, frisou.<br \/>\nTeatro Popular de Ilh\u00e9us &#8211; Criado em setembro de 1995 e transformado em pessoa jur\u00eddica sem fins lucrativos em 15 de fevereiro de 2002, o Teatro Popular de Ilh\u00e9us tem como finalidade defender, retomar, promover a cultura popular, preservando os elementos essenciais da identidade cultural local. Ainda, segundo o estatuto, se constitui como objetivo de produzir, beneficiar, adquirir ou construir infraestrutura necess\u00e1ria para a produ\u00e7\u00e3o de espet\u00e1culos e manifesta\u00e7\u00f5es art\u00edsticas ligadas \u00e0s artes c\u00eanicas e pl\u00e1sticas e \u00e0 presta\u00e7\u00e3o art\u00edsticas e t\u00e9cnicas de servi\u00e7os, estudos e pesquisa.<br \/>\nReconhecida como entidade de utilidade p\u00fablica municipal pela Lei 3.005, de 03 de abril de 2003, o Teatro Popular de Ilh\u00e9us tem se destacado \u2013 sobretudo \u2013 pelos espet\u00e1culos que cria e apresenta em Ilh\u00e9us e na maioria das capitais brasileiras. Algumas de suas pe\u00e7as foram indicadas para concorrer a pr\u00eamios nacionais de relev\u00e2ncia, a exemplo do Pr\u00eamio Shell (uma indica\u00e7\u00e3o) e Pr\u00eamio Braskem (duas indica\u00e7\u00f5es).<br \/>\nDe acordo com o diretor-art\u00edstico do Teatro Popular de Ilh\u00e9us, Romualdo Lisboa, o plano de trabalho para os pr\u00f3ximos tr\u00eas anos mais de inclui seis mil horas de cursos e oficinas e exibi\u00e7\u00e3o de 144 filmes no Cineclube \u00c9quio Reis. Tamb\u00e9m ser\u00e3o realizados 32 debates sobre temas de interesse p\u00fablico, produzidos 90 v\u00eddeos curta-metragem, 18 encontros com escritores regionais e apresentados mais de 200 espet\u00e1culos de teatro, m\u00fasica e dan\u00e7a. A estimativa de p\u00fablico atendido vai al\u00e9m de 100 mil pessoas.<br \/>\nRomualdo Lisboa destacou que o pr\u00e9dio da Biblioteca P\u00fablica Adonias Filho atende \u00e0s necessidades da cultura, pois existem quatro grupos residentes do espa\u00e7o cultural (Teatro Popular de Ilh\u00e9us, Cia Boi da Cara Preta, Grupo Improviso Nordestino e Grupo Teatral Maktub). \u201cAgora todos os grupos ter\u00e3o espa\u00e7o para desenvolver seus ensaios e trabalhos e locais de forma totalmente independente, proporcionando um ganho na qualidade\u201d, concluiu o diretor.<\/p>\n<p><strong>Escola Pequeno Pr\u00edncipe ser\u00e1  inaugurada at\u00e9 o final do ano<\/strong><\/p>\n<p>As obras de constru\u00e7\u00e3o e amplia\u00e7\u00e3o da Escola Pequeno Pr\u00edncipe, localizada no alto da Conquista, nas imedia\u00e7\u00f5es da Pra\u00e7a Gracindo Silva, encontram-se em ritmo acelerado, com o levantamento das paredes do segundo andar. A previs\u00e3o do prefeito Newton Lima \u00e9 de que at\u00e9 o final do ano, quando estar\u00e1 concluindo o seu mandato, a nova e moderna unidade de ensino seja entregue \u00e0 popula\u00e7\u00e3o. Na vis\u00e3o do chefe do Executivo ilheense, com a inaugura\u00e7\u00e3o da nova escola, o munic\u00edpio conseguir\u00e1 ampliar a                     oferta de vagas e melhorar, de forma consider\u00e1vel, a qualidade da educa\u00e7\u00e3o em Ilh\u00e9us.<br \/>\nNa opini\u00e3o de Newton Lima, a Escola Pequeno Pr\u00edncipe est\u00e1 sendo constru\u00edda dentro dos modernos padr\u00f5es de engenharia e vai atender com dignidade aos estudantes do Alto da Conquista e adjac\u00eancias. \u201cInfelizmente tivemos alguns problemas durante a edifica\u00e7\u00e3o, mas com as mudan\u00e7as realizadas posso assegurar que a popula\u00e7\u00e3o ganhou em qualidade e quantidade\u201d, ressalta. Por sua vez, a secret\u00e1ria da Educa\u00e7\u00e3o, professora Lidiney Campos, informa que as novas instala\u00e7\u00f5es da Escola Pequeno Pr\u00edncipe funcionar\u00e3o, nos turnos da manh\u00e3 e da tarde, beneficiando alunos da Conquista, Avenida Itabuna e avenida Princesa Isabel, al\u00e9m dos altos adjacentes. \u201c\u00c9 o governo municipal trabalhando para dotar a rede de ensino de uma melhor estrutura\u201d, afirma.<br \/>\nSegundo Lidiney Campos, a nova Escola Pequeno Pr\u00edncipe ter\u00e1 14 salas de aula, brinquedoteca, espa\u00e7o digital de aprendizagem, sala de reuni\u00f5es, sala para professores, cantina, banheiros, secretaria e uma \u00e1rea de recrea\u00e7\u00e3o, tudo isso distribu\u00eddo em tr\u00eas pavimentos e em 750 metros quadrados de \u00e1rea constru\u00edda. Atualmente, a unidade funciona na sua antiga sede e em espa\u00e7os alugados. \u201cCom a entrega do novo pr\u00e9dio, teremos todas as condi\u00e7\u00f5es para sairmos dos atuais 350 alunos e chegarmos aos 500. Al\u00e9m disso, o alunado passar\u00e1 a desfrutar de instala\u00e7\u00f5es muito melhores, realidade fundamental para aperfei\u00e7oarmos o processo de ensino-aprendizagem\u201d, completa.<br \/>\nUma antiga reivindica\u00e7\u00e3o da comunidade do alto da Conquista e de \u00e1reas vizinhas, a reforma e amplia\u00e7\u00e3o da Escola Pequeno Pr\u00edncipe \u00e9 executada pela Secretaria de Infraestrutura, atrav\u00e9s de recursos pr\u00f3prios e do Fundo de Manuten\u00e7\u00e3o e Desenvolvimento da Educa\u00e7\u00e3o B\u00e1sica e de Valoriza\u00e7\u00e3o dos Profissionais da Educa\u00e7\u00e3o (Fundeb). O novo equipamento, que vai atender alunos da educa\u00e7\u00e3o infantil e do Ciclo II (seis anos), est\u00e1 sendo constru\u00eddo em conson\u00e2ncia com os conceitos da acessibilidade. <\/p>\n<p><strong>Semin\u00e1rio discute sobre trabalho  do N\u00facleo de Vigil\u00e2ncia Hospitalar <\/strong><\/p>\n<p>Com objetivo promover a sensibiliza\u00e7\u00e3o dos profissionais quanto \u00e0 import\u00e2ncia da vigil\u00e2ncia epidemiol\u00f3gica hospitalar e fortalecer as alian\u00e7as com as redes de prote\u00e7\u00e3o municipal, o N\u00facleo de Vigil\u00e2ncia Epidemiol\u00f3gica do Hospital Geral Luis Viana Filho, em Ilh\u00e9us, promoveu nesta quinta-feira (4) o I Semin\u00e1rio M\u00faltiplos Olhares do N\u00facleo de Vigil\u00e2ncia Epidemiol\u00f3gica. O evento foi realizado durante todo o dia no Hotel Barravento, no Malhado, e contou com a participa\u00e7\u00e3o de cerca de 80 profissionais.<br \/>\nO n\u00facleo, que atua desde 2009 atrav\u00e9s do trabalho multidisciplinar, tem a miss\u00e3o de detectar doen\u00e7as de notifica\u00e7\u00e3o compuls\u00f3ria atendidas no Hospital Regional. As notifica\u00e7\u00f5es podem ser de doen\u00e7as transmiss\u00edveis como pneumonias ou ainda doen\u00e7as de agravos suspeitos ou confirmados como acidentes de trabalho. Segundo Nai Silva, integrante do N\u00facleo todas as doen\u00e7as para notifica\u00e7\u00f5es s\u00e3o listadas pelo Minist\u00e9rio da Sa\u00fade e notificadas em uma ficha padronizada nacionalmente.<br \/>\nPara execu\u00e7\u00e3o de a\u00e7\u00f5es de controle de doen\u00e7as e agravos por parte da Vigil\u00e2ncia \u00e9 necess\u00e1rio informa\u00e7\u00f5es atualizadas sobre a ocorr\u00eancia dos mesmos. \u201cPortanto, a principal fonte destas informa\u00e7\u00f5es \u00e9 a notifica\u00e7\u00e3o de agravos e doen\u00e7as realizadas pelos profissionais de sa\u00fade, e por isso a import\u00e2ncia de sensibiliz\u00e1-los\u201d, informou a coordenadora do N\u00facleo, Ana Cristina Ramos.<br \/>\nAtrav\u00e9s da notifica\u00e7\u00e3o, o N\u00facleo realiza uma interface entre o Hospital, a Secretaria da Sa\u00fade e as Redes de Prote\u00e7\u00e3o, dependendo das particularidades de cada caso ou doen\u00e7a. Fazem parte da rede de prote\u00e7\u00e3o contra a viol\u00eancia \u00f3rg\u00e3os como Minist\u00e9rio P\u00fablico, Pol\u00edcia Militar, Conselho Tutelar, N\u00facleo da Mulher, Defensoria P\u00fablica, vara da Inf\u00e2ncia e Juventude entre outros.<br \/>\nParticiparam do Semin\u00e1rio pelo menos um representante de cada \u00f3rg\u00e3o da rede de prote\u00e7\u00e3o, profissionais do Hospital Regional Luis Viana Filho e tamb\u00e9m da rede municipal de sa\u00fade. O evento forneceu certifica\u00e7\u00e3o com carga hor\u00e1ria de 12 horas e contou com o apoio da 6\u00aa Diretoria Regional de Sa\u00fade e tamb\u00e9m da Secretaria da Sa\u00fade do Munic\u00edpio.<\/p>\n<p><strong>Atualiza\u00e7\u00e3o do Censo Cultural  do munic\u00edpio prossegue este m\u00eas<\/strong><\/p>\n<p>Prossegue at\u00e9 o fim deste m\u00eas a atualiza\u00e7\u00e3o do Censo Cultural do Munic\u00edpio promovido pela funda\u00e7\u00e3o cultural de Ilh\u00e9us e iniciado em setembro. A a\u00e7\u00e3o visa a prepara\u00e7\u00e3o do relat\u00f3rio Sistema Municipal de Informa\u00e7\u00f5es Indicadores culturais (SMIIC). O cadastro \u00e9 gratuito e poder\u00e1 ser feito acessando o link www.smiicilheus.blogspot.com.br.<br \/>\nO SMIIC tem como objetivos principais o mapeamento, a organiza\u00e7\u00e3o e a divulga\u00e7\u00e3o das atividades culturais ilheenses, incluindo informa\u00e7\u00f5es sobre estrutura (artistas, equipamentos culturais, grupos, eventos), gest\u00e3o (\u00f3rg\u00e3os p\u00fablicos, conselhos, fundos, legisla\u00e7\u00f5es, or\u00e7amentos e editais), financiamento, economia da cultura, patrim\u00f4nio material e imaterial, entre outras.<br \/>\nO presidente da Funda\u00e7\u00e3o Cultural de Ilh\u00e9us (Fundaci), Maur\u00edcio Corso, explica que todas as pol\u00edticas p\u00fablicas necessitam, para seu planejamento, de informa\u00e7\u00f5es e indicadores a respeito da realidade sobre a qual devem atuar. \u201cA pol\u00edtica cultural \u00e9, provavelmente, uma das que mais carecem de dados, embora esfor\u00e7os nesse sentido tenham sido realizados nos \u00faltimos anos\u201d, disse.<br \/>\nO Sistema Municipal de Informa\u00e7\u00f5es e Indicadores Culturais (SMIIC), objetiva estabelecer as bases tecnol\u00f3gicas para conectar-se com os demais Sistemas Nacional e Estadual. Isso possibilitar\u00e1 a produ\u00e7\u00e3o de indicadores municipais aplic\u00e1veis, de forma coerente, aos processos de formula\u00e7\u00e3o e implanta\u00e7\u00e3o de pol\u00edticas culturais de Ilh\u00e9us. Acompanham as a\u00e7\u00f5es tecnol\u00f3gicas atividades relacionadas \u00e0 capacita\u00e7\u00e3o t\u00e9cnica de pessoas para a forma\u00e7\u00e3o e atualiza\u00e7\u00e3o de equipes vinculadas \u00e0 gera\u00e7\u00e3o, tratamento e armazenamento de dados e informa\u00e7\u00f5es culturais.<\/p>\n<p><strong>Educa\u00e7\u00e3o de Jovens e Adultos realiza IX Torneio de Futsal <\/strong><\/p>\n<p>Os estudantes do programa de Educa\u00e7\u00e3o para Jovens e Adultos (EJA) participaram do IX Torneio de Futsal da Eja, evento, realizado no fim de setembro e que reuniu alunos, professores, diretores, supervisores, orientadores, funcion\u00e1rios e pessoas da comunidade para prestigiar os jogos da EJA. O evento j\u00e1 se consolidou como um importante momento de integra\u00e7\u00e3o entre esporte e lazer promovido pela Secretaria Municipal de Educa\u00e7\u00e3o.<br \/>\nO Gin\u00e1sio de Esportes Herval Soledade ficou repleto de participantes nas tr\u00eas noites de 18 \u00e0s 21h30min, hor\u00e1rio que aconteceu o torneio. O torneio contou com a participa\u00e7\u00e3o de 10 Centros de EJA que funcionam nas seguintes Unidades Escolares: Cai Darcy Ribeiro, Escola Municipal do Salobrinho, Escola Municipal do Banco da Vit\u00f3ria, Instituto Municipal de Ensino Eus\u00ednio Lavigne, Escola Municipal Professor Paulo Freire, Escola Municipal Them\u00edstocles Andrade, Escola Nucleada do Banco do Pedro, Escola Nucleada de Aritagu\u00e1 II, Escola Municipal Odete Salma Medauar, Escola Municipal Princesa Isabel.<br \/>\nSegundo a Coordenadora da EJA, Jozair Anuncia\u00e7\u00e3o do Amaral, esse \u00e9 um momento onde se promove uma maior integra\u00e7\u00e3o entre alunos e professores dos diversos Centros, al\u00e9m da valoriza\u00e7\u00e3o do esporte na vida dos jovens e adultos trabalhadores e o fortalecimento da autoestima, numa competi\u00e7\u00e3o saud\u00e1vel, prazerosa, respeitosa e de grande esp\u00edrito esportivo. \u201cFoi not\u00f3rio a garra e a vontade dos jogadores em fazer o melhor pela sua escola. Parabenizamos a todos os jogadores que participaram deste torneio e em especial as equipes campe\u00e3s: Escola Municipal Them\u00edstocles Andrade em 1\u00ba lugar e Escola Nucleada de Aritagu\u00e1 II em 2\u00ba lugar\u201d, ressaltou. <\/p>\n","protected":false},"excerpt":{"rendered":"<p>Protocolo de Inten\u00e7\u00f5es garante cultura de Ilh\u00e9us no pr\u00e9dio da Biblioteca P\u00fablica Escola Pequeno Pr\u00edncipe ser\u00e1 inaugurada at\u00e9 o final do ano Semin\u00e1rio discute sobre trabalho do N\u00facleo de Vigil\u00e2ncia Hospitalar Atualiza\u00e7\u00e3o do Censo Cultural do munic\u00edpio prossegue este m\u00eas Educa\u00e7\u00e3o de Jovens e Adultos realiza IX Torneio de Futsal<\/p>\n","protected":false},"author":2,"featured_media":0,"comment_status":"open","ping_status":"open","sticky":false,"template":"","format":"standard","meta":{"_links_to":"","_links_to_target":""},"categories":[23],"tags":[],"_links":{"self":[{"href":"https:\/\/www.r2cpress.com.br\/v1\/wp-json\/wp\/v2\/posts\/51264"}],"collection":[{"href":"https:\/\/www.r2cpress.com.br\/v1\/wp-json\/wp\/v2\/posts"}],"about":[{"href":"https:\/\/www.r2cpress.com.br\/v1\/wp-json\/wp\/v2\/types\/post"}],"author":[{"embeddable":true,"href":"https:\/\/www.r2cpress.com.br\/v1\/wp-json\/wp\/v2\/users\/2"}],"replies":[{"embeddable":true,"href":"https:\/\/www.r2cpress.com.br\/v1\/wp-json\/wp\/v2\/comments?post=51264"}],"version-history":[{"count":2,"href":"https:\/\/www.r2cpress.com.br\/v1\/wp-json\/wp\/v2\/posts\/51264\/revisions"}],"predecessor-version":[{"id":51267,"href":"https:\/\/www.r2cpress.com.br\/v1\/wp-json\/wp\/v2\/posts\/51264\/revisions\/51267"}],"wp:attachment":[{"href":"https:\/\/www.r2cpress.com.br\/v1\/wp-json\/wp\/v2\/media?parent=51264"}],"wp:term":[{"taxonomy":"category","embeddable":true,"href":"https:\/\/www.r2cpress.com.br\/v1\/wp-json\/wp\/v2\/categories?post=51264"},{"taxonomy":"post_tag","embeddable":true,"href":"https:\/\/www.r2cpress.com.br\/v1\/wp-json\/wp\/v2\/tags?post=51264"}],"curies":[{"name":"wp","href":"https:\/\/api.w.org\/{rel}","templated":true}]}}