{"id":5132,"date":"2010-12-23T17:08:11","date_gmt":"2010-12-23T20:08:11","guid":{"rendered":"http:\/\/www.r2cpress.com.br\/v1\/?p=5132"},"modified":"2010-12-23T17:08:11","modified_gmt":"2010-12-23T20:08:11","slug":"orgaos-afetados-por-incendio-da-oi-informam-novos-numeros-de-atendimento","status":"publish","type":"post","link":"https:\/\/www.r2cpress.com.br\/v1\/2010\/12\/23\/orgaos-afetados-por-incendio-da-oi-informam-novos-numeros-de-atendimento\/","title":{"rendered":"\u00d3rg\u00e3os afetados por inc\u00eandio da Oi informam novos n\u00fameros de atendimento"},"content":{"rendered":"<p>Alguns \u00f3rg\u00e3os p\u00fablicos, empresas e servi\u00e7os de intermedia\u00e7\u00e3o de m\u00e3o de obra est\u00e3o com os servi\u00e7os de atendimento ao p\u00fablico comprometidos, nesta quinta-feira, 23, devido ao inc\u00eandio ocorrido na ter\u00e7a-feira, 21, na Central de Telecomunica\u00e7\u00f5es da OI, no bairro do Itaigara. Para atender \u00e0 popula\u00e7\u00e3o, alguns destes \u00f3rg\u00e3os disponibilizaram n\u00fameros de contato tempor\u00e1rio com o p\u00fablico.<\/p>\n<p>Para casos de falta de energia e comunicados de ocorr\u00eancias envolvendo a rede el\u00e9trica, a Coelba informou que os usu\u00e1rios devem ligar para os n\u00fameros: (71) 9984-9759, (71) 9987-5605, (71) 9982-8333, (71) 9987- 5946, (71) 9987-7623, (71) 9987-9201, (71) 9989-5472, (71) 9977-0487 e (71) 9995- 6350. A liga\u00e7\u00e3o pode ser feita a cobrar, de qualquer regi\u00e3o do estado.<\/p>\n<p><!--more--><\/p>\n<p>A empresa Bahia G\u00e1s, Companhia de G\u00e1s do Estado, disponibilizou tr\u00eas n\u00fameros para contato com o servi\u00e7o de atendimento ao cliente e servi\u00e7o de emerg\u00eancia. Os usu\u00e1rios que procuram por estes servi\u00e7os devem ligar para (71) 3206-6132, (71) 3632-3450, (71) 3206-6186. O atendimento \u00e9 realizado 24h por dia.<\/p>\n<p>J\u00e1 o Servi\u00e7o Estadual de Intermedia\u00e7\u00e3o para o Trabalho (Sinebahia), informa que, em todo o estado, as unidades de atendimento est\u00e3o operando manualmente, apenas para a habilita\u00e7\u00e3o ao Seguro-Desemprego. A assessoria de comunica\u00e7\u00e3o do \u00f3rg\u00e3o alertou que a atividade de intermedia\u00e7\u00e3o de vagas de emprego, principal benef\u00edcio oferecido pelo Sinebahia, est\u00e1 temporariamente suspensa at\u00e9 que o fornecimento de internet da Oi seja restabelecido.<\/p>\n<p>Situa\u00e7\u00e3o normalizada &#8211; A Central de Atendimento da Ouvidoria Geral do Estado, que tamb\u00e9m teve seu funcionamento comprometido na manh\u00e3 de quarta-feira, 22, informou que seus servi\u00e7os foram normalizados na tarde do mesmo dia. Durante a suapens\u00e3o do atendimento, que \u00e9 realizado pelo n\u00famero 0800-284-0011, o cidad\u00e3o teve como alternativa para realizar suas reclama\u00e7\u00f5es o portal do \u00f3rg\u00e3o.<\/p>\n<p>J\u00e1 o Servi\u00e7o de Atendimento M\u00f3vel de Urg\u00eancia (Samu), n\u00e3o foi prejudicado pelo inc\u00eandio. Segundo a Secretaria Municipal de Sa\u00fade, o atendimento ao p\u00fablico do Samu \u00e9 realizado por outra operadora telef\u00f4nica e a popula\u00e7\u00e3o pode continuar solicitando o servi\u00e7o m\u00e9dico pelo n\u00famero 192, 24 horas por dia.<\/p>\n<p>&#8212;<br \/>\nNo <a href = \"http:\/\/atarde.com.br\/cidades\/noticia.jsf?id=5665519\" target = \"_news\"><b>A Tarde On Line<\/b><\/a><\/p>\n","protected":false},"excerpt":{"rendered":"<p>Alguns \u00f3rg\u00e3os p\u00fablicos, empresas e servi\u00e7os de intermedia\u00e7\u00e3o de m\u00e3o de obra est\u00e3o com os servi\u00e7os de atendimento ao p\u00fablico comprometidos, nesta quinta-feira, 23, devido ao inc\u00eandio ocorrido na ter\u00e7a-feira, 21, na Central de Telecomunica\u00e7\u00f5es da OI, no bairro do Itaigara. Para atender \u00e0 popula\u00e7\u00e3o, alguns destes \u00f3rg\u00e3os disponibilizaram n\u00fameros de contato tempor\u00e1rio com o [&hellip;]<\/p>\n","protected":false},"author":2,"featured_media":0,"comment_status":"open","ping_status":"open","sticky":false,"template":"","format":"standard","meta":{"_links_to":"","_links_to_target":""},"categories":[13],"tags":[],"_links":{"self":[{"href":"https:\/\/www.r2cpress.com.br\/v1\/wp-json\/wp\/v2\/posts\/5132"}],"collection":[{"href":"https:\/\/www.r2cpress.com.br\/v1\/wp-json\/wp\/v2\/posts"}],"about":[{"href":"https:\/\/www.r2cpress.com.br\/v1\/wp-json\/wp\/v2\/types\/post"}],"author":[{"embeddable":true,"href":"https:\/\/www.r2cpress.com.br\/v1\/wp-json\/wp\/v2\/users\/2"}],"replies":[{"embeddable":true,"href":"https:\/\/www.r2cpress.com.br\/v1\/wp-json\/wp\/v2\/comments?post=5132"}],"version-history":[{"count":2,"href":"https:\/\/www.r2cpress.com.br\/v1\/wp-json\/wp\/v2\/posts\/5132\/revisions"}],"predecessor-version":[{"id":5134,"href":"https:\/\/www.r2cpress.com.br\/v1\/wp-json\/wp\/v2\/posts\/5132\/revisions\/5134"}],"wp:attachment":[{"href":"https:\/\/www.r2cpress.com.br\/v1\/wp-json\/wp\/v2\/media?parent=5132"}],"wp:term":[{"taxonomy":"category","embeddable":true,"href":"https:\/\/www.r2cpress.com.br\/v1\/wp-json\/wp\/v2\/categories?post=5132"},{"taxonomy":"post_tag","embeddable":true,"href":"https:\/\/www.r2cpress.com.br\/v1\/wp-json\/wp\/v2\/tags?post=5132"}],"curies":[{"name":"wp","href":"https:\/\/api.w.org\/{rel}","templated":true}]}}