{"id":51351,"date":"2012-10-05T13:16:52","date_gmt":"2012-10-05T16:16:52","guid":{"rendered":"http:\/\/www.r2cpress.com.br\/v1\/?p=51351"},"modified":"2012-10-05T13:16:52","modified_gmt":"2012-10-05T16:16:52","slug":"a-eleicao-do-samba-depois-das-urnas","status":"publish","type":"post","link":"https:\/\/www.r2cpress.com.br\/v1\/2012\/10\/05\/a-eleicao-do-samba-depois-das-urnas\/","title":{"rendered":"A elei\u00e7\u00e3o do SAMBA, depois das URNAS"},"content":{"rendered":"<p>Neste domingo, 7 de outubro, o Clube do Samba reunir\u00e1, em Ilh\u00e9us, m\u00fasicos e sambistas numa tarde regada pelo ritmo mais cadenciado da m\u00fasica popular brasileira. Confira a seguir mais informa\u00e7\u00f5es sobre o samba em Ilh\u00e9us e no Brasil.<\/p>\n<p style=\"text-align: left;\"><em><strong>Por Anna Karenina 4085\/BA<\/strong><\/em> <a href=\"mailto:maorilevejunto@gmail.com\" target=\"_blank\">maorilevejunto@gmail.com<\/a><\/p>\n<div style=\"text-align: left;\">\nAp\u00f3s a vota\u00e7\u00e3o das elei\u00e7\u00f5es, em 7 de outubro, \u00e0s 13 horas, se inicia a melhor programa\u00e7\u00e3o do domingo, no Clube do Samba, em Ilh\u00e9us, situado na Avenida Alian\u00e7a, n\u00ba 51, bairro da Conquista. M\u00fasicos, artistas, poetas, agentes culturais e apreciadores da mpb se reunir\u00e3o para apreciar o som de Leonardo Leo com as participa\u00e7\u00f5es de Herval Lemos, Irm\u00e3o, S\u00e9rgio Nogueira, Cl\u00e1udio Vieira, Luana e Eloah Monteiro, m\u00fasicos conceituados e amantes do samba. Ingressos R$10,00.<\/p>\n<p>O Clube do Samba \u00e9 uma casa de confraria formada no ano de 2007, em homenagem ao ilustre sambista ilheense, Jo\u00e3ozinho Alfaiate (in memoriam) por uma gera\u00e7\u00e3o ativa e conceituada de sambistas, int\u00e9rpretes, compositores e instrumentistas, que se re\u00fanem para fazer m\u00fasica elevada de alta qualidade sonora. Presidido pelo percussionista Jorge Ivan Rodriguez, filho do homenageado e casado com Agda Silva, o Clube \u00e9 tamb\u00e9m composto pelos m\u00fasicos D\u00e9lio Santiago, Herval Lemos, S\u00e9rgio Nogueira, Gil Lucas, Priscila Benevides, Irm\u00e3o, Djalma, Cl\u00e1udio Vieira, Luana e Lito Vieira.<\/p>\n<p>Um pouco de Hist\u00f3ria<\/p>\n<p>Natural de Ilh\u00e9us e nascido em 8 de mar\u00e7o de 1929, Jo\u00e3ozinho era m\u00fasico de rua e costumava tocar bolero e samba nos bares da cidade, geralmente no Bar de Treita da Avenida Itabuna, no Bar Capixabinha do bairro da Conquista e na Mar\u00e9 Mansa, da Cachoeira do Ro\u00e7a. Casou-se com L\u00e9lia Rodriguez Ara\u00fajo, e, junto com seus contempor\u00e2neos, formou um grupo de seresta marcando a hist\u00f3ria do samba na cidade.<\/p>\n<p>A \u201cVelha Guarda\u201d pode ser lembrada em Ilh\u00e9us por nomes de m\u00fasicos como os de Seu Gordura (in memoriam), considerado o mestre de todos os cantores, e Odraude, personalidade que vivenciou a \u00e9poca em que o bolero, a seresta e o samba se misturavam nas cantorias e sal\u00f5es da d\u00e9cada de 1950 em diante. Assim acontecia o samba mesclado com outros ritmos nos bailes dan\u00e7antes no antigo \u201cBerro D\u2019\u00e1gua\u201d, onde \u00e9 hoje Hotel Opaba, no Pontal, em Ilh\u00e9us. Ligado nas manifesta\u00e7\u00f5es culturais da cidade, Odraude \u00e9 uma personalidade formid\u00e1vel e distinta que guarda, em suas lembran\u00e7as existentes, relatos que marcaram \u00e9poca, assim como hoje guardam os m\u00fasicos M\u00e3o Branca e Ant\u00f4nio Muniz, contempor\u00e2neos de Jo\u00e3ozinho Alfaiate, ao lado de Clovis Farias e Assis.<\/p>\n<p>Pano pra manga<\/p><\/div>\n<div style=\"text-align: left;\"><!--more--><\/p>\n<p>Pr\u00f3pria da cultura humana, a m\u00fasica \u00e9 uma arte capaz de tocar a alma, com seus g\u00eaneros, arranjos, melodias e ritmos. Sem d\u00favidas, o samba \u00e9 um estilo musical que se diferencia dos demais pela sua cad\u00eancia e embalo peculiar, tornando-se eminente o poder de atrair e envolver as pessoas no seu compasso e emana\u00e7\u00e3o de musicalidade elevada. O g\u00eanero surgiu no Brasil com origem de raiz africana, e \u00e9 considerado como uma das principais manifesta\u00e7\u00f5es da cultura popular.<\/p>\n<p>Mas, no Brasil, onde o samba teria nascido primeiro? Na Bahia ou no Rio de Janeiro? Fontes tradicionais de informa\u00e7\u00e3o na internet, com refer\u00eancias da Biblioteca Nacional, como a Wikip\u00e9dia Enciclop\u00e9dia, apontam que como g\u00eanero, o samba \u00e9 entendido como uma express\u00e3o musical urbana do Rio de Janeiro. Mas, anteriormente, a pesquisa demonstra que dentre as caracter\u00edsticas originais do samba, \u201ca dan\u00e7a \u00e9 acompanhada por pequenas frases mel\u00f3dicas e refr\u00f5es de cria\u00e7\u00e3o an\u00f4nima, alicerces do samba-de-roda nascido no Rec\u00f4ncavo Baiano\u201d, que s\u00f3 chegou no Rio de Janeiro na segunda metade do s\u00e9culo XIX. Para quem conhece mais sobre essa cultura popular, sabe que o samba-de-roda \u00e9 uma manifesta\u00e7\u00e3o que est\u00e1 inserida junto com a capoeira. Estudos e os pr\u00f3prios relatos das ladainhas de antigos mestres da Bahia apontam que a capoeira nasceu em Santo Amaro, cidade situada justamente no Rec\u00f4ncavo Baiano.<\/p>\n<p>A letra da m\u00fasica \u201cOnde o Rio \u00e9 mais baiano\u201d, de Caetano Veloso, por exemplo, diz que \u201cA Bahia\/ Esta\u00e7\u00e3o primeira do Brasil\/ Ao ver a mangueira inteira nela se viu\/ Exibiu-se sua face verdadeira\/ Que alegria\/ N\u00e3o ter sido em v\u00e3o o que ela expediu\/ As Ciatas para trazerem o samba pro Rio\/ (Pois o mito surgiu desta maneira)\u201d. A constru\u00e7\u00e3o da letra, sua linguagem e ornamenta\u00e7\u00e3o de palavras, evidenciam a forma de surgimento do samba no Brasil e um mito em torno desse evento. A m\u00fasica \u201cPelo Telefone\u201d, \u00e9 considerada o primeiro samba gravado em disco no Brasil, em 1917, no Rio de Janeiro, criada na casa de \u201cTia Ciata\u201d, personalidade baiana soteropolitana, onde se frequentavam v\u00e1rios m\u00fasicos que teriam criado o primeiro samba gravado. Mas \u201cPelo Telefone\u201d, \u00e9 uma can\u00e7\u00e3o com autoria reivindicada por Ernesto dos Santos, conhecido como Donga, com co-autoria do cronista carnavalesco, Mauro de Almeida.<\/p>\n<p>Tia Ciata, cozinheira e m\u00e3e de santo, de nome Hil\u00e1ria Batista de Almeida, foi uma ativista em animar e ajudar a difundir a cultura negra nas ra\u00edzes das favelas cariocas, e \u00e9 em men\u00e7\u00e3o \u00e0 ela que o trecho da m\u00fasica de Caetano Veloso \u201cAs Ciatas para trazerem o samba pro Rio\/ (Pois o mito surgiu desta maneira)\u201d, insinua que na verdade o samba nasceu na Bahia, que tentaram levar o samba pro Rio, mas que \u00e9 um mito que ele seja de origem carioca. A letra \u201cSamba da Ben\u00e7\u00e3o\u201d de Toquinho e Vinicius de Moraes, narra que \u201cPorque o Samba nasceu l\u00e1 na Bahia\/ E se hoje ele \u00e9 branco \u00e9 na poesia\/ Ele \u00e9 negro demais no cora\u00e7\u00e3o\u201d.<\/p>\n<p>A saideira, por favor!<\/p>\n<p>Jorge Ivan, filho de Jo\u00e3ozinho Alfaiate, que tem como refer\u00eancias musicais Jo\u00e3o Gilberto, Novos Baianos, Vicente Celestino, Gilberto Alves, Oswaldo Fael, Morena Belado, Jo\u00e3o Nogueira, Os Mutantes, o MPB de Gabriel Santiago, e estilos como o Fox, Bolero, Jazz, Blues do Texas, entre outros, ratifica que o samba veio mesmo da m\u00e3e \u00c1frica e defende com veem\u00eancia que, no Brasil, nasceu sim na Bahia. O m\u00fasico ilheense Herval Lemos, concorda, e acresce dizendo que s\u00f3 depois Tia Aciata levou o samba para ser difundido no Rio de Janeiro. Para o m\u00fasico soteropolitano Cl\u00e1udio Vieira, \u201co samba \u00e9 como um transe espiritual, a express\u00e3o de todos os orix\u00e1s nessa manifesta\u00e7\u00e3o cultural\u201d.<\/p>\n<p>Lemos reflete dizendo que \u201co Sol \u00e9 para todos. Mas a arte na sua ess\u00eancia, sem influ\u00eancia de nada, em fun\u00e7\u00e3o somente do amor, \u00e9 para alguns\u201d. Ele explica que \u201cexistem v\u00e1rios tipos de samba, como o samba-can\u00e7\u00e3o, samba-de-breque, samba-exalta\u00e7\u00e3o, samba-enredo, samba-rock, samba-de-roda, partido alto, chula, bossa nova, samba-de-gafieira, samba-reggae, samba-do-criolo-doido, entre outros&#8230;\u201d Para Lemos, a base instrumental para fazer samba parte principalmente do pandeiro, cavaquinho e tamborim, em seguida o viol\u00e3o, chocalho, timbau e agog\u00f4.<\/p>\n<p>Podemos citar can\u00e7\u00f5es como \u201cAs Meninas de Batom\u201d, composi\u00e7\u00e3o de Herval Lemos, \u201cDias de Samba\u201d e \u201cSalve Salvador\u201d, de S\u00e9rgio Nogueira, \u201cBang bang\u201d de Gil Lucas, \u201cMandinga\u201d, de Cl\u00e1udio Vieira, como obras que resultaram dos encontros sambistas et\u00edlicos no Clube do Samba, e que aos seus modos peculiares narram, traduzem e guardam a mem\u00f3ria das pessoas, emo\u00e7\u00f5es e sentimentos despertados durante inspira\u00e7\u00f5es po\u00e9ticas e musicais.<\/p>\n<p>Felizmente existem recintos onde quer que estejam situados, \u00e9 poss\u00edvel encontrar pessoas que exercem a mesma atividade, modo de vida ou apreciam uma determinada cultura, e que possuem particularidades em comum, por afinidades de gostos, em perceber um sentimento de uma unidade confraterna \u2013 e isso acontece h\u00e1 mil\u00eanios nas diversas formas de organiza\u00e7\u00f5es e sociedades dos grupos humanos. E o Clube do Samba \u00e9 assim, um acontecimento onde voc\u00ea sente sua raiz na m\u00fasica popular brasileira, nesse processo de identidade cultural.<\/p><\/div>\n","protected":false},"excerpt":{"rendered":"<p>Neste domingo, 7 de outubro, o Clube do Samba reunir\u00e1, em Ilh\u00e9us, m\u00fasicos e sambistas numa tarde regada pelo ritmo mais cadenciado da m\u00fasica popular brasileira. Confira a seguir mais informa\u00e7\u00f5es sobre o samba em Ilh\u00e9us e no Brasil. Por Anna Karenina 4085\/BA maorilevejunto@gmail.com Ap\u00f3s a vota\u00e7\u00e3o das elei\u00e7\u00f5es, em 7 de outubro, \u00e0s 13 [&hellip;]<\/p>\n","protected":false},"author":2,"featured_media":0,"comment_status":"open","ping_status":"open","sticky":false,"template":"","format":"standard","meta":{"_links_to":"","_links_to_target":""},"categories":[5],"tags":[],"_links":{"self":[{"href":"https:\/\/www.r2cpress.com.br\/v1\/wp-json\/wp\/v2\/posts\/51351"}],"collection":[{"href":"https:\/\/www.r2cpress.com.br\/v1\/wp-json\/wp\/v2\/posts"}],"about":[{"href":"https:\/\/www.r2cpress.com.br\/v1\/wp-json\/wp\/v2\/types\/post"}],"author":[{"embeddable":true,"href":"https:\/\/www.r2cpress.com.br\/v1\/wp-json\/wp\/v2\/users\/2"}],"replies":[{"embeddable":true,"href":"https:\/\/www.r2cpress.com.br\/v1\/wp-json\/wp\/v2\/comments?post=51351"}],"version-history":[{"count":3,"href":"https:\/\/www.r2cpress.com.br\/v1\/wp-json\/wp\/v2\/posts\/51351\/revisions"}],"predecessor-version":[{"id":51354,"href":"https:\/\/www.r2cpress.com.br\/v1\/wp-json\/wp\/v2\/posts\/51351\/revisions\/51354"}],"wp:attachment":[{"href":"https:\/\/www.r2cpress.com.br\/v1\/wp-json\/wp\/v2\/media?parent=51351"}],"wp:term":[{"taxonomy":"category","embeddable":true,"href":"https:\/\/www.r2cpress.com.br\/v1\/wp-json\/wp\/v2\/categories?post=51351"},{"taxonomy":"post_tag","embeddable":true,"href":"https:\/\/www.r2cpress.com.br\/v1\/wp-json\/wp\/v2\/tags?post=51351"}],"curies":[{"name":"wp","href":"https:\/\/api.w.org\/{rel}","templated":true}]}}