{"id":51365,"date":"2012-10-05T16:04:39","date_gmt":"2012-10-05T19:04:39","guid":{"rendered":"http:\/\/www.r2cpress.com.br\/v1\/?p=51365"},"modified":"2012-10-05T16:04:39","modified_gmt":"2012-10-05T19:04:39","slug":"final-de-semana-ensolarado-e-sem-chuvas-na-maior-parte-do-estado","status":"publish","type":"post","link":"https:\/\/www.r2cpress.com.br\/v1\/2012\/10\/05\/final-de-semana-ensolarado-e-sem-chuvas-na-maior-parte-do-estado\/","title":{"rendered":"Final de semana ensolarado e sem chuvas na maior parte do Estado"},"content":{"rendered":"<p>A massa de ar quente e seco que j\u00e1 atua h\u00e1 v\u00e1rias semanas sobre o Nordeste e Centro-Oeste do Brasil, continua intensa durante este final de semana, reduzindo a nebulosidade e, consequentemente, as chuvas em grande parte dessas Regi\u00f5es.<\/p>\n<p>Na Bahia, a influ\u00eancia dessa massa de ar \u00e9 mais evidente na faixa centro-oeste e norte do Estado, onde se mant\u00eam o c\u00e9u claro, as maiores temperaturas (com m\u00e1ximas de at\u00e9 36\u00b0C) e os menores \u00edndices de umidade do ar (com valores podendo chegar aos 30% no meio da tarde).<\/p>\n<p>Por outro lado, na faixa centro-leste do Estado s\u00e3o os ventos \u00famidos vindos do Oceano Atl\u00e2ntico, que dever\u00e3o manter o c\u00e9u parcialmente nublado a claro com chuvas fracas e isoladas, sendo estas mais frequentes nas \u00e1reas mais pr\u00f3ximas ao litoral (que inclui a cidade de Salvador e regi\u00e3o metropolitana). Nessa regi\u00e3o do Estado, as temperaturas dever\u00e3o variar entre m\u00ednimas de 14\u00b0C (na Chapada Diamantina e Sudoeste) e m\u00e1ximas de 33\u00b0C (no Rec\u00f4ncavo e Nordeste).<\/p>\n<p><strong><\/strong> <strong>Mar\u00e9<\/strong><\/p>\n<p>Entre os dias 05 (sexta-feira) e 07 (domingo) de outubro, a altura m\u00e1xima da mar\u00e9 dever\u00e1 atingir valores de 1,4 a 2,0 metros em torno das 07h00min e das 19h00min. J\u00e1 as alturas m\u00ednimas dever\u00e3o ser registradas em torno de 01h00min e das 13h00min, com valores variando de 0,5 a 1,0 metro. As ondas dever\u00e3o ter agita\u00e7\u00e3o de moderada a fraca, com altura m\u00e1xima podendo chegar a 2,0 metros.<\/p>\n<p><strong><\/strong> <strong>\u00cdndice de Radia\u00e7\u00e3o Ultravioleta (IUV&#8217;s)<\/strong><\/p>\n<p>Os \u00cdndices de Radia\u00e7\u00e3o Ultravioleta (IUV\u0092s) previstos para o per\u00edodo de 05 a 07 de outubro\u00a0dever\u00e3o variar de 12 a 14, que segundo a Organiza\u00e7\u00e3o Mundial de Sa\u00fade (OMS) fazem parte da categoria \u0093Extrema\u0094. Com isso, cuidados como evitar exposi\u00e7\u00e3o prolongada \u00e0 radia\u00e7\u00e3o solar, principalmente nos hor\u00e1rios das 10 \u00e0s 16 horas, o uso de protetor\/filtro solar, chap\u00e9us, bon\u00e9s, \u00f3culos escuros e roupas leves s\u00e3o essenciais para minimizar danos \u00e0 sa\u00fade, sobretudo a pele e aos olhos.<\/p>\n<div>\n<div id=\":1zv\" data-tooltip=\"Mostrar conte\u00fado cortado\"><img src=\"http:\/\/mail.globo.com\/mail\/images\/cleardot.gif\" alt=\"\" \/><\/div>\n<\/div>\n","protected":false},"excerpt":{"rendered":"<p>A massa de ar quente e seco que j\u00e1 atua h\u00e1 v\u00e1rias semanas sobre o Nordeste e Centro-Oeste do Brasil, continua intensa durante este final de semana, reduzindo a nebulosidade e, consequentemente, as chuvas em grande parte dessas Regi\u00f5es. Na Bahia, a influ\u00eancia dessa massa de ar \u00e9 mais evidente na faixa centro-oeste e norte [&hellip;]<\/p>\n","protected":false},"author":2,"featured_media":0,"comment_status":"open","ping_status":"open","sticky":false,"template":"","format":"standard","meta":{"_links_to":"","_links_to_target":""},"categories":[29],"tags":[],"_links":{"self":[{"href":"https:\/\/www.r2cpress.com.br\/v1\/wp-json\/wp\/v2\/posts\/51365"}],"collection":[{"href":"https:\/\/www.r2cpress.com.br\/v1\/wp-json\/wp\/v2\/posts"}],"about":[{"href":"https:\/\/www.r2cpress.com.br\/v1\/wp-json\/wp\/v2\/types\/post"}],"author":[{"embeddable":true,"href":"https:\/\/www.r2cpress.com.br\/v1\/wp-json\/wp\/v2\/users\/2"}],"replies":[{"embeddable":true,"href":"https:\/\/www.r2cpress.com.br\/v1\/wp-json\/wp\/v2\/comments?post=51365"}],"version-history":[{"count":3,"href":"https:\/\/www.r2cpress.com.br\/v1\/wp-json\/wp\/v2\/posts\/51365\/revisions"}],"predecessor-version":[{"id":51368,"href":"https:\/\/www.r2cpress.com.br\/v1\/wp-json\/wp\/v2\/posts\/51365\/revisions\/51368"}],"wp:attachment":[{"href":"https:\/\/www.r2cpress.com.br\/v1\/wp-json\/wp\/v2\/media?parent=51365"}],"wp:term":[{"taxonomy":"category","embeddable":true,"href":"https:\/\/www.r2cpress.com.br\/v1\/wp-json\/wp\/v2\/categories?post=51365"},{"taxonomy":"post_tag","embeddable":true,"href":"https:\/\/www.r2cpress.com.br\/v1\/wp-json\/wp\/v2\/tags?post=51365"}],"curies":[{"name":"wp","href":"https:\/\/api.w.org\/{rel}","templated":true}]}}