{"id":51374,"date":"2012-10-05T19:07:20","date_gmt":"2012-10-05T22:07:20","guid":{"rendered":"http:\/\/www.r2cpress.com.br\/v1\/?p=51374"},"modified":"2012-10-05T19:07:20","modified_gmt":"2012-10-05T22:07:20","slug":"concilio-vaticano-ii-sob-o-signo-da-alegria-e-da-esperanca","status":"publish","type":"post","link":"https:\/\/www.r2cpress.com.br\/v1\/2012\/10\/05\/concilio-vaticano-ii-sob-o-signo-da-alegria-e-da-esperanca\/","title":{"rendered":"Conc\u00edlio Vaticano II : sob o signo da alegria e da esperan\u00e7a"},"content":{"rendered":"<div style=\"width: 246px\" class=\"wp-caption alignleft\"><img loading=\"lazy\" src=\"http:\/\/www.r2cpress.com.br\/v1\/wp-content\/uploads\/dom-Mauro_2261.jpg\" alt=\"\" width=\"236\" height=\"255\" \/><p class=\"wp-caption-text\">Dom Mauro Montagnoli \/ Bispo diocesano de Ilh\u00e9us<\/p><\/div>\n<p><strong><\/strong>Neste m\u00eas de outubro de 2012, exatamente no dia 11, se completam 50 anos da inaugura\u00e7\u00e3o oficial do Conc\u00edlio Vaticano II, acontecida a 11 de outubro de 1962.<\/p>\n<p>No dia 25 de janeiro de 1959 o papa Jo\u00e3o XXIII surpreendeu o mundo com o an\u00fancio do Conc\u00edlio e desencadeou todo o processo conciliar.<\/p>\n<p>A convoca\u00e7\u00e3o se deu no dia 25 de dezembro de 1961. Com o documento \u201cHumanae Salutis\u201d, o papa Jo\u00e3o XXIII, no natal de 1961, convocava o Conc\u00edlio, e estabelecia o ano de 1962 como o ano da abertura oficial do Conc\u00edlio. N\u00e3o demorou muito para o papa escolher uma data bonita e simb\u00f3lica: o dia 11 de outubro, em que lembrava a conclus\u00e3o do Conc\u00edlio de \u00c9feso, acontecido no ano 451.<\/p>\n<p>Como os peregrinos sentiam alegria ao ver Jerusal\u00e9m \u00e0s portas, depois de longa caminhada, assim foi naquele dia t\u00e3o esperado, em que finalmente come\u00e7aria o Conc\u00edlio proposto pelo papa Jo\u00e3o XXIII.<\/p>\n<p>No Ano da F\u00e9, convocado pelo papa Bento XVI, somos convidados a descobrir quais foram os motivos de tanta alegria. E ver se conseguimos tamb\u00e9m hoje, depois de 50 anos, reencontrar caminhos de esperan\u00e7a, para a Igreja e para a humanidade.<\/p>\n<p>Na abertura do Conc\u00edlio, ficou famoso o discurso do papa Jo\u00e3o XXIII. Ele transmitiu a certeza de que o Conc\u00edlio era fruto de inspira\u00e7\u00e3o divina, e que tinha chegado a hora da Igreja se renovar, se aproximar do mundo de hoje, e se colocar a servi\u00e7o da humanidade, com a qual queria assumir solidariamente suas grandes causas, e a ela oferecer a luz do Evangelho.<\/p>\n<p>Ele come\u00e7ou seu discurso com a bonita express\u00e3o: \u201cGaudet Mater Ecclesia\u201d, \u201cAlegra-se a M\u00e3e Igreja\u201d. Foram as primeiras palavras do Conc\u00edlio.<\/p>\n<p>Quatro anos depois, terminava o Conc\u00edlio com as mesmas palavras de alegria e de esperan\u00e7a. O \u00faltimo documento aprovado do Conc\u00edlio foi a constitui\u00e7\u00e3o pastoral sobre a Igreja no mundo de hoje. Ele come\u00e7a com as palavras: \u201cGaudium et Spes\u201d, \u201cAs alegrias e as esperan\u00e7as\u201d.<\/p>\n<p><!--more--><\/p>\n<p>\u00c9 significativa esta constata\u00e7\u00e3o. Entre o in\u00edcio e o fim do Conc\u00edlio, h\u00e1 uma coincid\u00eancia especial. No come\u00e7o, a alegria da Igreja que via chegar o dia t\u00e3o esperado. No final, esta mesma alegria, alargada para toda a humanidade.<\/p>\n<p>\u201cGaudet Mater Ecclesia\u201d, e \u201cGaudium et Spes\u201d. Alegria no come\u00e7o, alegria no final. Entre as duas manifesta\u00e7\u00f5es, se realizou o Conc\u00edlio. Ele foi feito sob o signo da alegria e da esperan\u00e7a.<\/p>\n<p>O pre\u00e2mbulo do documento sobre a Igreja no mundo de hoje, pode ser considerado o texto que melhor expressa o esp\u00edrito e os prop\u00f3sitos do Conc\u00edlio. De todos os documentos aprovados, a Gaudet et Spes foi o \u00fanico que n\u00e3o estava previsto nos esquemas preparat\u00f3rios. Ele surgiu ao longo das discuss\u00f5es conciliares. Pode ser considerado como \u201cfilho leg\u00edtimo\u201d do Vaticano II.<\/p>\n<p>Assim come\u00e7a a Gaudium et Spes: <em>&#8220;As alegrias e as esperan\u00e7as, as tristezas e as ang\u00fastias dos homens de hoje, sobretudo dos pobres e de todos aqueles que sofrem, s\u00e3o tamb\u00e9m as alegrias e as esperan\u00e7as, as tristezas e as ang\u00fastias dos disc\u00edpulos de Cristo&#8230;\u201d <\/em><\/p>\n<p>Mas permanece o desafio: como reencontrar motivos de alegria e de esperan\u00e7a, mesmo em meio aos novos problemas que a realidade hoje nos apresenta.<\/p>\n<p>O exemplo do Conc\u00edlio permanece v\u00e1lido. Ele come\u00e7ou e terminou sob o signo da alegria e da esperan\u00e7a!<\/p>\n<p>A Igreja cadencia sua hist\u00f3ria com a seq\u00fc\u00eancia dos seus conc\u00edlios. N\u00f3s podemos medir nossa comunh\u00e3o com ela pelo apre\u00e7o que demonstramos por seus Conc\u00edlios!<\/p>\n<p>&nbsp;<\/p>\n<p><em>Dom Mauro Montagnoli<\/em><\/p>\n<p><em>Bispo diocesano de Ilh\u00e9us<\/em><\/p>\n","protected":false},"excerpt":{"rendered":"<p>Neste m\u00eas de outubro de 2012, exatamente no dia 11, se completam 50 anos da inaugura\u00e7\u00e3o oficial do Conc\u00edlio Vaticano II, acontecida a 11 de outubro de 1962. No dia 25 de janeiro de 1959 o papa Jo\u00e3o XXIII surpreendeu o mundo com o an\u00fancio do Conc\u00edlio e desencadeou todo o processo conciliar. A convoca\u00e7\u00e3o [&hellip;]<\/p>\n","protected":false},"author":2,"featured_media":0,"comment_status":"open","ping_status":"open","sticky":false,"template":"","format":"standard","meta":{"_links_to":"","_links_to_target":""},"categories":[17],"tags":[],"_links":{"self":[{"href":"https:\/\/www.r2cpress.com.br\/v1\/wp-json\/wp\/v2\/posts\/51374"}],"collection":[{"href":"https:\/\/www.r2cpress.com.br\/v1\/wp-json\/wp\/v2\/posts"}],"about":[{"href":"https:\/\/www.r2cpress.com.br\/v1\/wp-json\/wp\/v2\/types\/post"}],"author":[{"embeddable":true,"href":"https:\/\/www.r2cpress.com.br\/v1\/wp-json\/wp\/v2\/users\/2"}],"replies":[{"embeddable":true,"href":"https:\/\/www.r2cpress.com.br\/v1\/wp-json\/wp\/v2\/comments?post=51374"}],"version-history":[{"count":3,"href":"https:\/\/www.r2cpress.com.br\/v1\/wp-json\/wp\/v2\/posts\/51374\/revisions"}],"predecessor-version":[{"id":51377,"href":"https:\/\/www.r2cpress.com.br\/v1\/wp-json\/wp\/v2\/posts\/51374\/revisions\/51377"}],"wp:attachment":[{"href":"https:\/\/www.r2cpress.com.br\/v1\/wp-json\/wp\/v2\/media?parent=51374"}],"wp:term":[{"taxonomy":"category","embeddable":true,"href":"https:\/\/www.r2cpress.com.br\/v1\/wp-json\/wp\/v2\/categories?post=51374"},{"taxonomy":"post_tag","embeddable":true,"href":"https:\/\/www.r2cpress.com.br\/v1\/wp-json\/wp\/v2\/tags?post=51374"}],"curies":[{"name":"wp","href":"https:\/\/api.w.org\/{rel}","templated":true}]}}