{"id":51385,"date":"2012-10-05T19:16:22","date_gmt":"2012-10-05T22:16:22","guid":{"rendered":"http:\/\/www.r2cpress.com.br\/v1\/?p=51385"},"modified":"2012-10-05T19:16:22","modified_gmt":"2012-10-05T22:16:22","slug":"irresponsabilidade","status":"publish","type":"post","link":"https:\/\/www.r2cpress.com.br\/v1\/2012\/10\/05\/irresponsabilidade\/","title":{"rendered":"IRRESPONSABILIDADE"},"content":{"rendered":"<p><img loading=\"lazy\" alt=\"\" src=\"http:\/\/www.r2cpress.com.br\/v1\/wp-content\/uploads\/zecarlos-r2cpress_reduzida.jpg\" class=\"alignleft\" width=\"300\" height=\"207\" \/>Por in\u00fameras oportunidades aqui no nosso vigilante <b>R2CPRESS,<\/b> sempre cobrei da prefeitura municipal mais aten\u00e7\u00e3o, organiza\u00e7\u00e3o e planejamento durante as faxinas na cidade.<br \/>\nInclusive nesta semana fiz a nota com o t\u00edtulo <b> \u201cRecado para o secret\u00e1rio Benilson Veloso\u201d,<\/b> alertando sobre este procedimento.<br \/>\nPorque sempre bati nessa tecla, que todo tipo de servi\u00e7o a ser executado deve ter princ\u00edpio, meio e fim, ou seja, planejar, realizar, concluir.<br \/>\nO que sempre a prefeitura faz, por sinal repetidas vezes, \u00e9 definir um local para fazer a faxina, os oper\u00e1rios deixam os montes de entulho na margem das pistas\/ruas e o ve\u00edculo coletor quando pega \u00e9 ap\u00f3s tr\u00eas e at\u00e9 cinco dias.<br \/>\nNesse per\u00edodo o entulho j\u00e1 se espalhou, j\u00e1 causou transtornos e demonstra uma p\u00e9ssima qualidade na execu\u00e7\u00e3o do trabalho.<br \/>\nN\u00e3o deu outra, aconteceu um acidente com um ve\u00edculo na Avenida Itabuna, que poderia resultar em situa\u00e7\u00e3o de maior gravidade.<br \/>\nO procedimento correto e mais racional, \u00e9 a realiza\u00e7\u00e3o do servi\u00e7o e durante a sua execu\u00e7\u00e3o o ve\u00edculo coletor recolher todo material, evitando qualquer tipo de ocorr\u00eancia, principalmente como a que provocou este acidente.<br \/>\nAqui na orla do Pontal tem v\u00e1rios amontoados de lixo e entulho na beira da pista, amanh\u00e3 s\u00e1bado, domingo dia de elei\u00e7\u00f5es e ningu\u00e9m sabe quando ser\u00e3o retirado estes entulhos.<br \/>\nSinceramente n\u00e3o sei o que se passa na cabe\u00e7a do pessoal encarregado dessa tarefa, por v\u00e1rias vezes falei com algumas pessoas que conhe\u00e7o e que fazem parte da equipe da Secretaria de Desenvolvimento Urbano, mas infelizmente n\u00e3o obtive nenhum retorno.<br \/>\nEspero que o secret\u00e1rio atente para o que aconteceu e reveja sua postura na realiza\u00e7\u00e3o das faxinas pela cidade.<\/p>\n<p><b>Z\u00c9CARLOS JUNIOR<\/b><\/p>\n","protected":false},"excerpt":{"rendered":"<p>Por in\u00fameras oportunidades aqui no nosso vigilante R2CPRESS, sempre cobrei da prefeitura municipal mais aten\u00e7\u00e3o, organiza\u00e7\u00e3o e planejamento durante as faxinas na cidade. Inclusive nesta semana fiz a nota com o t\u00edtulo \u201cRecado para o secret\u00e1rio Benilson Veloso\u201d, alertando sobre este procedimento. Porque sempre bati nessa tecla, que todo tipo de servi\u00e7o a ser executado [&hellip;]<\/p>\n","protected":false},"author":2,"featured_media":0,"comment_status":"open","ping_status":"open","sticky":false,"template":"","format":"standard","meta":{"_links_to":"","_links_to_target":""},"categories":[10],"tags":[],"_links":{"self":[{"href":"https:\/\/www.r2cpress.com.br\/v1\/wp-json\/wp\/v2\/posts\/51385"}],"collection":[{"href":"https:\/\/www.r2cpress.com.br\/v1\/wp-json\/wp\/v2\/posts"}],"about":[{"href":"https:\/\/www.r2cpress.com.br\/v1\/wp-json\/wp\/v2\/types\/post"}],"author":[{"embeddable":true,"href":"https:\/\/www.r2cpress.com.br\/v1\/wp-json\/wp\/v2\/users\/2"}],"replies":[{"embeddable":true,"href":"https:\/\/www.r2cpress.com.br\/v1\/wp-json\/wp\/v2\/comments?post=51385"}],"version-history":[{"count":2,"href":"https:\/\/www.r2cpress.com.br\/v1\/wp-json\/wp\/v2\/posts\/51385\/revisions"}],"predecessor-version":[{"id":51387,"href":"https:\/\/www.r2cpress.com.br\/v1\/wp-json\/wp\/v2\/posts\/51385\/revisions\/51387"}],"wp:attachment":[{"href":"https:\/\/www.r2cpress.com.br\/v1\/wp-json\/wp\/v2\/media?parent=51385"}],"wp:term":[{"taxonomy":"category","embeddable":true,"href":"https:\/\/www.r2cpress.com.br\/v1\/wp-json\/wp\/v2\/categories?post=51385"},{"taxonomy":"post_tag","embeddable":true,"href":"https:\/\/www.r2cpress.com.br\/v1\/wp-json\/wp\/v2\/tags?post=51385"}],"curies":[{"name":"wp","href":"https:\/\/api.w.org\/{rel}","templated":true}]}}