{"id":51388,"date":"2012-10-05T20:00:47","date_gmt":"2012-10-05T23:00:47","guid":{"rendered":"http:\/\/www.r2cpress.com.br\/v1\/?p=51388"},"modified":"2012-10-05T19:47:58","modified_gmt":"2012-10-05T22:47:58","slug":"do-fundo-do-bau-de-jose-leite-85","status":"publish","type":"post","link":"https:\/\/www.r2cpress.com.br\/v1\/2012\/10\/05\/do-fundo-do-bau-de-jose-leite-85\/","title":{"rendered":"DO FUNDO DO BA\u00da DE JOS\u00c9 LEITE"},"content":{"rendered":"<p><center><img src = \"http:\/\/www.r2cpress.com.br\/v1\/wp-content\/uploads\/tampa-do-ba%C3%BA-com-camisa.jpg\"\/><\/p>\n<p><strong>1)\tA REGI\u00c3O DA BAHIA QUE PRETENDO CONHECER ANTES DE MORRER.<br \/>\n2)\tCLICANDO POR A\u00cd COM MINHA M\u00c1QUINA FOTOGR\u00c1FICA.<br \/>\n3)\tAS FOTOS DESTAQUES DA SEMANA.<\/strong><\/center><\/p>\n<p><!--more--><\/p>\n<p>***<\/p>\n<p><b><center>A REGI\u00c3O DA BAHIA QUE PRETENDO CONHECER ANTES DE MORRER<\/center><\/b><\/p>\n<div id=\"attachment_51389\" style=\"width: 310px\" class=\"wp-caption aligncenter\"><a href=\"http:\/\/www.r2cpress.com.br\/v1\/wp-content\/uploads\/1184.jpg\"><img aria-describedby=\"caption-attachment-51389\" loading=\"lazy\" src=\"http:\/\/www.r2cpress.com.br\/v1\/wp-content\/uploads\/1184-300x196.jpg\" alt=\"\" title=\"CHAPADA DIAMANTINA! Quase todos meus amigos conhecem essa linda regi\u00e3o e sempre me aconselham: \u201cJos\u00e9 Leite, voc\u00ea precisa viajar mais para outros lugares, o homem s\u00f3 viaja para JUAZEIRO DO NORTE. Meus amigos est\u00e3o cert\u00edssimos. \" width=\"300\" height=\"196\" class=\"size-medium wp-image-51389\" srcset=\"https:\/\/www.r2cpress.com.br\/v1\/wp-content\/uploads\/1184-300x196.jpg 300w, https:\/\/www.r2cpress.com.br\/v1\/wp-content\/uploads\/1184.jpg 883w\" sizes=\"(max-width: 300px) 100vw, 300px\" \/><\/a><p id=\"caption-attachment-51389\" class=\"wp-caption-text\">CHAPADA DIAMANTINA! Quase todos meus amigos conhecem essa linda regi\u00e3o e sempre me aconselham: \u201cJos\u00e9 Leite, voc\u00ea precisa viajar mais para outros lugares, o homem s\u00f3 viaja para JUAZEIRO DO NORTE. Meus amigos est\u00e3o cert\u00edssimos.<\/p><\/div>\n<div id=\"attachment_51390\" style=\"width: 310px\" class=\"wp-caption aligncenter\"><a href=\"http:\/\/www.r2cpress.com.br\/v1\/wp-content\/uploads\/277.jpg\"><img aria-describedby=\"caption-attachment-51390\" loading=\"lazy\" src=\"http:\/\/www.r2cpress.com.br\/v1\/wp-content\/uploads\/277-300x199.jpg\" alt=\"\" title=\"Um dia eu quero escalar o MORRO DO CAMELO e tamb\u00e9m o MORRO DO PAI IN\u00c1CIO.\" width=\"300\" height=\"199\" class=\"size-medium wp-image-51390\" srcset=\"https:\/\/www.r2cpress.com.br\/v1\/wp-content\/uploads\/277-300x199.jpg 300w, https:\/\/www.r2cpress.com.br\/v1\/wp-content\/uploads\/277.jpg 866w\" sizes=\"(max-width: 300px) 100vw, 300px\" \/><\/a><p id=\"caption-attachment-51390\" class=\"wp-caption-text\">Um dia eu quero escalar o MORRO DO CAMELO e tamb\u00e9m o MORRO DO PAI IN\u00c1CIO.<\/p><\/div>\n<div id=\"attachment_51391\" style=\"width: 310px\" class=\"wp-caption aligncenter\"><a href=\"http:\/\/www.r2cpress.com.br\/v1\/wp-content\/uploads\/380.jpg\"><img aria-describedby=\"caption-attachment-51391\" loading=\"lazy\" src=\"http:\/\/www.r2cpress.com.br\/v1\/wp-content\/uploads\/380-300x197.jpg\" alt=\"\" title=\"Existem v\u00f4os da TRIP LINHAS A\u00c9REAS de SALVADOR para LEN\u00c7\u00d3IS. O QUE JOS\u00c9 LEITE EST\u00c1 ESPERANDO?\" width=\"300\" height=\"197\" class=\"size-medium wp-image-51391\" srcset=\"https:\/\/www.r2cpress.com.br\/v1\/wp-content\/uploads\/380-300x197.jpg 300w, https:\/\/www.r2cpress.com.br\/v1\/wp-content\/uploads\/380.jpg 879w\" sizes=\"(max-width: 300px) 100vw, 300px\" \/><\/a><p id=\"caption-attachment-51391\" class=\"wp-caption-text\">Existem v\u00f4os da TRIP LINHAS A\u00c9REAS de SALVADOR para LEN\u00c7\u00d3IS.<br \/>O QUE JOS\u00c9 LEITE EST\u00c1 ESPERANDO?<br \/><\/p><\/div>\n<div id=\"attachment_51392\" style=\"width: 310px\" class=\"wp-caption aligncenter\"><a href=\"http:\/\/www.r2cpress.com.br\/v1\/wp-content\/uploads\/479.jpg\"><img aria-describedby=\"caption-attachment-51392\" loading=\"lazy\" src=\"http:\/\/www.r2cpress.com.br\/v1\/wp-content\/uploads\/479-300x196.jpg\" alt=\"\" title=\"A GRUTA DE PRATINHA, est\u00e1 na minha agenda. Como ser\u00e1 uma del\u00edcia tomar banho nela!\" width=\"300\" height=\"196\" class=\"size-medium wp-image-51392\" srcset=\"https:\/\/www.r2cpress.com.br\/v1\/wp-content\/uploads\/479-300x196.jpg 300w, https:\/\/www.r2cpress.com.br\/v1\/wp-content\/uploads\/479.jpg 863w\" sizes=\"(max-width: 300px) 100vw, 300px\" \/><\/a><p id=\"caption-attachment-51392\" class=\"wp-caption-text\">A GRUTA DE PRATINHA, est\u00e1 na minha agenda. Como ser\u00e1 uma del\u00edcia tomar banho nela!<\/p><\/div>\n<div id=\"attachment_51393\" style=\"width: 310px\" class=\"wp-caption aligncenter\"><a href=\"http:\/\/www.r2cpress.com.br\/v1\/wp-content\/uploads\/579.jpg\"><img aria-describedby=\"caption-attachment-51393\" loading=\"lazy\" src=\"http:\/\/www.r2cpress.com.br\/v1\/wp-content\/uploads\/579-300x196.jpg\" alt=\"\" title=\"NO PO\u00c7O DO DIABO s\u00f3 pretendo fotografar, esse neg\u00f3cio de DIABO n\u00e3o \u00e9 comigo n\u00e3o. Tamb\u00e9m pretendo visitar e passar uma noite EM CLARO no CEMIT\u00c9RIO BIZANTINO na cidade de MUCUG\u00ca. Vou convidar alguns amigos para juntos fazermos essa viagem maravilhosa.\" width=\"300\" height=\"196\" class=\"size-medium wp-image-51393\" srcset=\"https:\/\/www.r2cpress.com.br\/v1\/wp-content\/uploads\/579-300x196.jpg 300w, https:\/\/www.r2cpress.com.br\/v1\/wp-content\/uploads\/579.jpg 881w\" sizes=\"(max-width: 300px) 100vw, 300px\" \/><\/a><p id=\"caption-attachment-51393\" class=\"wp-caption-text\">NO PO\u00c7O DO DIABO s\u00f3 pretendo fotografar, esse neg\u00f3cio de DIABO n\u00e3o \u00e9 comigo n\u00e3o. Tamb\u00e9m pretendo visitar e passar uma noite EM CLARO no CEMIT\u00c9RIO BIZANTINO na cidade de MUCUG\u00ca. Vou convidar alguns amigos para juntos fazermos essa viagem maravilhosa.<\/p><\/div>\n<p><b><center>CLICANDO POR A\u00cd COM MINHA M\u00c1QUINA FOTOGR\u00c1FICA<\/center><\/b><\/p>\n<div id=\"attachment_51394\" style=\"width: 210px\" class=\"wp-caption aligncenter\"><a href=\"http:\/\/www.r2cpress.com.br\/v1\/wp-content\/uploads\/6_.jpg\"><img aria-describedby=\"caption-attachment-51394\" loading=\"lazy\" src=\"http:\/\/www.r2cpress.com.br\/v1\/wp-content\/uploads\/6_-200x300.jpg\" alt=\"\" title=\"ACREDITE! O cidad\u00e3o da foto est\u00e1 montado numa BICICLETA. Foto clicada da prociss\u00e3o de NOSSA SENHORA DAS DORES em JUAZEIRO DO NORTE (15-09-2012).\" width=\"200\" height=\"300\" class=\"size-medium wp-image-51394\" srcset=\"https:\/\/www.r2cpress.com.br\/v1\/wp-content\/uploads\/6_-200x300.jpg 200w, https:\/\/www.r2cpress.com.br\/v1\/wp-content\/uploads\/6_.jpg 593w\" sizes=\"(max-width: 200px) 100vw, 200px\" \/><\/a><p id=\"caption-attachment-51394\" class=\"wp-caption-text\">ACREDITE! O cidad\u00e3o da foto est\u00e1 montado numa BICICLETA. Foto clicada da prociss\u00e3o de NOSSA SENHORA DAS DORES em JUAZEIRO DO NORTE (15-09-2012).<\/p><\/div>\n<div id=\"attachment_51395\" style=\"width: 310px\" class=\"wp-caption aligncenter\"><a href=\"http:\/\/www.r2cpress.com.br\/v1\/wp-content\/uploads\/7_1.jpg\"><img aria-describedby=\"caption-attachment-51395\" loading=\"lazy\" src=\"http:\/\/www.r2cpress.com.br\/v1\/wp-content\/uploads\/7_1-300x197.jpg\" alt=\"\" title=\"Confessando os pecados ao Padre. Foto clicada em JUAZEIRO DO NORTE 16-09-2012.\" width=\"300\" height=\"197\" class=\"size-medium wp-image-51395\" srcset=\"https:\/\/www.r2cpress.com.br\/v1\/wp-content\/uploads\/7_1-300x197.jpg 300w, https:\/\/www.r2cpress.com.br\/v1\/wp-content\/uploads\/7_1.jpg 888w\" sizes=\"(max-width: 300px) 100vw, 300px\" \/><\/a><p id=\"caption-attachment-51395\" class=\"wp-caption-text\">Confessando os pecados ao Padre. Foto clicada em JUAZEIRO DO NORTE 16-09-2012.<\/p><\/div>\n<div id=\"attachment_51396\" style=\"width: 310px\" class=\"wp-caption aligncenter\"><a href=\"http:\/\/www.r2cpress.com.br\/v1\/wp-content\/uploads\/8_.jpg\"><img aria-describedby=\"caption-attachment-51396\" loading=\"lazy\" src=\"http:\/\/www.r2cpress.com.br\/v1\/wp-content\/uploads\/8_-300x197.jpg\" alt=\"\" title=\"CAPELA DA ESCADINHA. Foto clicada numa rodovia no SERT\u00c3O PERNAMBUCANO.  (14-09-2012).\" width=\"300\" height=\"197\" class=\"size-medium wp-image-51396\" srcset=\"https:\/\/www.r2cpress.com.br\/v1\/wp-content\/uploads\/8_-300x197.jpg 300w, https:\/\/www.r2cpress.com.br\/v1\/wp-content\/uploads\/8_.jpg 442w\" sizes=\"(max-width: 300px) 100vw, 300px\" \/><\/a><p id=\"caption-attachment-51396\" class=\"wp-caption-text\">CAPELA DA ESCADINHA. Foto clicada numa rodovia no SERT\u00c3O PERNAMBUCANO.<br \/>(14-09-2012).<br \/><\/p><\/div>\n<div id=\"attachment_51397\" style=\"width: 310px\" class=\"wp-caption aligncenter\"><a href=\"http:\/\/www.r2cpress.com.br\/v1\/wp-content\/uploads\/977.jpg\"><img aria-describedby=\"caption-attachment-51397\" loading=\"lazy\" src=\"http:\/\/www.r2cpress.com.br\/v1\/wp-content\/uploads\/977-300x197.jpg\" alt=\"\" title=\"ASSOCIA\u00c7\u00c3O CAT\u00d3LICA \u201cTER\u00c7O DOS HOMENS\u201d na Prociss\u00e3o de NOSSA SENHORA DAS DORES em JUAZEIRO DO NORTE \u2013 CEAR\u00c1. (Foto: 15-09-2012).\" width=\"300\" height=\"197\" class=\"size-medium wp-image-51397\" srcset=\"https:\/\/www.r2cpress.com.br\/v1\/wp-content\/uploads\/977-300x197.jpg 300w, https:\/\/www.r2cpress.com.br\/v1\/wp-content\/uploads\/977.jpg 892w\" sizes=\"(max-width: 300px) 100vw, 300px\" \/><\/a><p id=\"caption-attachment-51397\" class=\"wp-caption-text\">ASSOCIA\u00c7\u00c3O CAT\u00d3LICA \u201cTER\u00c7O DOS HOMENS\u201d na Prociss\u00e3o de NOSSA SENHORA DAS DORES em JUAZEIRO DO NORTE \u2013 CEAR\u00c1. (Foto: 15-09-2012).<\/p><\/div>\n<div id=\"attachment_51398\" style=\"width: 310px\" class=\"wp-caption aligncenter\"><a href=\"http:\/\/www.r2cpress.com.br\/v1\/wp-content\/uploads\/1079.jpg\"><img aria-describedby=\"caption-attachment-51398\" loading=\"lazy\" src=\"http:\/\/www.r2cpress.com.br\/v1\/wp-content\/uploads\/1079-300x199.jpg\" alt=\"\" title=\"IGREJA DE NOSSA SENHORA DA PENHA, padroeira da cidade de CRATO \u2013 CEAR\u00c1.  (Foto: 15-09-2012).\" width=\"300\" height=\"199\" class=\"size-medium wp-image-51398\" srcset=\"https:\/\/www.r2cpress.com.br\/v1\/wp-content\/uploads\/1079-300x199.jpg 300w, https:\/\/www.r2cpress.com.br\/v1\/wp-content\/uploads\/1079.jpg 887w\" sizes=\"(max-width: 300px) 100vw, 300px\" \/><\/a><p id=\"caption-attachment-51398\" class=\"wp-caption-text\">IGREJA DE NOSSA SENHORA DA PENHA, padroeira da cidade de CRATO \u2013 CEAR\u00c1.<br \/>(Foto: 15-09-2012).<br \/><\/p><\/div>\n<p><b><center>AS FOTOS DESTAQUES DA SEMANA<\/center><\/b><\/p>\n<div id=\"attachment_51399\" style=\"width: 310px\" class=\"wp-caption aligncenter\"><a href=\"http:\/\/www.r2cpress.com.br\/v1\/wp-content\/uploads\/1185.jpg\"><img aria-describedby=\"caption-attachment-51399\" loading=\"lazy\" src=\"http:\/\/www.r2cpress.com.br\/v1\/wp-content\/uploads\/1185-300x198.jpg\" alt=\"\" title=\"Ex. atiradores numa solenidade na 18\u00aa CSM ILH\u00c9US identificados nessa foto: PADRE, JOCA, JONGA, GUSTAVO, JOS\u00c9 LEITE, o saudoso Z\u00c9 PRETINHO, MACHADO, LIB\u00c9RIO, BEZERRA, GUILHERME, EDUARDO e o saudoso HUMBERTO (HUMBERT\u00c3O) que aparece como o mais alto na foto.\" width=\"300\" height=\"198\" class=\"size-medium wp-image-51399\" srcset=\"https:\/\/www.r2cpress.com.br\/v1\/wp-content\/uploads\/1185-300x198.jpg 300w, https:\/\/www.r2cpress.com.br\/v1\/wp-content\/uploads\/1185.jpg 887w\" sizes=\"(max-width: 300px) 100vw, 300px\" \/><\/a><p id=\"caption-attachment-51399\" class=\"wp-caption-text\">Ex. atiradores numa solenidade na 18\u00aa CSM ILH\u00c9US identificados nessa foto: PADRE, JOCA, JONGA, GUSTAVO, JOS\u00c9 LEITE, o saudoso Z\u00c9 PRETINHO, MACHADO, LIB\u00c9RIO, BEZERRA, GUILHERME, EDUARDO e o saudoso HUMBERTO (HUMBERT\u00c3O) que aparece como o mais alto na foto.<\/p><\/div>\n<div id=\"attachment_51400\" style=\"width: 310px\" class=\"wp-caption aligncenter\"><a href=\"http:\/\/www.r2cpress.com.br\/v1\/wp-content\/uploads\/1277.jpg\"><img aria-describedby=\"caption-attachment-51400\" loading=\"lazy\" src=\"http:\/\/www.r2cpress.com.br\/v1\/wp-content\/uploads\/1277-300x185.jpg\" alt=\"\" title=\"Como era linda a PRAIA DA AVENIDA SOARES LOPES no come\u00e7o da d\u00e9cada de 1960.\" width=\"300\" height=\"185\" class=\"size-medium wp-image-51400\" srcset=\"https:\/\/www.r2cpress.com.br\/v1\/wp-content\/uploads\/1277-300x185.jpg 300w, https:\/\/www.r2cpress.com.br\/v1\/wp-content\/uploads\/1277.jpg 823w\" sizes=\"(max-width: 300px) 100vw, 300px\" \/><\/a><p id=\"caption-attachment-51400\" class=\"wp-caption-text\">Como era linda a PRAIA DA AVENIDA SOARES LOPES no come\u00e7o da d\u00e9cada de 1960.<\/p><\/div>\n<div id=\"attachment_51401\" style=\"width: 310px\" class=\"wp-caption aligncenter\"><a href=\"http:\/\/www.r2cpress.com.br\/v1\/wp-content\/uploads\/1369.jpg\"><img aria-describedby=\"caption-attachment-51401\" loading=\"lazy\" src=\"http:\/\/www.r2cpress.com.br\/v1\/wp-content\/uploads\/1369-300x197.jpg\" alt=\"\" title=\"Desfile do TIRO DE GUERRA na Avenida Soares Lopes sob o comando do TENENTE TAVARES que aparece na foto. No centro, o corneteiro \u00e9 o amigo MANOEL.  (Foto: 07 de setembro de 1954).\" width=\"300\" height=\"197\" class=\"size-medium wp-image-51401\" srcset=\"https:\/\/www.r2cpress.com.br\/v1\/wp-content\/uploads\/1369-300x197.jpg 300w, https:\/\/www.r2cpress.com.br\/v1\/wp-content\/uploads\/1369.jpg 893w\" sizes=\"(max-width: 300px) 100vw, 300px\" \/><\/a><p id=\"caption-attachment-51401\" class=\"wp-caption-text\">Desfile do TIRO DE GUERRA na Avenida Soares Lopes sob o comando do TENENTE TAVARES que aparece na foto. No centro, o corneteiro \u00e9 o amigo MANOEL.<br \/>(Foto: 07 de setembro de 1954).<br \/><\/p><\/div>\n<div id=\"attachment_51402\" style=\"width: 310px\" class=\"wp-caption aligncenter\"><a href=\"http:\/\/www.r2cpress.com.br\/v1\/wp-content\/uploads\/1459.jpg\"><img aria-describedby=\"caption-attachment-51402\" loading=\"lazy\" src=\"http:\/\/www.r2cpress.com.br\/v1\/wp-content\/uploads\/1459-300x200.jpg\" alt=\"\" title=\"Solenidade Festiva na ASSOCIA\u00c7\u00c3O COMERCIAL DE ILH\u00c9US. Da esquerda para direita: Prefeito NEWTON LIMA, JOS\u00c9 LEITE, PAULO GANEM, ANTONIO COSTA e CLOVIS J\u00daNIOR.  (Foto: Novembro\/2007). CONTAGEM REGRESSIVA: FALTAM 26 DIAS PARA O CENTEN\u00c1RIO DA ASSOCIA\u00c7\u00c3O COMERCIAL DE ILH\u00c9US.\" width=\"300\" height=\"200\" class=\"size-medium wp-image-51402\" srcset=\"https:\/\/www.r2cpress.com.br\/v1\/wp-content\/uploads\/1459-300x200.jpg 300w, https:\/\/www.r2cpress.com.br\/v1\/wp-content\/uploads\/1459-1024x684.jpg 1024w, https:\/\/www.r2cpress.com.br\/v1\/wp-content\/uploads\/1459.jpg 1247w\" sizes=\"(max-width: 300px) 100vw, 300px\" \/><\/a><p id=\"caption-attachment-51402\" class=\"wp-caption-text\">Solenidade Festiva na ASSOCIA\u00c7\u00c3O COMERCIAL DE ILH\u00c9US. Da esquerda para direita: Prefeito NEWTON LIMA, JOS\u00c9 LEITE, PAULO GANEM, ANTONIO COSTA e CLOVIS J\u00daNIOR.<br \/>(Foto: Novembro\/2007).<br \/>CONTAGEM REGRESSIVA: FALTAM 26 DIAS PARA O CENTEN\u00c1RIO DA ASSOCIA\u00c7\u00c3O COMERCIAL DE ILH\u00c9US.<br \/><\/p><\/div>\n<p><b><center>E NO MAIS&#8230;<\/center><\/b><\/p>\n<div id=\"attachment_51403\" style=\"width: 310px\" class=\"wp-caption aligncenter\"><a href=\"http:\/\/www.r2cpress.com.br\/v1\/wp-content\/uploads\/1531.jpg\"><img aria-describedby=\"caption-attachment-51403\" loading=\"lazy\" src=\"http:\/\/www.r2cpress.com.br\/v1\/wp-content\/uploads\/1531-300x200.jpg\" alt=\"\" title=\"DESEJANDO A TODOS OS ILHEENSES QUE NO PR\u00d3XIMO DOMINGO (7) ESCOLHA O MELHOR CANDIDATO(A) PARA GOVERNAR A NOSSA CIDADE DE ILH\u00c9US. EU J\u00c1 ESCOLHI... NA FOTO: T\u00cdTULO DE ELEITOR ANTIGO DE JOS\u00c9 LEITE DE SOUZA NA D\u00c9CADA DE 1970.\" width=\"300\" height=\"200\" class=\"size-medium wp-image-51403\" srcset=\"https:\/\/www.r2cpress.com.br\/v1\/wp-content\/uploads\/1531-300x200.jpg 300w, https:\/\/www.r2cpress.com.br\/v1\/wp-content\/uploads\/1531.jpg 899w\" sizes=\"(max-width: 300px) 100vw, 300px\" \/><\/a><p id=\"caption-attachment-51403\" class=\"wp-caption-text\">DESEJANDO A TODOS OS ILHEENSES QUE NO PR\u00d3XIMO DOMINGO (7) ESCOLHA O MELHOR CANDIDATO(A) PARA GOVERNAR A NOSSA CIDADE DE ILH\u00c9US. EU J\u00c1 ESCOLHI&#8230;<br \/>NA FOTO: T\u00cdTULO DE ELEITOR ANTIGO DE JOS\u00c9 LEITE DE SOUZA NA D\u00c9CADA DE 1970.<br \/><\/p><\/div>\n<p>&#8212;<br \/>\nTexto e fotos: Jos\u00e9 Leite de Souza<br \/>\njleitesouza@hotmail.com<br \/>\n73 3231-3378<\/p>\n","protected":false},"excerpt":{"rendered":"<p>1) A REGI\u00c3O DA BAHIA QUE PRETENDO CONHECER ANTES DE MORRER. 2) CLICANDO POR A\u00cd COM MINHA M\u00c1QUINA FOTOGR\u00c1FICA. 3) AS FOTOS DESTAQUES DA SEMANA.<\/p>\n","protected":false},"author":2,"featured_media":0,"comment_status":"open","ping_status":"open","sticky":false,"template":"","format":"standard","meta":{"_links_to":"","_links_to_target":""},"categories":[10],"tags":[],"_links":{"self":[{"href":"https:\/\/www.r2cpress.com.br\/v1\/wp-json\/wp\/v2\/posts\/51388"}],"collection":[{"href":"https:\/\/www.r2cpress.com.br\/v1\/wp-json\/wp\/v2\/posts"}],"about":[{"href":"https:\/\/www.r2cpress.com.br\/v1\/wp-json\/wp\/v2\/types\/post"}],"author":[{"embeddable":true,"href":"https:\/\/www.r2cpress.com.br\/v1\/wp-json\/wp\/v2\/users\/2"}],"replies":[{"embeddable":true,"href":"https:\/\/www.r2cpress.com.br\/v1\/wp-json\/wp\/v2\/comments?post=51388"}],"version-history":[{"count":2,"href":"https:\/\/www.r2cpress.com.br\/v1\/wp-json\/wp\/v2\/posts\/51388\/revisions"}],"predecessor-version":[{"id":51405,"href":"https:\/\/www.r2cpress.com.br\/v1\/wp-json\/wp\/v2\/posts\/51388\/revisions\/51405"}],"wp:attachment":[{"href":"https:\/\/www.r2cpress.com.br\/v1\/wp-json\/wp\/v2\/media?parent=51388"}],"wp:term":[{"taxonomy":"category","embeddable":true,"href":"https:\/\/www.r2cpress.com.br\/v1\/wp-json\/wp\/v2\/categories?post=51388"},{"taxonomy":"post_tag","embeddable":true,"href":"https:\/\/www.r2cpress.com.br\/v1\/wp-json\/wp\/v2\/tags?post=51388"}],"curies":[{"name":"wp","href":"https:\/\/api.w.org\/{rel}","templated":true}]}}