{"id":51411,"date":"2012-10-06T07:57:40","date_gmt":"2012-10-06T10:57:40","guid":{"rendered":"http:\/\/www.r2cpress.com.br\/v1\/?p=51411"},"modified":"2012-10-06T07:57:40","modified_gmt":"2012-10-06T10:57:40","slug":"chico-xavier-eleito-o-maior-brasileiro-de-todos-os-tempos","status":"publish","type":"post","link":"https:\/\/www.r2cpress.com.br\/v1\/2012\/10\/06\/chico-xavier-eleito-o-maior-brasileiro-de-todos-os-tempos\/","title":{"rendered":"CHICO XAVIER  ELEITO O MAIOR BRASILEIRO DE TODOS OS TEMPOS"},"content":{"rendered":"<div align=\"center\">\n<div id=\"attachment_51412\" style=\"width: 560px\" class=\"wp-caption aligncenter\"><a href=\"http:\/\/www.r2cpress.com.br\/v1\/wp-content\/uploads\/Chico-Xavier-by-Mary-Trujillo.jpg\"><img aria-describedby=\"caption-attachment-51412\" loading=\"lazy\" class=\"size-full wp-image-51412\" title=\"Chico Xavier by Mary Trujillo\" src=\"http:\/\/www.r2cpress.com.br\/v1\/wp-content\/uploads\/Chico-Xavier-by-Mary-Trujillo.jpg\" alt=\"\" width=\"550\" height=\"711\" srcset=\"https:\/\/www.r2cpress.com.br\/v1\/wp-content\/uploads\/Chico-Xavier-by-Mary-Trujillo.jpg 550w, https:\/\/www.r2cpress.com.br\/v1\/wp-content\/uploads\/Chico-Xavier-by-Mary-Trujillo-232x300.jpg 232w\" sizes=\"(max-width: 550px) 100vw, 550px\" \/><\/a><p id=\"caption-attachment-51412\" class=\"wp-caption-text\">.<\/p><\/div>\n<\/div>\n<div align=\"center\"><span style=\"color: #c64900; font-family: Tahoma; font-size: x-large;\">O Programa que elegeu<\/span><\/div>\n<div align=\"center\"><span style=\"color: #c64900; font-family: Tahoma; font-size: x-large;\">Chico Xavier<\/span><\/div>\n<div align=\"center\"><span style=\"color: #c64900; font-family: Tahoma; font-size: x-large;\">&#8220;O Maior Brasileiro de Todos os Tempos:<\/span><\/div>\n<div align=\"center\"><\/div>\n<div align=\"center\"><a href=\"http:\/\/www.sbt.com.br\/omaiorbrasileiro\/\" target=\"_blank\"><span style=\"color: #c64900; font-family: Tahoma; font-size: x-large;\">http:\/\/www.sbt.com.br\/<wbr>omaiorbrasileiro\/<\/wbr><\/span><\/a><\/div>\n<div align=\"center\"><\/div>\n<div align=\"center\"><\/div>\n<div align=\"center\"><\/div>\n<div align=\"center\"><span style=\"color: #c64900; font-family: Tahoma; font-size: x-large;\">Chico Xavier vence e \u00e9 eleito <\/span><\/div>\n<div align=\"center\"><span style=\"color: #c64900; font-family: Tahoma; font-size: x-large;\">O Maior Brasileiro de Todos os Tempos<br \/>\nA grande final de O Maior Brasileiro de Todos os tempos <\/span><\/div>\n<div align=\"center\"><span style=\"color: #c64900; font-family: Tahoma; font-size: x-large;\">aconteceu na noite de quarta-feira, <\/span><\/div>\n<div align=\"center\"><span style=\"color: #c64900; font-family: Tahoma; font-size: x-large;\">3 de outubro, na sede do SBT, <\/span><\/div>\n<div align=\"center\"><span style=\"color: #c64900; font-family: Tahoma; font-size: x-large;\">em S\u00e3o Paulo. Ap\u00f3s encerrada a vota\u00e7\u00e3o, <\/span><\/div>\n<div align=\"center\"><span style=\"color: #c64900; font-family: Tahoma; font-size: x-large;\">o jornalista Carlos Nascimento anunciou <\/span><\/div>\n<div align=\"center\"><span style=\"color: #c64900; font-family: Tahoma; font-size: x-large;\">Chico Xavier como o <\/span><\/div>\n<div align=\"center\"><span style=\"color: #c64900; font-family: Tahoma; font-size: x-large;\">grande vencedor da competi\u00e7\u00e3o.<\/span><\/div>\n<div align=\"center\"><\/div>\n<div align=\"center\"><a href=\"http:\/\/www.sbt.com.br\/omaiorbrasileiro\/fiquepordentro\/?id=31071\" target=\"_blank\"><span style=\"color: #c64900; font-family: Tahoma; font-size: x-large;\">http:\/\/www.sbt.com.br\/<wbr>omaiorbrasileiro\/<\/wbr><wbr>fiquepordentro\/?id=31071<\/wbr><\/span><\/a><\/div>\n<div align=\"center\"><\/div>\n<div align=\"center\"><\/div>\n<div align=\"center\"><span style=\"color: #c64900;\"><span>\u00a0<\/span><span style=\"font-size: x-large;\"><span style=\"font-family: Tahoma;\">O <\/span><span style=\"font-family: Tahoma;\">Maior Brasileiro de todos os Tempos.<\/span><\/span><\/span><\/div>\n<div align=\"center\"><span style=\"color: #c64900;\"><img class=\"aligncenter\" src=\"http:\/\/mail.globo.com\/mail\/?ui=2&amp;ik=4b218c2d2f&amp;view=att&amp;th=13a35a26028e0fd1&amp;attid=0.0.2&amp;disp=emb&amp;realattid=888c52db4f012741_0.0.2&amp;zw&amp;atsh=1\" alt=\"\" align=\"bottom\" border=\"0\" hspace=\"0\" \/><\/span><\/div>\n<div style=\"text-align: left;\" align=\"center\">&#8212;<\/div>\n<div style=\"text-align: left;\" align=\"center\">Risomar Lima<\/div>\n","protected":false},"excerpt":{"rendered":"<p>O Programa que elegeu Chico Xavier &#8220;O Maior Brasileiro de Todos os Tempos: http:\/\/www.sbt.com.br\/omaiorbrasileiro\/ Chico Xavier vence e \u00e9 eleito O Maior Brasileiro de Todos os Tempos A grande final de O Maior Brasileiro de Todos os tempos aconteceu na noite de quarta-feira, 3 de outubro, na sede do SBT, em S\u00e3o Paulo. Ap\u00f3s encerrada [&hellip;]<\/p>\n","protected":false},"author":2,"featured_media":0,"comment_status":"open","ping_status":"open","sticky":false,"template":"","format":"standard","meta":{"_links_to":"","_links_to_target":""},"categories":[10],"tags":[],"_links":{"self":[{"href":"https:\/\/www.r2cpress.com.br\/v1\/wp-json\/wp\/v2\/posts\/51411"}],"collection":[{"href":"https:\/\/www.r2cpress.com.br\/v1\/wp-json\/wp\/v2\/posts"}],"about":[{"href":"https:\/\/www.r2cpress.com.br\/v1\/wp-json\/wp\/v2\/types\/post"}],"author":[{"embeddable":true,"href":"https:\/\/www.r2cpress.com.br\/v1\/wp-json\/wp\/v2\/users\/2"}],"replies":[{"embeddable":true,"href":"https:\/\/www.r2cpress.com.br\/v1\/wp-json\/wp\/v2\/comments?post=51411"}],"version-history":[{"count":3,"href":"https:\/\/www.r2cpress.com.br\/v1\/wp-json\/wp\/v2\/posts\/51411\/revisions"}],"predecessor-version":[{"id":51415,"href":"https:\/\/www.r2cpress.com.br\/v1\/wp-json\/wp\/v2\/posts\/51411\/revisions\/51415"}],"wp:attachment":[{"href":"https:\/\/www.r2cpress.com.br\/v1\/wp-json\/wp\/v2\/media?parent=51411"}],"wp:term":[{"taxonomy":"category","embeddable":true,"href":"https:\/\/www.r2cpress.com.br\/v1\/wp-json\/wp\/v2\/categories?post=51411"},{"taxonomy":"post_tag","embeddable":true,"href":"https:\/\/www.r2cpress.com.br\/v1\/wp-json\/wp\/v2\/tags?post=51411"}],"curies":[{"name":"wp","href":"https:\/\/api.w.org\/{rel}","templated":true}]}}