{"id":51442,"date":"2012-10-06T21:38:22","date_gmt":"2012-10-07T00:38:22","guid":{"rendered":"http:\/\/www.r2cpress.com.br\/v1\/?p=51442"},"modified":"2012-10-06T21:38:22","modified_gmt":"2012-10-07T00:38:22","slug":"jabes-fecha-campanha-com-mega-carreata-por-toda-em-ilheus","status":"publish","type":"post","link":"https:\/\/www.r2cpress.com.br\/v1\/2012\/10\/06\/jabes-fecha-campanha-com-mega-carreata-por-toda-em-ilheus\/","title":{"rendered":"Jabes fecha campanha com mega carreata por toda em Ilh\u00e9us"},"content":{"rendered":"<p><div id=\"attachment_51443\" style=\"width: 310px\" class=\"wp-caption alignright\"><a href=\"http:\/\/www.r2cpress.com.br\/v1\/wp-content\/uploads\/Mega-carreata-de-encerramento-da-campanha-3.jpg\"><img aria-describedby=\"caption-attachment-51443\" loading=\"lazy\" src=\"http:\/\/www.r2cpress.com.br\/v1\/wp-content\/uploads\/Mega-carreata-de-encerramento-da-campanha-3-300x195.jpg\" alt=\"\" title=\"Mega carreata de encerramento da campanha (3)\" width=\"300\" height=\"195\" class=\"size-medium wp-image-51443\" srcset=\"https:\/\/www.r2cpress.com.br\/v1\/wp-content\/uploads\/Mega-carreata-de-encerramento-da-campanha-3-300x195.jpg 300w, https:\/\/www.r2cpress.com.br\/v1\/wp-content\/uploads\/Mega-carreata-de-encerramento-da-campanha-3.jpg 680w\" sizes=\"(max-width: 300px) 100vw, 300px\" \/><\/a><p id=\"caption-attachment-51443\" class=\"wp-caption-text\">Jabes \/ Carreata<br \/><\/p><\/div>Liderando todas as pesquisas de opini\u00e3o desde o in\u00edcio da campanha, o candidato da Coliga\u00e7\u00e3o Por Amor a Ilh\u00e9us, Jabes (11), mostrou mais uma vez for\u00e7a pol\u00edtica ao realizar uma quilom\u00e9trica carreata na tarde deste s\u00e1bado, 6, por toda a cidade, fechando com \u201cchave de ouro\u201d a corrida eleitoral. Milhares de ve\u00edculos acompanharam o percurso iniciado no bairro Nossa da Vit\u00f3ria e encerrado na Pra\u00e7a Santa Rita, na Conquista, ap\u00f3s passar pelo centro da cidade e bairros da zona norte.<\/p>\n<p>            Jabes reuniu em torno do seu nome a maior alian\u00e7a pol\u00edtica da hist\u00f3ria pol\u00edtica de Ilh\u00e9us, com 17 partidos e 160 candidatos a vereador. Os n\u00fameros das pesquisas que mediram o comportamento do eleitor na campanha eleitoral mostram que a maioria absoluta dos ilheenses aprovou o projeto administrativo que ele prop\u00f5e para resgatar o crescimento econ\u00f4mico e social do munic\u00edpio.<\/p>\n<p>A \u00faltima pesquisa divulgada em Ilh\u00e9us, na quinta-feira, 4, pela r\u00e1dio Conquista FM apresenta Jabes com 57,9% das inten\u00e7\u00f5es de voto, na quest\u00e3o estimulada, com uma frente de 33 pontos percentuais sobre o segundo colocado no levantamento. Carmelita (PT) aparece com 24,6%, seguida de Jorge Luiz (PSOL) com 8,4%. Indecisos somam 5,4% e brancos e nulos totalizam 3,7%.  <\/p>\n<p>A pesquisa foi realizada pela Compasso Consultoria e Pesquisa e registrada no TSE com o protocolo 395\/2012. O estudo ouviu 700 pessoas, entre os dias 29.09 e 01.10, e tem margem de erro de 4,5 pontos percentuais para mais e para menos.         <\/p>\n<p>Atenciosamente,<br \/>\nAssessoria de Imprensa<\/p>\n","protected":false},"excerpt":{"rendered":"<p>Liderando todas as pesquisas de opini\u00e3o desde o in\u00edcio da campanha, o candidato da Coliga\u00e7\u00e3o Por Amor a Ilh\u00e9us, Jabes (11), mostrou mais uma vez for\u00e7a pol\u00edtica ao realizar uma quilom\u00e9trica carreata na tarde deste s\u00e1bado, 6, por toda a cidade, fechando com \u201cchave de ouro\u201d a corrida eleitoral. Milhares de ve\u00edculos acompanharam o percurso [&hellip;]<\/p>\n","protected":false},"author":2,"featured_media":0,"comment_status":"open","ping_status":"open","sticky":false,"template":"","format":"standard","meta":{"_links_to":"","_links_to_target":""},"categories":[22],"tags":[],"_links":{"self":[{"href":"https:\/\/www.r2cpress.com.br\/v1\/wp-json\/wp\/v2\/posts\/51442"}],"collection":[{"href":"https:\/\/www.r2cpress.com.br\/v1\/wp-json\/wp\/v2\/posts"}],"about":[{"href":"https:\/\/www.r2cpress.com.br\/v1\/wp-json\/wp\/v2\/types\/post"}],"author":[{"embeddable":true,"href":"https:\/\/www.r2cpress.com.br\/v1\/wp-json\/wp\/v2\/users\/2"}],"replies":[{"embeddable":true,"href":"https:\/\/www.r2cpress.com.br\/v1\/wp-json\/wp\/v2\/comments?post=51442"}],"version-history":[{"count":2,"href":"https:\/\/www.r2cpress.com.br\/v1\/wp-json\/wp\/v2\/posts\/51442\/revisions"}],"predecessor-version":[{"id":51445,"href":"https:\/\/www.r2cpress.com.br\/v1\/wp-json\/wp\/v2\/posts\/51442\/revisions\/51445"}],"wp:attachment":[{"href":"https:\/\/www.r2cpress.com.br\/v1\/wp-json\/wp\/v2\/media?parent=51442"}],"wp:term":[{"taxonomy":"category","embeddable":true,"href":"https:\/\/www.r2cpress.com.br\/v1\/wp-json\/wp\/v2\/categories?post=51442"},{"taxonomy":"post_tag","embeddable":true,"href":"https:\/\/www.r2cpress.com.br\/v1\/wp-json\/wp\/v2\/tags?post=51442"}],"curies":[{"name":"wp","href":"https:\/\/api.w.org\/{rel}","templated":true}]}}