{"id":51454,"date":"2012-10-07T09:46:06","date_gmt":"2012-10-07T12:46:06","guid":{"rendered":"http:\/\/www.r2cpress.com.br\/v1\/?p=51454"},"modified":"2012-10-07T09:46:06","modified_gmt":"2012-10-07T12:46:06","slug":"ceplac-faleceu-o-ceplaqueano-guilherme-ribeiro","status":"publish","type":"post","link":"https:\/\/www.r2cpress.com.br\/v1\/2012\/10\/07\/ceplac-faleceu-o-ceplaqueano-guilherme-ribeiro\/","title":{"rendered":"CEPLAC \/ FALECEU O CEPLAQUEANO GUILHERME RIBEIRO"},"content":{"rendered":"<p><center><a href=\"http:\/\/www.r2cpress.com.br\/v1\/wp-content\/uploads\/ATEFFA-LOG.-DE-LUTO.jpg\"><img loading=\"lazy\" class=\"aligncenter size-full wp-image-51455\" title=\"ATEFFA-LOG.-DE-LUTO\" src=\"http:\/\/www.r2cpress.com.br\/v1\/wp-content\/uploads\/ATEFFA-LOG.-DE-LUTO.jpg\" alt=\"\" width=\"300\" height=\"225\" \/><\/a><\/center><\/p>\n<p>Comunicamos e lamentamos o falecimento do nosso colega associado e amigo, o Agente de Atividade Agropecu\u00e1ria, Guilherme Ribeiro dos Santos Filho, que era lotado no Escrit\u00f3rio da CEPLAC em Mutu\u00edpe\/BA, ligado a Delegacia da ATEFFA, Regional de Valen\u00e7a.<\/p>\n<p>At\u00e9 o momento \u00e9 do nosso conhecimento, que o colega foi encontrado morto em sua resid\u00eancia. Tudo leva a cr\u00ea que tratou-se de um enfarto\u00a0fulminante.<\/p>\n<p>Nossas Condol\u00eancias \u00e0 fam\u00edlia. Rogamos a Deus, que nesse momento de perda, envie consolo aos familiares de Guilherme, e que ele descanse em PAZ em seus bra\u00e7os.<\/p>\n<p><a href=\"http:\/\/www.ateffaba.org.br\/?p=14698\" target=\"_blank\">http:\/\/www.ateffaba.org.br\/?p=<wbr>14698<\/wbr><\/a><\/p>\n<p>ATEFFA\/BA \u2013 Presidente<\/p>\n<p>Jos\u00e9 Bezerra da Rocha<\/p>\n<p>Ascom-Rezende<\/p>\n<div><\/div>\n<p>&#8212;<br \/>\n<img loading=\"lazy\" src=\"http:\/\/t2.gstatic.com\/images?q=tbn:ANd9GcRsEH7SIAOCYXCDPQ4Umr6DCCvDT0pNbrat5fk70wqcTJzAyaVp-Q\" alt=\"\" width=\"96\" height=\"57\" \/><\/p>\n<div>Jos\u00e9 <strong>Rezende<\/strong> Mendon\u00e7a<\/div>\n<div>Aposentado<\/div>\n","protected":false},"excerpt":{"rendered":"<p>Comunicamos e lamentamos o falecimento do nosso colega associado e amigo, o Agente de Atividade Agropecu\u00e1ria, Guilherme Ribeiro dos Santos Filho, que era lotado no Escrit\u00f3rio da CEPLAC em Mutu\u00edpe\/BA, ligado a Delegacia da ATEFFA, Regional de Valen\u00e7a. At\u00e9 o momento \u00e9 do nosso conhecimento, que o colega foi encontrado morto em sua resid\u00eancia. Tudo [&hellip;]<\/p>\n","protected":false},"author":2,"featured_media":0,"comment_status":"open","ping_status":"open","sticky":false,"template":"","format":"standard","meta":{"_links_to":"","_links_to_target":""},"categories":[3],"tags":[],"_links":{"self":[{"href":"https:\/\/www.r2cpress.com.br\/v1\/wp-json\/wp\/v2\/posts\/51454"}],"collection":[{"href":"https:\/\/www.r2cpress.com.br\/v1\/wp-json\/wp\/v2\/posts"}],"about":[{"href":"https:\/\/www.r2cpress.com.br\/v1\/wp-json\/wp\/v2\/types\/post"}],"author":[{"embeddable":true,"href":"https:\/\/www.r2cpress.com.br\/v1\/wp-json\/wp\/v2\/users\/2"}],"replies":[{"embeddable":true,"href":"https:\/\/www.r2cpress.com.br\/v1\/wp-json\/wp\/v2\/comments?post=51454"}],"version-history":[{"count":4,"href":"https:\/\/www.r2cpress.com.br\/v1\/wp-json\/wp\/v2\/posts\/51454\/revisions"}],"predecessor-version":[{"id":51459,"href":"https:\/\/www.r2cpress.com.br\/v1\/wp-json\/wp\/v2\/posts\/51454\/revisions\/51459"}],"wp:attachment":[{"href":"https:\/\/www.r2cpress.com.br\/v1\/wp-json\/wp\/v2\/media?parent=51454"}],"wp:term":[{"taxonomy":"category","embeddable":true,"href":"https:\/\/www.r2cpress.com.br\/v1\/wp-json\/wp\/v2\/categories?post=51454"},{"taxonomy":"post_tag","embeddable":true,"href":"https:\/\/www.r2cpress.com.br\/v1\/wp-json\/wp\/v2\/tags?post=51454"}],"curies":[{"name":"wp","href":"https:\/\/api.w.org\/{rel}","templated":true}]}}