{"id":51472,"date":"2012-10-07T17:16:08","date_gmt":"2012-10-07T20:16:08","guid":{"rendered":"http:\/\/www.r2cpress.com.br\/v1\/?p=51472"},"modified":"2012-10-07T17:16:08","modified_gmt":"2012-10-07T20:16:08","slug":"vamos-trazer-o-satelite-pra-nossa-comunidade","status":"publish","type":"post","link":"https:\/\/www.r2cpress.com.br\/v1\/2012\/10\/07\/vamos-trazer-o-satelite-pra-nossa-comunidade\/","title":{"rendered":"Vamos trazer o Satelite pra nossa comunidade."},"content":{"rendered":"<div>Amigos do Satelite de Remo de Ilheus.<\/div>\n<div><\/div>\n<div>Precisamos de apoio de todos para que possamos anular um processo trabalhista, o qual nosso Satelite Clube de Remo<\/div>\n<div>foi entregue para dois &#8220;suposto&#8221;\u00a0funcion\u00e1rios\u00a0do Clube, por conta de divida trabalhista. Voces sabem que\u00a0s\u00e3o\u00a0os ex-funcion\u00e1rios contemplados?\u00a0Voc\u00eas\u00a0sabem quem representou o Satelite na\u00a0audi\u00eancia\u00a0de concilia\u00e7\u00e3o no TRT?<\/div>\n<div>\n<div id=\"attachment_51473\" style=\"width: 560px\" class=\"wp-caption aligncenter\"><a href=\"http:\/\/www.r2cpress.com.br\/v1\/wp-content\/uploads\/satelite.jpg\"><img aria-describedby=\"caption-attachment-51473\" loading=\"lazy\" class=\"size-full wp-image-51473\" title=\"satelite\" src=\"http:\/\/www.r2cpress.com.br\/v1\/wp-content\/uploads\/satelite.jpg\" alt=\"\" width=\"550\" height=\"416\" srcset=\"https:\/\/www.r2cpress.com.br\/v1\/wp-content\/uploads\/satelite.jpg 550w, https:\/\/www.r2cpress.com.br\/v1\/wp-content\/uploads\/satelite-300x226.jpg 300w\" sizes=\"(max-width: 550px) 100vw, 550px\" \/><\/a><p id=\"caption-attachment-51473\" class=\"wp-caption-text\">01<\/p><\/div>\n<\/div>\n<div>\n<div id=\"attachment_51474\" style=\"width: 560px\" class=\"wp-caption aligncenter\"><a href=\"http:\/\/www.r2cpress.com.br\/v1\/wp-content\/uploads\/ze-pretinho.jpg\"><img aria-describedby=\"caption-attachment-51474\" loading=\"lazy\" class=\"size-full wp-image-51474\" title=\"ze pretinho\" src=\"http:\/\/www.r2cpress.com.br\/v1\/wp-content\/uploads\/ze-pretinho.jpg\" alt=\"\" width=\"550\" height=\"363\" srcset=\"https:\/\/www.r2cpress.com.br\/v1\/wp-content\/uploads\/ze-pretinho.jpg 550w, https:\/\/www.r2cpress.com.br\/v1\/wp-content\/uploads\/ze-pretinho-300x197.jpg 300w\" sizes=\"(max-width: 550px) 100vw, 550px\" \/><\/a><p id=\"caption-attachment-51474\" class=\"wp-caption-text\">02<\/p><\/div>\n<\/div>\n<div>O nosso amigo Ze Pretinho faleceu levando consigo esta decep\u00e7\u00e3o, feita por uma pessoa que ele depositava todo confian\u00e7a, indicando o mesmo para Presidente do Satelite Clube de Remo e hoje esta pessoa passa para sua\u00a0fam\u00edlia\u00a0este patrimonio publico. Ele esta a frente de uma Cooperativa Familiar de Agricultores e com certeza\u00a0desponta como novo vereador da nossa cidade.<\/div>\n<div><\/div>\n<div>Mas, caso seja eleito, ele nao esta impedindo de responder processo pelo plano criminoso.<\/div>\n<div><\/div>\n<div>Acesse os link\u00b4s abaixo e veja mais sobre o satelite clube de remo:<\/div>\n<div><\/div>\n<div><a href=\"..\/2010\/12\/08\/satelite-clube-de-remo-ilheus\/#comments\" target=\"_blank\">http:\/\/www.r2cpress.com.br\/v1\/<wbr>2010\/12\/08\/satelite-clube-de-<\/wbr><wbr>remo-ilheus\/#comments<\/wbr><\/a><\/div>\n<div><\/div>\n<div><a href=\"http:\/\/rubensesilva.blogspot.com.br\/2009\/05\/novamente-regatas-em-ilheus.html\" target=\"_blank\">http:\/\/rubensesilva.blogspot.<wbr>com.br\/2009\/05\/novamente-<\/wbr><wbr>regatas-em-ilheus.html<\/wbr><\/a><\/div>\n<div><\/div>\n<div><\/div>\n<div>Eduardo Carvalho &#8211; Siri<\/div>\n","protected":false},"excerpt":{"rendered":"<p>Amigos do Satelite de Remo de Ilheus. Precisamos de apoio de todos para que possamos anular um processo trabalhista, o qual nosso Satelite Clube de Remo foi entregue para dois &#8220;suposto&#8221;\u00a0funcion\u00e1rios\u00a0do Clube, por conta de divida trabalhista. Voces sabem que\u00a0s\u00e3o\u00a0os ex-funcion\u00e1rios contemplados?\u00a0Voc\u00eas\u00a0sabem quem representou o Satelite na\u00a0audi\u00eancia\u00a0de concilia\u00e7\u00e3o no TRT? O nosso amigo Ze Pretinho [&hellip;]<\/p>\n","protected":false},"author":2,"featured_media":0,"comment_status":"open","ping_status":"open","sticky":false,"template":"","format":"standard","meta":{"_links_to":"","_links_to_target":""},"categories":[10],"tags":[],"_links":{"self":[{"href":"https:\/\/www.r2cpress.com.br\/v1\/wp-json\/wp\/v2\/posts\/51472"}],"collection":[{"href":"https:\/\/www.r2cpress.com.br\/v1\/wp-json\/wp\/v2\/posts"}],"about":[{"href":"https:\/\/www.r2cpress.com.br\/v1\/wp-json\/wp\/v2\/types\/post"}],"author":[{"embeddable":true,"href":"https:\/\/www.r2cpress.com.br\/v1\/wp-json\/wp\/v2\/users\/2"}],"replies":[{"embeddable":true,"href":"https:\/\/www.r2cpress.com.br\/v1\/wp-json\/wp\/v2\/comments?post=51472"}],"version-history":[{"count":2,"href":"https:\/\/www.r2cpress.com.br\/v1\/wp-json\/wp\/v2\/posts\/51472\/revisions"}],"predecessor-version":[{"id":51476,"href":"https:\/\/www.r2cpress.com.br\/v1\/wp-json\/wp\/v2\/posts\/51472\/revisions\/51476"}],"wp:attachment":[{"href":"https:\/\/www.r2cpress.com.br\/v1\/wp-json\/wp\/v2\/media?parent=51472"}],"wp:term":[{"taxonomy":"category","embeddable":true,"href":"https:\/\/www.r2cpress.com.br\/v1\/wp-json\/wp\/v2\/categories?post=51472"},{"taxonomy":"post_tag","embeddable":true,"href":"https:\/\/www.r2cpress.com.br\/v1\/wp-json\/wp\/v2\/tags?post=51472"}],"curies":[{"name":"wp","href":"https:\/\/api.w.org\/{rel}","templated":true}]}}