{"id":51482,"date":"2012-10-07T20:57:01","date_gmt":"2012-10-07T23:57:01","guid":{"rendered":"http:\/\/www.r2cpress.com.br\/v1\/?p=51482"},"modified":"2012-10-07T20:57:01","modified_gmt":"2012-10-07T23:57:01","slug":"teatro-municipal-de-ilheus-recebe-espetaculo-infantil-durante-a-semana-da-crianca","status":"publish","type":"post","link":"https:\/\/www.r2cpress.com.br\/v1\/2012\/10\/07\/teatro-municipal-de-ilheus-recebe-espetaculo-infantil-durante-a-semana-da-crianca\/","title":{"rendered":"Teatro Municipal de Ilh\u00e9us recebe espet\u00e1culo infantil durante a semana da crian\u00e7a"},"content":{"rendered":"<p align=\"JUSTIFY\"><span style=\"color: #000000;\"><span style=\"font-family: Times New Roman,serif;\"><span style=\"font-size: medium;\">A Cia Ilheense de Teatro e M\u00fasica apresenta durante a semana da crian\u00e7a o espet\u00e1culo \u201cAlice no Pa\u00eds das Maravilhas\u201d. As apresenta\u00e7\u00f5es s\u00e3o fechadas para escolas do munic\u00edpio e no dia 12 de outubro, \u00e0s 17 horas, ser\u00e1 feita uma apresenta\u00e7\u00e3o aberta ao p\u00fablico, com ingressos a R$15,00 (pre\u00e7o \u00fanico), \u00e0 venda na bilheteria do teatro.<\/span><\/span><\/span><\/p>\n<p align=\"JUSTIFY\"><span style=\"color: #000000;\"><span style=\"font-family: Times New Roman,serif;\"><span style=\"font-size: medium;\">O qu\u00ea: Espet\u00e1culo Infantil Alice no Pa\u00eds das Maravilhas<\/span><\/span><\/span><\/p>\n<p align=\"JUSTIFY\"><span style=\"color: #000000;\"><span style=\"font-family: Times New Roman,serif;\"><span style=\"font-size: medium;\">Quando: 12\/10\/12<\/span><\/span><\/span><\/p>\n<p align=\"JUSTIFY\"><span style=\"color: #000000;\"><span style=\"font-family: Times New Roman,serif;\"><span style=\"font-size: medium;\">Hor\u00e1rio: 17h00<\/span><\/span><\/span><\/p>\n<p align=\"JUSTIFY\"><span style=\"color: #000000;\"><span style=\"font-family: Times New Roman,serif;\"><span style=\"font-size: medium;\">Local: Teatro Municipal de Ilh\u00e9us<\/span><\/span><\/span><\/p>\n<p align=\"JUSTIFY\"><span style=\"color: #000000;\"><span style=\"font-family: Times New Roman,serif;\"><span style=\"font-size: medium;\">Ingresso: R$15,00 (pre\u00e7o \u00fanico)<\/span><\/span><\/span><\/p>\n<div>\n<div id=\":266\" data-tooltip=\"Mostrar conte\u00fado cortado\"><img src=\"http:\/\/mail.globo.com\/mail\/images\/cleardot.gif\" alt=\"\" \/><\/div>\n<\/div>\n","protected":false},"excerpt":{"rendered":"<p>A Cia Ilheense de Teatro e M\u00fasica apresenta durante a semana da crian\u00e7a o espet\u00e1culo \u201cAlice no Pa\u00eds das Maravilhas\u201d. As apresenta\u00e7\u00f5es s\u00e3o fechadas para escolas do munic\u00edpio e no dia 12 de outubro, \u00e0s 17 horas, ser\u00e1 feita uma apresenta\u00e7\u00e3o aberta ao p\u00fablico, com ingressos a R$15,00 (pre\u00e7o \u00fanico), \u00e0 venda na bilheteria do [&hellip;]<\/p>\n","protected":false},"author":2,"featured_media":0,"comment_status":"open","ping_status":"open","sticky":false,"template":"","format":"standard","meta":{"_links_to":"","_links_to_target":""},"categories":[5],"tags":[],"_links":{"self":[{"href":"https:\/\/www.r2cpress.com.br\/v1\/wp-json\/wp\/v2\/posts\/51482"}],"collection":[{"href":"https:\/\/www.r2cpress.com.br\/v1\/wp-json\/wp\/v2\/posts"}],"about":[{"href":"https:\/\/www.r2cpress.com.br\/v1\/wp-json\/wp\/v2\/types\/post"}],"author":[{"embeddable":true,"href":"https:\/\/www.r2cpress.com.br\/v1\/wp-json\/wp\/v2\/users\/2"}],"replies":[{"embeddable":true,"href":"https:\/\/www.r2cpress.com.br\/v1\/wp-json\/wp\/v2\/comments?post=51482"}],"version-history":[{"count":3,"href":"https:\/\/www.r2cpress.com.br\/v1\/wp-json\/wp\/v2\/posts\/51482\/revisions"}],"predecessor-version":[{"id":51485,"href":"https:\/\/www.r2cpress.com.br\/v1\/wp-json\/wp\/v2\/posts\/51482\/revisions\/51485"}],"wp:attachment":[{"href":"https:\/\/www.r2cpress.com.br\/v1\/wp-json\/wp\/v2\/media?parent=51482"}],"wp:term":[{"taxonomy":"category","embeddable":true,"href":"https:\/\/www.r2cpress.com.br\/v1\/wp-json\/wp\/v2\/categories?post=51482"},{"taxonomy":"post_tag","embeddable":true,"href":"https:\/\/www.r2cpress.com.br\/v1\/wp-json\/wp\/v2\/tags?post=51482"}],"curies":[{"name":"wp","href":"https:\/\/api.w.org\/{rel}","templated":true}]}}