{"id":51502,"date":"2012-10-08T09:11:34","date_gmt":"2012-10-08T12:11:34","guid":{"rendered":"http:\/\/www.r2cpress.com.br\/v1\/?p=51502"},"modified":"2012-10-08T09:11:34","modified_gmt":"2012-10-08T12:11:34","slug":"o-eleito","status":"publish","type":"post","link":"https:\/\/www.r2cpress.com.br\/v1\/2012\/10\/08\/o-eleito\/","title":{"rendered":"O ELEITO"},"content":{"rendered":"<p><img loading=\"lazy\" alt=\"\" src=\"http:\/\/www.r2cpress.com.br\/v1\/wp-content\/uploads\/zecarlos-r2cpress_reduzida.jpg\" class=\"alignleft\" width=\"300\" height=\"207\" \/>J\u00e1 temos um novo mandat\u00e1rio <b>Senhor JABES RIBEIRO.<\/b><br \/>\nIntensa campanha, promessas de todo tipo, a partir de janeiro estar\u00e1 mais uma vez \u00e0 frente da administra\u00e7\u00e3o p\u00fablica municipal de Ilh\u00e9us.<br \/>\nVamos esquecer neste momento o passado do novo alcaide, principalmente seu \u00faltimo mandato que provocou esses oito anos de desleixo e de falta de respeito com a coisa p\u00fablica na nossa cidade.<br \/>\nCom certeza o Senhor Jabes nesse per\u00edodo que ficou afastado da prefeitura, deve ter refletido bastante a sua \u00faltima atua\u00e7\u00e3o e, aliado \u00e0 sua experi\u00eancia de homem p\u00fablico, ter\u00e1 mais uma oportunidade para mostrar ao povo de Ilh\u00e9us que o tempo \u00e9 outro, que o cidad\u00e3o Jabes est\u00e1 mais maduro, com inten\u00e7\u00f5es de reparar o estrago provocado e se redimir perante o povo.<br \/>\nNo in\u00edcio do ano, logo ap\u00f3s a posse oficial, o Senhor Jabes ter\u00e1 sob a sua responsabilidade a administra\u00e7\u00e3o de uma cidade repleta de problemas, necessitando ser resgatada pol\u00edtica\/administrativamente e fazer valer o seu conhecimento de j\u00e1 ter sido por tr\u00eas vezes prefeito.<br \/>\nAgora \u00e9 descansar, saldar os compromissos de campanha, come\u00e7ar a montar a equipe de trabalho e planejar o que fazer nos primeiros meses de mandato.<br \/>\nCaro Jabes Ribeiro! Independente de partido ou coliga\u00e7\u00e3o pol\u00edtica, de quem votou ou n\u00e3o, a partir de janeiro o Senhor ser\u00e1 o prefeito de todos os ilheenses que esperam uma administra\u00e7\u00e3o com compet\u00eancia, \u00e9tica, responsabilidade, dec\u00eancia, compromisso com a causa p\u00fablica.<br \/>\nPARAB\u00c9NS e que Deus na sua infinita sabedoria lhe aben\u00e7oe e proteja na dif\u00edcil miss\u00e3o que ter\u00e1 pela frente.<\/p>\n<p><b>Z\u00c9CARLOS JUNIOR<\/b><\/p>\n","protected":false},"excerpt":{"rendered":"<p>J\u00e1 temos um novo mandat\u00e1rio Senhor JABES RIBEIRO. Intensa campanha, promessas de todo tipo, a partir de janeiro estar\u00e1 mais uma vez \u00e0 frente da administra\u00e7\u00e3o p\u00fablica municipal de Ilh\u00e9us. Vamos esquecer neste momento o passado do novo alcaide, principalmente seu \u00faltimo mandato que provocou esses oito anos de desleixo e de falta de respeito [&hellip;]<\/p>\n","protected":false},"author":2,"featured_media":0,"comment_status":"open","ping_status":"open","sticky":false,"template":"","format":"standard","meta":{"_links_to":"","_links_to_target":""},"categories":[10],"tags":[],"_links":{"self":[{"href":"https:\/\/www.r2cpress.com.br\/v1\/wp-json\/wp\/v2\/posts\/51502"}],"collection":[{"href":"https:\/\/www.r2cpress.com.br\/v1\/wp-json\/wp\/v2\/posts"}],"about":[{"href":"https:\/\/www.r2cpress.com.br\/v1\/wp-json\/wp\/v2\/types\/post"}],"author":[{"embeddable":true,"href":"https:\/\/www.r2cpress.com.br\/v1\/wp-json\/wp\/v2\/users\/2"}],"replies":[{"embeddable":true,"href":"https:\/\/www.r2cpress.com.br\/v1\/wp-json\/wp\/v2\/comments?post=51502"}],"version-history":[{"count":2,"href":"https:\/\/www.r2cpress.com.br\/v1\/wp-json\/wp\/v2\/posts\/51502\/revisions"}],"predecessor-version":[{"id":51504,"href":"https:\/\/www.r2cpress.com.br\/v1\/wp-json\/wp\/v2\/posts\/51502\/revisions\/51504"}],"wp:attachment":[{"href":"https:\/\/www.r2cpress.com.br\/v1\/wp-json\/wp\/v2\/media?parent=51502"}],"wp:term":[{"taxonomy":"category","embeddable":true,"href":"https:\/\/www.r2cpress.com.br\/v1\/wp-json\/wp\/v2\/categories?post=51502"},{"taxonomy":"post_tag","embeddable":true,"href":"https:\/\/www.r2cpress.com.br\/v1\/wp-json\/wp\/v2\/tags?post=51502"}],"curies":[{"name":"wp","href":"https:\/\/api.w.org\/{rel}","templated":true}]}}