{"id":51528,"date":"2012-10-08T14:34:15","date_gmt":"2012-10-08T17:34:15","guid":{"rendered":"http:\/\/www.r2cpress.com.br\/v1\/?p=51528"},"modified":"2012-10-08T14:34:15","modified_gmt":"2012-10-08T17:34:15","slug":"prefeitura-municipal-de-ilheus-353","status":"publish","type":"post","link":"https:\/\/www.r2cpress.com.br\/v1\/2012\/10\/08\/prefeitura-municipal-de-ilheus-353\/","title":{"rendered":"Prefeitura Municipal de Ilh\u00e9us"},"content":{"rendered":"<p><center><a href=\"http:\/\/www.r2cpress.com.br\/v1\/wp-content\/uploads\/MONT-CAPA-06.jpg\"><img loading=\"lazy\" src=\"http:\/\/www.r2cpress.com.br\/v1\/wp-content\/uploads\/MONT-CAPA-06.jpg\" alt=\"\" title=\"MONT CAPA 06\" width=\"550\" height=\"544\" class=\"aligncenter size-full wp-image-51529\" srcset=\"https:\/\/www.r2cpress.com.br\/v1\/wp-content\/uploads\/MONT-CAPA-06.jpg 550w, https:\/\/www.r2cpress.com.br\/v1\/wp-content\/uploads\/MONT-CAPA-06-300x296.jpg 300w\" sizes=\"(max-width: 550px) 100vw, 550px\" \/><\/a><br \/>\n<strong>Nova sede do Samu de Ilh\u00e9us \u00e9 inaugurada  e Solla anunacia novo Hospital Regional<br \/>\nIlh\u00e9us sedia curso internacional de oficiais t\u00e9cnicos de arbitragem para Triathlon<br \/>\nIlh\u00e9us celebra Dia Mundial  da Sa\u00fade Mental com caminhada<br \/>\nCom\u00e9dia sobre o mundo das celebridades \u00e9 um dos destaques da programa\u00e7\u00e3o do TMI para este m\u00eas<\/strong><\/center><\/p>\n<p><!--more--><\/p>\n<p>***<\/p>\n<p><strong>Nova sede do Samu de Ilh\u00e9us \u00e9 inaugurada  e Solla anunacia novo Hospital Regional<\/strong><\/p>\n<p>O Servi\u00e7o de Atendimento M\u00f3vel de Urg\u00eancia (Samu) em Ilh\u00e9us j\u00e1 est\u00e1 funcionando em novo endere\u00e7o, na avenida Litor\u00e2nea Norte, no bairro do Malhado. A inaugura\u00e7\u00e3o ocorreu na noite da \u00faltima sexta feira (5), com a presen\u00e7a do secret\u00e1rio da sa\u00fade do Estado da Bahia, Jorge Solla, do prefeito de Ilh\u00e9us Newton Lima, do secretario da Sa\u00fade do munic\u00edpio, Ronaldo Lavigne, e do coordenador-m\u00e9dico do Samu em Ilh\u00e9us, Walbert Silveira.<br \/>\nO secret\u00e1rio Jorge Solla chegou a Ilh\u00e9us acompanhado de uma comitiva formada pela diretora de Regula\u00e7\u00e3o, Vic\u00eancia Lorusso, da superintendente da Aten\u00e7\u00e3o Integral da Sa\u00fade, Gisele Santana, superintendente da Assist\u00eancia Farmac\u00eautica, Ci\u00eancia e Tecnologia da Sa\u00fade, Alfredo Boa Sorte, e da diretora de Aten\u00e7\u00e3o Especializada, Led\u00edvia Espinheira.<br \/>\nEm seu discurso, Solla enfatizou a import\u00e2ncia desta nova unidade n\u00e3o s\u00f3 para Ilh\u00e9us como para toda a regi\u00e3o Sul da Bahia, destacando a quest\u00e3o da regionaliza\u00e7\u00e3o do Samu. Na oportunidade, o secret\u00e1rio informou que o governador Jaques Wagner j\u00e1 autorizou \u00e0 equipe da Secretaria da Sa\u00fade do Estado da Bahia (Sesab) a procurar um terreno para abrigar o novo Hospital Regional para Ilh\u00e9us. Solla disse, ainda, que o processo para in\u00edcio das buscas e estudos j\u00e1 foram iniciados.<br \/>\nO prefeito de Newton Lima destacou o constante empenho de Solla em trazer benef\u00edcios e desenvolvimento para a sa\u00fade de Ilh\u00e9us, elogiando o perfil sempre acess\u00edvel do secret\u00e1rio, colocando-se \u00e0 disposi\u00e7\u00e3o para auxili\u00e1-lo no que for necess\u00e1rio. A nova sede do Samu, al\u00e9m de promover uma melhora na qualidade do atendimento \u00e0 popula\u00e7\u00e3o, obedece aos crit\u00e9rios espec\u00edficos para a regionaliza\u00e7\u00e3o, processo j\u00e1 iniciado e aprovado junto ao Minist\u00e9rio da Sa\u00fade.<br \/>\nA regionaliza\u00e7\u00e3o do Samu ilheense atender\u00e1 uma \u00e1rea microrregional com 21 munic\u00edpios, beneficiando um total de 720 mil habitantes. Cidades como Canavieiras, Una, Itacar\u00e9, Valen\u00e7a, Santa Luzia Uru\u00e7uca, Camamu, Valen\u00e7a e Gandu fazem parte dessa microrregi\u00e3o. Todos os munic\u00edpios integrantes receber\u00e3o uma ambul\u00e2ncia de unidade b\u00e1sica ou de unidade avan\u00e7ada. O Samu de Ilh\u00e9us realizar\u00e1 a regula\u00e7\u00e3o dos atendimentos nesses munic\u00edpios, atrav\u00e9s da central de atendimentos 192.<br \/>\nSegundo o secret\u00e1rio Ronaldo Lavigne, a regionaliza\u00e7\u00e3o representa um grande avan\u00e7o para toda a regi\u00e3o e tamb\u00e9m para Ilh\u00e9us, gerando mais emprego e renda, com a destina\u00e7\u00e3o de mais verbas e estrutura para o Samu da cidade. Ronaldo disse, ainda, que com a nova sede do Samu e a unidade do Samu da zona sul, recentemente inaugurada, o munic\u00edpio de Ilh\u00e9us ganha mais qualidade e agilidade ao atendimento da sua popula\u00e7\u00e3o.<\/p>\n<p><strong>Ilh\u00e9us sedia curso internacional de oficiais t\u00e9cnicos de arbitragem para Triathlon<\/strong><\/p>\n<p>Prossegue at\u00e9 o dia 24 deste m\u00eas as inscri\u00e7\u00f5es para capacita\u00e7\u00e3o de oficiais t\u00e9cnicos para o n\u00edvel internacional visando os Jogos Ol\u00edmpicos que ser\u00e3o realizados na cidade do Rio de Janeiro (RJ). O evento \u00e9 promovido pela Confedera\u00e7\u00e3o Brasileira de Triathlon (CBTri) em parceria com a International Triathlon Union (ITU). O curso ser\u00e1 realizado em Ilh\u00e9us, na Universidade Estadual de Santa Cruz (Uesc), tem o objetivo de capacitar \u00e1rbitros nacionais como Oficiais T\u00e9cnicos Internacionais de Triathlon para que possam atuar em competi\u00e7\u00f5es de n\u00edvel internacional, tanto dentro como fora do Brasil.<br \/>\nSegundo o professor de Educa\u00e7\u00e3o F\u00edsica da Uesc, Alberto Kruschewsky, em informa\u00e7\u00e3o confirmada no site da CBTRI (http:\/\/www.cbtri.org.br\/ver_new.asp?tipo=noticias&#038;id=6864&#038;pos_menu=), trata-se de uma certifica\u00e7\u00e3o emitida pela Federa\u00e7\u00e3o Internacional de Triathlon (ITU), o que exige a realiza\u00e7\u00e3o de exame ao final do curso, no qual todos os participantes aprovados passar\u00e3o a ser classificados como International Technical Official Level I (Oficial T\u00e9cnico Internacional &#8211; N\u00edvel I), sendo integrados ao quadro de \u00c1rbitros Internacionais da ITU. \u201cEst\u00e1vamos solicitando a realiza\u00e7\u00e3o deste curso, que j\u00e1 contava com o apoio da de integrantes da Confedera\u00e7\u00e3o Brasileira desde a realiza\u00e7\u00e3o do pan-americano aqui em Ilh\u00e9us\u201d, explicou.<br \/>\nAlberto Kruschewsky esteve em Londres com Roberto Menescau, \u00e1rbitro da ITU, que coordenou a \u00e1rea de transi\u00e7\u00e3o durante o Triatlon na Olimp\u00edada de Londres e conversamos sobre o assunto. E completou \u201ctrata-se de um momento importante, mas pretendemos ainda mais at\u00e9 os Jogos do Rio\u201d. Roberto Menescau, que \u00e9 facilitador Internacional de Triathlon (ITU) vir\u00e1 em Ilh\u00e9us para ministrar o curso. Ainda segundo o site da CBTRI, todas as apresenta\u00e7\u00f5es em multim\u00eddia ser\u00e3o em realizadas na l\u00edngua inglesa enquanto que as apresenta\u00e7\u00f5es orais e o exame escrito ser\u00e3o realizados na l\u00edngua portuguesa.<br \/>\nO curso ser\u00e1 ministrado entre os dias 26 e 28 deste m\u00eas no Parque Desportivo da Universidade Estadual de Santa Cruz (Uesc), com carga Hor\u00e1ria de 18 horas. Ser\u00e3o disponibilizadas 40 vagas e custar\u00e1 R$ 20,00 (\u00e1rbitros certificados) e R$ 10,00 (volunt\u00e1rios). Como pr\u00e9-requisito o interessado deve possuir certificado de \u00c1rbitro CBTri N\u00edvel I ou equivalente. \u00c1rbitros com Certifica\u00e7\u00e3o Estadual dever\u00e3o ser indicados por suas respectivas Federa\u00e7\u00f5es mediante of\u00edcio enviado por email paracursos@cbtri.org.br. Federa\u00e7\u00f5es Estaduais podem indicar at\u00e9 dois \u00e1rbitros para inscri\u00e7\u00e3o no curso, com exce\u00e7\u00e3o da Febatri.<br \/>\nAlberto Kruschewsky explica ainda que, para o staff de Arbitragem que atuou como volunt\u00e1rio na Copa Panamericana Ilh\u00e9us 2012, haver\u00e1 a possibilidade de inscri\u00e7\u00e3o mediante a indica\u00e7\u00e3o da coordena\u00e7\u00e3o de Arbitragem do evento. As inscri\u00e7\u00f5es s\u00f3 ser\u00e3o aceitas se realizadas pela p\u00e1gina da CBTri, por meio do link:http:\/\/www.cbtri-eventos.com.br\/index.asp<\/p>\n<p><strong>Ilh\u00e9us celebra Dia Mundial  da Sa\u00fade Mental com caminhada <\/strong><\/p>\n<p>Em comemora\u00e7\u00e3o ao Dia Mundial de Sa\u00fade Mental, celebrado em 10 de outubro, a Secretaria Municipal da Sa\u00fade de Ilh\u00e9us atrav\u00e9s dos Centros de Aten\u00e7\u00e3o Psicossocial (Caps), realizar\u00e1 uma grande caminhada com seus pacientes pelas ruas de Ilh\u00e9us. A concentra\u00e7\u00e3o ser\u00e1 \u00e0s 14 horas e os cerca de 100 pacientes participantes sair\u00e3o do bairro da Conquista na sede do Caps-Adulto, e seguir\u00e1 pela avenida Canavieiras at\u00e9 o centro da cidade.<br \/>\nA a\u00e7\u00e3o tem como objetivo superar preconceitos atrav\u00e9s dessas atividades e possibilitar o conv\u00edvio com as diferen\u00e7as num espa\u00e7o p\u00fablico. \u201cEste dia \u00e9 importante para a sensibiliza\u00e7\u00e3o da sociedade, para proporcionar lazer aos pacientes e dar apoio e envolvimento aos familiares, que participam diretamente do processo de tratamento\u201d, explicou a coordenadora dos Caps de Ilh\u00e9us, Simone Pit\u00e1goras,<br \/>\nNo centro, ao lado do Banco do Brasil, ser\u00e1 montado um estande para a exposi\u00e7\u00e3o e vendas de produtos produzidos pelos pacientes na Oficina de Artesanato. A coordena\u00e7\u00e3o dos Caps est\u00e1 realizando neste m\u00eas diversas outras atividades em comemora\u00e7\u00e3o a data. Na \u00faltima quinta-feira (4) foi realizada o I Encontro de Autismo do Caps Infantil, com palestras sobre a tem\u00e1tica para psic\u00f3logos da rede municipal e profissionais do Crie e da Apae.<br \/>\nNesta quinta-feira (11) ser\u00e1 realizado o curso de Libras para funcion\u00e1rios dos Caps de Ilh\u00e9us. O curso ser\u00e1 realizado duas vezes na semana, com dura\u00e7\u00e3o de 1 hora\/aula at\u00e9 o m\u00eas de dezembro, ministrada pela fisioterapeuta D\u00e9bora Mascarenhas.<br \/>\nIlh\u00e9us possui atualmente tr\u00eas Centros de Aten\u00e7\u00e3o Psicossocial. O Caps-Infantil est\u00e1 localizado no bairro Cidade Nova. O Caps II est\u00e1 situado \u00e0 rua dos Carilos, na 3\u00aa travessa, no bairro Conquista. J\u00e1 o Centro de Aten\u00e7\u00e3o Psicossocial \u00c1lcool e Drogas (Caps-AD) para pacientes com transtornos decorrentes do uso e depend\u00eancia de \u00c1lcool e outras drogas tem sua sede na avenida Canavieiras, e tem como publico-alvo tanto pacientes em idade adulta como crian\u00e7as e adolescentes. Todos os atendimentos s\u00e3o realizados das 8 \u00e0s 12 horas e das 13 \u00e0s 17 horas.<\/p>\n<p><strong>Com\u00e9dia sobre o mundo das celebridades \u00e9 um dos destaques da programa\u00e7\u00e3o do TMI para este m\u00eas<\/strong><\/p>\n<p>A Prefeitura de Ilh\u00e9us, por meio da Fundaci, divulgou a programa\u00e7\u00e3o de eventos do Teatro Municipal (TMI) para outubro, priorizando, mais uma vez, a diversidade cultural. A exemplo das oportunidades anteriores, quando foram valorizados eventos locais e nacionais, a programa\u00e7\u00e3o deste m\u00eas contempla iniciativas desenvolvidas nas \u00e1reas da poesia, m\u00fasica e da literatura, entre v\u00e1rios outros.<br \/>\nDando sequ\u00eancia \u00e0 programa\u00e7\u00e3o, nesta sexta-feira (12), a partir das 17 horas, o p\u00fablico infantil ter\u00e1 a oportunidade de conferir o espet\u00e1culo \u201cAlice no Pa\u00eds das Maravilhas\u201d, musical encenado pela Companhia Ilheense de Teatro e M\u00fasica. Abrindo a segunda quinzena deste m\u00eas, no pr\u00f3ximo dia 17, a partir das 18 horas, com entrada gratuita, a Secretaria de Educa\u00e7\u00e3o do Estado da Bahia estar\u00e1 promovendo um evento denominado \u201cTempos de Arte Liter\u00e1ria\u201d. Um dia depois (18), na galeria do TMI, a partir das 19 horas, tamb\u00e9m com entrada gratuita, ser\u00e1 aberta a exposi\u00e7\u00e3o \u201cModa e preven\u00e7\u00e3o: quem cuida da beleza, cuida da sa\u00fade\u201d.<br \/>\nNos dias 20 e 21, sempre a partir das 20h30min, os atores Luis Salem e Stella Miranda estar\u00e3o apresentando o espet\u00e1culo \u201cGozados\u201d. Na montagem, a dupla reinventa o mundo das celebridades, sempre com s\u00e1tiras e par\u00f3dias musicais imperd\u00edveis. Durante o trabalho, o p\u00fablico ter\u00e1 a chance de se divertir com vers\u00f5es bem-humoradas do compositor Chico Buarque, do cantor Arnaldo Antunes e do antigo grupo Domin\u00f3. Tamb\u00e9m entram em cena personagens c\u00f4micos, como \u201ca mulher rica\u201d e \u201ca baiana cansada\u201d, al\u00e9m de imita\u00e7\u00f5es impag\u00e1veis da apresentadora Ana Maria Braga e da cantora Amy Winehouse.<br \/>\nOutros \u2013 Seguindo com a programa\u00e7\u00e3o do TMI para este m\u00eas de outubro, no dia 22, \u00e0s 18 horas, com entrada gratuita, semifinal regional do Festival Anual da Can\u00e7\u00e3o Estudantil (Face), organizada pela Secretaria da Educa\u00e7\u00e3o do Estado da Bahia. No dia 23, dois eventos promovidos pela secretaria municipal de Educa\u00e7\u00e3o: Semin\u00e1rio sobre Adolesc\u00eancia, a partir das 8 horas, e homenagem aos professores da rede municipal de ensino, a partir das 14 horas. Na sequ\u00eancia, no dia 25 de outubro, com hor\u00e1rio a confirmar, recital Schumann; dia 26, a partir das 19 horas, I Encontro de Corais; dia 27, a partir das 18 horas, Festival de Talentos, com a apresenta\u00e7\u00e3o dos alunos do Col\u00e9gio S\u00e3o Jorge dos Ilh\u00e9us; dia 30, \u00e0s 19 horas, espet\u00e1culo infantil \u201cO macaco cozinheiro da arca de No\u00e9\u201d; e, finalmente, \u00e0s 18 horas do dia 31 de outubro, abertura da exposi\u00e7\u00e3o \u201cGueto da Alegria\u201d.<\/p>\n","protected":false},"excerpt":{"rendered":"<p>Nova sede do Samu de Ilh\u00e9us \u00e9 inaugurada e Solla anunacia novo Hospital Regional Ilh\u00e9us sedia curso internacional de oficiais t\u00e9cnicos de arbitragem para Triathlon Ilh\u00e9us celebra Dia Mundial da Sa\u00fade Mental com caminhada Com\u00e9dia sobre o mundo das celebridades \u00e9 um dos destaques da programa\u00e7\u00e3o do TMI para este m\u00eas<\/p>\n","protected":false},"author":2,"featured_media":0,"comment_status":"open","ping_status":"open","sticky":false,"template":"","format":"standard","meta":{"_links_to":"","_links_to_target":""},"categories":[23],"tags":[],"_links":{"self":[{"href":"https:\/\/www.r2cpress.com.br\/v1\/wp-json\/wp\/v2\/posts\/51528"}],"collection":[{"href":"https:\/\/www.r2cpress.com.br\/v1\/wp-json\/wp\/v2\/posts"}],"about":[{"href":"https:\/\/www.r2cpress.com.br\/v1\/wp-json\/wp\/v2\/types\/post"}],"author":[{"embeddable":true,"href":"https:\/\/www.r2cpress.com.br\/v1\/wp-json\/wp\/v2\/users\/2"}],"replies":[{"embeddable":true,"href":"https:\/\/www.r2cpress.com.br\/v1\/wp-json\/wp\/v2\/comments?post=51528"}],"version-history":[{"count":3,"href":"https:\/\/www.r2cpress.com.br\/v1\/wp-json\/wp\/v2\/posts\/51528\/revisions"}],"predecessor-version":[{"id":51532,"href":"https:\/\/www.r2cpress.com.br\/v1\/wp-json\/wp\/v2\/posts\/51528\/revisions\/51532"}],"wp:attachment":[{"href":"https:\/\/www.r2cpress.com.br\/v1\/wp-json\/wp\/v2\/media?parent=51528"}],"wp:term":[{"taxonomy":"category","embeddable":true,"href":"https:\/\/www.r2cpress.com.br\/v1\/wp-json\/wp\/v2\/categories?post=51528"},{"taxonomy":"post_tag","embeddable":true,"href":"https:\/\/www.r2cpress.com.br\/v1\/wp-json\/wp\/v2\/tags?post=51528"}],"curies":[{"name":"wp","href":"https:\/\/api.w.org\/{rel}","templated":true}]}}