{"id":5154,"date":"2010-12-23T21:38:45","date_gmt":"2010-12-24T00:38:45","guid":{"rendered":"http:\/\/www.r2cpress.com.br\/v1\/?p=5154"},"modified":"2010-12-23T21:38:45","modified_gmt":"2010-12-24T00:38:45","slug":"semaforos-com-contadores-regressivos","status":"publish","type":"post","link":"https:\/\/www.r2cpress.com.br\/v1\/2010\/12\/23\/semaforos-com-contadores-regressivos\/","title":{"rendered":"Sem\u00e1foros com contadores regressivos"},"content":{"rendered":"<p>De: Eduardo Catarino <edcatharino @hotmail.com><br \/>\nAssunto: <strong>Sem\u00e1foros com contadores regressivos<\/strong><\/p>\n<p>Corpo da mensagem:<\/p>\n<p>Senhor Secret\u00e1rio de Tr\u00e2nsito,<\/p>\n<p>Tenho ouvido queixas de motoristas com rela\u00e7\u00e3o as multas decorrentes dos pardais fiscalizadores de avan\u00e7o de sinal.Acontece que est\u00e1 ocorrendo situa\u00e7\u00f5es que nos coloca em d\u00favida no que diz respeito ao tempo minimo do sinal amarelo para o sinal vermelho,que \u00e9 o momento em que se fotografa o ve\u00edculo,est\u00e1 muito r\u00e1pido e o quantitativo de autom\u00f3veis est\u00e1 grande e fluindo lentamente,fazendo com que os motoristas ainda no sinal verde e com a lentid\u00e3o do tr\u00e1fego muda para o amarelo e r\u00e1pidamente para o vermelho,ou seja fotografa os ve\u00edculos,sem caracterizar avan\u00e7o de sinal,por causa dos engarrafamentos principalmente na avenida Itabuna.Sugiro ao ilustre Secret\u00e1rio,que coloque sem\u00e1foros com contadores regressivos nesses locais,para que n\u00f3s motoristas ao se aproximar e visualizar o contador de tempo saiba o quanto ainda disp\u00f4e para avan\u00e7ar ou reduzir.<\/p>\n<p>Atenciosamente,<\/p>\n<p>Eduardo Catarino<\/p>\n<p>&#8212;<br \/>\nEsta mensagem foi enviada atrav\u00e9s do formul\u00e1rio de contato do site R2CPRESS | A Letra Fria da Verdade http:\/\/www.r2cpress.com.br\/v1<br \/>\n<\/edcatharino><\/p>\n","protected":false},"excerpt":{"rendered":"<p>De: Eduardo Catarino Assunto: Sem\u00e1foros com contadores regressivos Corpo da mensagem: Senhor Secret\u00e1rio de Tr\u00e2nsito, Tenho ouvido queixas de motoristas com rela\u00e7\u00e3o as multas decorrentes dos pardais fiscalizadores de avan\u00e7o de sinal.Acontece que est\u00e1 ocorrendo situa\u00e7\u00f5es que nos coloca em d\u00favida no que diz respeito ao tempo minimo do sinal amarelo para o sinal vermelho,que [&hellip;]<\/p>\n","protected":false},"author":2,"featured_media":0,"comment_status":"open","ping_status":"open","sticky":false,"template":"","format":"standard","meta":{"_links_to":"","_links_to_target":""},"categories":[10],"tags":[],"_links":{"self":[{"href":"https:\/\/www.r2cpress.com.br\/v1\/wp-json\/wp\/v2\/posts\/5154"}],"collection":[{"href":"https:\/\/www.r2cpress.com.br\/v1\/wp-json\/wp\/v2\/posts"}],"about":[{"href":"https:\/\/www.r2cpress.com.br\/v1\/wp-json\/wp\/v2\/types\/post"}],"author":[{"embeddable":true,"href":"https:\/\/www.r2cpress.com.br\/v1\/wp-json\/wp\/v2\/users\/2"}],"replies":[{"embeddable":true,"href":"https:\/\/www.r2cpress.com.br\/v1\/wp-json\/wp\/v2\/comments?post=5154"}],"version-history":[{"count":2,"href":"https:\/\/www.r2cpress.com.br\/v1\/wp-json\/wp\/v2\/posts\/5154\/revisions"}],"predecessor-version":[{"id":5156,"href":"https:\/\/www.r2cpress.com.br\/v1\/wp-json\/wp\/v2\/posts\/5154\/revisions\/5156"}],"wp:attachment":[{"href":"https:\/\/www.r2cpress.com.br\/v1\/wp-json\/wp\/v2\/media?parent=5154"}],"wp:term":[{"taxonomy":"category","embeddable":true,"href":"https:\/\/www.r2cpress.com.br\/v1\/wp-json\/wp\/v2\/categories?post=5154"},{"taxonomy":"post_tag","embeddable":true,"href":"https:\/\/www.r2cpress.com.br\/v1\/wp-json\/wp\/v2\/tags?post=5154"}],"curies":[{"name":"wp","href":"https:\/\/api.w.org\/{rel}","templated":true}]}}