{"id":51549,"date":"2012-10-08T19:58:19","date_gmt":"2012-10-08T22:58:19","guid":{"rendered":"http:\/\/www.r2cpress.com.br\/v1\/?p=51549"},"modified":"2012-10-08T19:58:19","modified_gmt":"2012-10-08T22:58:19","slug":"boletim-eletronico-da-agencia-camara-de-noticias-66","status":"publish","type":"post","link":"https:\/\/www.r2cpress.com.br\/v1\/2012\/10\/08\/boletim-eletronico-da-agencia-camara-de-noticias-66\/","title":{"rendered":"Boletim Eletr\u00f4nico da Ag\u00eancia C\u00e2mara de Not\u00edcias"},"content":{"rendered":"<table width=\"700\" border=\"0\" cellspacing=\"0\" cellpadding=\"0\" align=\"center\">\n<tbody>\n<tr>\n<td colspan=\"2\">\n<h2>Manchetes do dia<\/h2>\n<\/td>\n<\/tr>\n<tr>\n<td colspan=\"2\">\n<ul>\n<li><a title=\"\" href=\"http:\/\/www2.camara.gov.br\/agencia\/noticias\/POLITICA\/427443-PARA-ESPECIALISTAS,-ELEICAO-NAO-MUDA-RELACOES-DE-FORCA-NO-CONGRESSO.html\" target=\"_blank\">Para especialistas, elei\u00e7\u00e3o n\u00e3o muda rela\u00e7\u00f5es de for\u00e7a no Congresso<\/a><\/li>\n<li><a title=\"\" href=\"http:\/\/www2.camara.gov.br\/agencia\/noticias\/SAUDE\/427437-COMISSAO-VAI-DISCUTIR-PROIBICAO-DE-INIBIDORES-DE-APETITE.html\" target=\"_blank\">Comiss\u00e3o vai discutir proibi\u00e7\u00e3o de inibidores de apetite<\/a><\/li>\n<li><a title=\"\" href=\"http:\/\/www2.camara.gov.br\/agencia\/noticias\/MEIO-AMBIENTE\/427426-COMISSAO-FARA-SEMINARIO-SOBRE-O-PAGAMENTO-POR-SERVICOS-AMBIENTAIS.html\" target=\"_blank\">Comiss\u00e3o far\u00e1 semin\u00e1rio sobre o pagamento por servi\u00e7os ambientais<\/a><\/li>\n<li><a title=\"\" href=\"http:\/\/www2.camara.gov.br\/agencia\/noticias\/SEGURANCA\/427441-CCJ-DISCUTE-RELATORIO-QUE-MODIFICA-O-CODIGO-PENAL.html\" target=\"_blank\">CCJ discute relat\u00f3rio que modifica o C\u00f3digo Penal<\/a><\/li>\n<\/ul>\n<\/td>\n<\/tr>\n<tr>\n<td colspan=\"2\"><\/td>\n<\/tr>\n<tr>\n<td colspan=\"2\">\n<table width=\"100%\" border=\"0\" cellspacing=\"0\" cellpadding=\"0\">\n<tbody>\n<tr>\n<td>\n<table width=\"100%\" border=\"0\" cellspacing=\"0\" cellpadding=\"0\">\n<tbody>\n<tr>\n<td rowspan=\"2\" valign=\"top\" width=\"70%\">\n<table width=\"100%\" border=\"0\" cellspacing=\"0\" cellpadding=\"0\">\n<tbody>\n<tr bgcolor=\"#FFFFFF\">\n<td>\n<h2>ADMINISTRA\u00c7\u00c3O P\u00daBLICA<\/h2>\n<\/td>\n<\/tr>\n<tr>\n<td>\n<ul>\n<li><a title=\"\" href=\"http:\/\/www2.camara.gov.br\/agencia\/noticias\/ASSISTENCIA-SOCIAL\/427339-FRENTE-PARLAMENTAR-DEFENDE-MEDIDAS-EM-BENEFICIO-DE-POVOS-TRADICIONAIS.html\" target=\"_blank\">Frente parlamentar defende medidas em benef\u00edcio de povos tradicionais<\/a><\/li>\n<li><a title=\"\" href=\"http:\/\/www2.camara.gov.br\/agencia\/noticias\/SEGURANCA\/427433-CPI-DO-TRAFICO-DE-PESSOAS-OUVIRA-PROFESSOR-DA-UNIVERSIDADE-FEDERAL-DA-PARAIBA.html\" target=\"_blank\">CPI do Tr\u00e1fico de Pessoas ouvir\u00e1 professor da Universidade Federal da Para\u00edba<\/a><\/li>\n<li><a title=\"\" href=\"http:\/\/www2.camara.gov.br\/agencia\/noticias\/CIDADES\/427442-DESENVOLVIMENTO-URBANO-PROMOVE-NOVA-EDICAO-DO-PREMIO-SELO-CIDADE-CIDADA.html\" target=\"_blank\">Desenvolvimento Urbano promove nova edi\u00e7\u00e3o do pr\u00eamio Selo Cidade Cidad\u00e3<\/a><\/li>\n<li><a title=\"\" href=\"http:\/\/www2.camara.gov.br\/agencia\/noticias\/DIREITO-E-JUSTICA\/427469-AUDIENCIA-DISCUTIRA-PROJETO-QUE-ALTERA-LEGISLACAO-SOBRE-DROGAS.html\" target=\"_blank\">Audi\u00eancia discutir\u00e1 projeto que altera legisla\u00e7\u00e3o sobre drogas<\/a><\/li>\n<\/ul>\n<\/td>\n<\/tr>\n<tr bgcolor=\"#FFFFFF\">\n<td>\n<h2>CI\u00caNCIA E TECNOLOGIA<\/h2>\n<\/td>\n<\/tr>\n<tr>\n<td>\n<ul>\n<li><a title=\"\" href=\"http:\/\/www2.camara.gov.br\/agencia\/noticias\/DIREITO-E-JUSTICA\/427252-HERDEIROS-PODERAO-TER-ACESSO-A-ARQUIVOS-DIGITAIS-DE-FALECIDOS.html\" target=\"_blank\">Herdeiros poder\u00e3o ter acesso a arquivos digitais de falecidos<\/a><\/li>\n<\/ul>\n<\/td>\n<\/tr>\n<tr bgcolor=\"#FFFFFF\">\n<td>\n<h2>DIREITOS HUMANOS<\/h2>\n<\/td>\n<\/tr>\n<tr>\n<td>\n<ul>\n<li><a title=\"\" href=\"http:\/\/www2.camara.gov.br\/agencia\/noticias\/DIREITOS-HUMANOS\/427450-COMISSAO-DISCUTIRA-POLITICAS-DE-DIREITOS-HUMANOS-NO-PAIS.html\" target=\"_blank\">Comiss\u00e3o discutir\u00e1 pol\u00edticas de direitos humanos no Pa\u00eds<\/a><\/li>\n<\/ul>\n<\/td>\n<\/tr>\n<tr bgcolor=\"#FFFFFF\">\n<td>\n<h2>SA\u00daDE<\/h2>\n<\/td>\n<\/tr>\n<tr>\n<td>\n<ul>\n<li><a title=\"\" href=\"http:\/\/www2.camara.gov.br\/agencia\/noticias\/TRABALHO-E-PREVIDENCIA\/427424-PROJETO-ACABA-COM-DEMISSAO-SUMARIA-DE-DEPENDENTE-QUIMICO.html\" target=\"_blank\">Projeto acaba com demiss\u00e3o sum\u00e1ria de dependente qu\u00edmico<\/a><\/li>\n<\/ul>\n<\/td>\n<\/tr>\n<\/tbody>\n<\/table>\n<\/td>\n<\/tr>\n<\/tbody>\n<\/table>\n<\/td>\n<\/tr>\n<\/tbody>\n<\/table>\n<\/td>\n<\/tr>\n<\/tbody>\n<\/table>\n","protected":false},"excerpt":{"rendered":"<p>Manchetes do dia Para especialistas, elei\u00e7\u00e3o n\u00e3o muda rela\u00e7\u00f5es de for\u00e7a no Congresso Comiss\u00e3o vai discutir proibi\u00e7\u00e3o de inibidores de apetite Comiss\u00e3o far\u00e1 semin\u00e1rio sobre o pagamento por servi\u00e7os ambientais CCJ discute relat\u00f3rio que modifica o C\u00f3digo Penal ADMINISTRA\u00c7\u00c3O P\u00daBLICA Frente parlamentar defende medidas em benef\u00edcio de povos tradicionais CPI do Tr\u00e1fico de Pessoas ouvir\u00e1 [&hellip;]<\/p>\n","protected":false},"author":2,"featured_media":0,"comment_status":"open","ping_status":"open","sticky":false,"template":"","format":"standard","meta":{"_links_to":"","_links_to_target":""},"categories":[18],"tags":[],"_links":{"self":[{"href":"https:\/\/www.r2cpress.com.br\/v1\/wp-json\/wp\/v2\/posts\/51549"}],"collection":[{"href":"https:\/\/www.r2cpress.com.br\/v1\/wp-json\/wp\/v2\/posts"}],"about":[{"href":"https:\/\/www.r2cpress.com.br\/v1\/wp-json\/wp\/v2\/types\/post"}],"author":[{"embeddable":true,"href":"https:\/\/www.r2cpress.com.br\/v1\/wp-json\/wp\/v2\/users\/2"}],"replies":[{"embeddable":true,"href":"https:\/\/www.r2cpress.com.br\/v1\/wp-json\/wp\/v2\/comments?post=51549"}],"version-history":[{"count":3,"href":"https:\/\/www.r2cpress.com.br\/v1\/wp-json\/wp\/v2\/posts\/51549\/revisions"}],"predecessor-version":[{"id":51552,"href":"https:\/\/www.r2cpress.com.br\/v1\/wp-json\/wp\/v2\/posts\/51549\/revisions\/51552"}],"wp:attachment":[{"href":"https:\/\/www.r2cpress.com.br\/v1\/wp-json\/wp\/v2\/media?parent=51549"}],"wp:term":[{"taxonomy":"category","embeddable":true,"href":"https:\/\/www.r2cpress.com.br\/v1\/wp-json\/wp\/v2\/categories?post=51549"},{"taxonomy":"post_tag","embeddable":true,"href":"https:\/\/www.r2cpress.com.br\/v1\/wp-json\/wp\/v2\/tags?post=51549"}],"curies":[{"name":"wp","href":"https:\/\/api.w.org\/{rel}","templated":true}]}}