{"id":51577,"date":"2012-10-09T09:41:39","date_gmt":"2012-10-09T12:41:39","guid":{"rendered":"http:\/\/www.r2cpress.com.br\/v1\/?p=51577"},"modified":"2012-10-09T09:41:39","modified_gmt":"2012-10-09T12:41:39","slug":"kkzao-criditando","status":"publish","type":"post","link":"https:\/\/www.r2cpress.com.br\/v1\/2012\/10\/09\/kkzao-criditando\/","title":{"rendered":"KKz\u00e3o criditando"},"content":{"rendered":"<p>Cridita in Deus?<\/p>\n<div><\/div>\n<div>\u00a0\u00a0\u00a0\u00a0\u00a0\u00a0\u00a0\u00a0\u00a0\u00a0\u00a0\u00a0\u00a0\u00a0\u00a0\u00a0\u00a0\u00a0\u00a0 Interior de Minas Gerais. Mulher gr\u00e1vida de oito meses\u00a0 na porta da cozinha, olhava o tempo e procurava um jeito de come\u00e7ar uma prosa com o marido, que descansava numa rede:<\/div>\n<div><\/div>\n<div>\u00a0\u00a0\u00a0\u00a0\u00a0\u00a0\u00a0\u00a0\u00a0\u00a0\u00a0\u00a0\u00a0\u00a0\u00a0\u00a0\u00a0\u00a0\u00a0 \u2015 \u00d4 bem? C\u00ea cridita im Deus?<\/div>\n<div>\u00a0\u00a0\u00a0\u00a0\u00a0\u00a0\u00a0\u00a0\u00a0\u00a0\u00a0\u00a0\u00a0\u00a0\u00a0\u00a0\u00a0\u00a0\u00a0 \u2015 Ora, si criditu&#8230;. craro!<\/div>\n<div>\u00a0\u00a0\u00a0\u00a0\u00a0\u00a0\u00a0\u00a0\u00a0\u00a0\u00a0\u00a0\u00a0\u00a0\u00a0\u00a0\u00a0\u00a0\u00a0 \u2015 Int\u00e3o, si \u00e9 da vontadi de Deus, nesse crima seco danado\u00a0 e Ele queresse faz\u00ea chuv\u00ea dirrepente, chuvia?<\/div>\n<div>\u00a0\u00a0\u00a0\u00a0\u00a0\u00a0\u00a0\u00a0\u00a0\u00a0\u00a0\u00a0\u00a0\u00a0\u00a0\u00a0\u00a0\u00a0\u00a0 \u2015\u00a0 Uai, mui\u00e9. Si \u00e9 da vontadi de Deus, chuvia na mema hora&#8230;.<\/div>\n<div><\/div>\n<div>\u00a0\u00a0\u00a0\u00a0\u00a0\u00a0\u00a0\u00a0\u00a0\u00a0\u00a0\u00a0\u00a0\u00a0\u00a0\u00a0\u00a0\u00a0\u00a0 \u2015 Si \u00e9 da vontadi de Deus, o dia pudia vir\u00e1 noiti num\u00a0 minutim?<\/div>\n<div>\u00a0\u00a0\u00a0\u00a0\u00a0\u00a0\u00a0\u00a0\u00a0\u00a0\u00a0\u00a0\u00a0\u00a0\u00a0\u00a0\u00a0\u00a0\u00a0 \u2015 Ora, si \u00e9 da vontadi de Deus, virava sim&#8230;. pru que\u00a0 n\u00e3o?<\/div>\n<div>\u00a0\u00a0\u00a0\u00a0\u00a0\u00a0\u00a0\u00a0\u00a0\u00a0\u00a0\u00a0\u00a0\u00a0\u00a0\u00a0\u00a0\u00a0\u00a0 \u2015 Si \u00e9 da vontadi de Deus, seno n\u00f3is dois branquelo azedo desse jeito, nosso fio pudia nasc\u00ea pretim &#8230; quasi azurzin&#8230; qui nem cumpadi Totoin?<\/div>\n<div><\/div>\n<div>\u00a0\u00a0\u00a0\u00a0\u00a0\u00a0\u00a0\u00a0\u00a0\u00a0\u00a0\u00a0\u00a0\u00a0\u00a0\u00a0\u00a0\u00a0\u00a0 \u2015 Uai, s\u00f4&#8230; Si fosse da vontadi de Deus nosso fio nasc\u00ea\u00a0 pritim qui nem cumpadi Totoin, nascia&#8230;\u00a0 Mai qui oc\u00ea ia tom\u00e1 uma surra de\u00a0 vir\u00e1 os z\u00f3io, arri\u00e1 no ch\u00e3o e int\u00e9 mij\u00e1 pelas pernas, c\u00ea&#8230;..ia, aaaaaah! si ia!<\/div>\n","protected":false},"excerpt":{"rendered":"<p>Cridita in Deus? \u00a0\u00a0\u00a0\u00a0\u00a0\u00a0\u00a0\u00a0\u00a0\u00a0\u00a0\u00a0\u00a0\u00a0\u00a0\u00a0\u00a0\u00a0\u00a0 Interior de Minas Gerais. Mulher gr\u00e1vida de oito meses\u00a0 na porta da cozinha, olhava o tempo e procurava um jeito de come\u00e7ar uma prosa com o marido, que descansava numa rede: \u00a0\u00a0\u00a0\u00a0\u00a0\u00a0\u00a0\u00a0\u00a0\u00a0\u00a0\u00a0\u00a0\u00a0\u00a0\u00a0\u00a0\u00a0\u00a0 \u2015 \u00d4 bem? C\u00ea cridita im Deus? \u00a0\u00a0\u00a0\u00a0\u00a0\u00a0\u00a0\u00a0\u00a0\u00a0\u00a0\u00a0\u00a0\u00a0\u00a0\u00a0\u00a0\u00a0\u00a0 \u2015 Ora, si criditu&#8230;. craro! \u00a0\u00a0\u00a0\u00a0\u00a0\u00a0\u00a0\u00a0\u00a0\u00a0\u00a0\u00a0\u00a0\u00a0\u00a0\u00a0\u00a0\u00a0\u00a0 \u2015 Int\u00e3o, si \u00e9 da [&hellip;]<\/p>\n","protected":false},"author":2,"featured_media":0,"comment_status":"open","ping_status":"open","sticky":false,"template":"","format":"standard","meta":{"_links_to":"","_links_to_target":""},"categories":[10],"tags":[],"_links":{"self":[{"href":"https:\/\/www.r2cpress.com.br\/v1\/wp-json\/wp\/v2\/posts\/51577"}],"collection":[{"href":"https:\/\/www.r2cpress.com.br\/v1\/wp-json\/wp\/v2\/posts"}],"about":[{"href":"https:\/\/www.r2cpress.com.br\/v1\/wp-json\/wp\/v2\/types\/post"}],"author":[{"embeddable":true,"href":"https:\/\/www.r2cpress.com.br\/v1\/wp-json\/wp\/v2\/users\/2"}],"replies":[{"embeddable":true,"href":"https:\/\/www.r2cpress.com.br\/v1\/wp-json\/wp\/v2\/comments?post=51577"}],"version-history":[{"count":3,"href":"https:\/\/www.r2cpress.com.br\/v1\/wp-json\/wp\/v2\/posts\/51577\/revisions"}],"predecessor-version":[{"id":51580,"href":"https:\/\/www.r2cpress.com.br\/v1\/wp-json\/wp\/v2\/posts\/51577\/revisions\/51580"}],"wp:attachment":[{"href":"https:\/\/www.r2cpress.com.br\/v1\/wp-json\/wp\/v2\/media?parent=51577"}],"wp:term":[{"taxonomy":"category","embeddable":true,"href":"https:\/\/www.r2cpress.com.br\/v1\/wp-json\/wp\/v2\/categories?post=51577"},{"taxonomy":"post_tag","embeddable":true,"href":"https:\/\/www.r2cpress.com.br\/v1\/wp-json\/wp\/v2\/tags?post=51577"}],"curies":[{"name":"wp","href":"https:\/\/api.w.org\/{rel}","templated":true}]}}