{"id":51610,"date":"2012-10-09T18:49:27","date_gmt":"2012-10-09T21:49:27","guid":{"rendered":"http:\/\/www.r2cpress.com.br\/v1\/?p=51610"},"modified":"2012-10-09T18:49:27","modified_gmt":"2012-10-09T21:49:27","slug":"maria-luiza-heine-diz-que-o-general-osorio-deve-ser-administrado-pela-prefeitura","status":"publish","type":"post","link":"https:\/\/www.r2cpress.com.br\/v1\/2012\/10\/09\/maria-luiza-heine-diz-que-o-general-osorio-deve-ser-administrado-pela-prefeitura\/","title":{"rendered":"Maria Luiza Heine diz que o General Os\u00f3rio deve ser administrado pela Prefeitura"},"content":{"rendered":"<p><div id=\"attachment_51611\" style=\"width: 310px\" class=\"wp-caption alignleft\"><a href=\"http:\/\/www.r2cpress.com.br\/v1\/wp-content\/uploads\/Maria-Luiza-Heine_.jpg\"><img aria-describedby=\"caption-attachment-51611\" loading=\"lazy\" src=\"http:\/\/www.r2cpress.com.br\/v1\/wp-content\/uploads\/Maria-Luiza-Heine_-300x225.jpg\" alt=\"\" title=\"Maria Luiza Heine_\" width=\"300\" height=\"225\" class=\"size-medium wp-image-51611\" srcset=\"https:\/\/www.r2cpress.com.br\/v1\/wp-content\/uploads\/Maria-Luiza-Heine_-300x225.jpg 300w, https:\/\/www.r2cpress.com.br\/v1\/wp-content\/uploads\/Maria-Luiza-Heine_.jpg 680w\" sizes=\"(max-width: 300px) 100vw, 300px\" \/><\/a><p id=\"caption-attachment-51611\" class=\"wp-caption-text\">Maria Luiza Heine<\/p><\/div>A historiadora e ex-presidente da Funda\u00e7\u00e3o Cultural de Ilh\u00e9us, Maria Luiza Heine, mostra-se preocupada com a transfer\u00eancia do pr\u00e9dio do General Os\u00f3rio para o grupo Teatro Popular de Ilh\u00e9us, conforme not\u00edcia divulgada pela imprensa na \u00faltima sexta-feira, 5. Ela disse no seu blog \u201cIlh\u00e9us com Amor\u201d (ilheuscomamor.wordpress.com) estar perplexa com a not\u00edcia.<\/p>\n<p>\u201cGostaria de saber a opini\u00e3o do Minist\u00e9rio P\u00fablico, mas acho que este pr\u00e9dio tem uma import\u00e2ncia muito grande, vai fazer cem anos e n\u00e3o deve sair da administra\u00e7\u00e3o municipal\u201d, posiciona-se a historiadora, questionando o sil\u00eancio das pessoas que defendem a recupera\u00e7\u00e3o do General Os\u00f3rio.<\/p>\n<p>Lembrando que nestes cem anos o pr\u00e9dio nunca foi administrado pela iniciativa privada, Maria Luiza Heine ressalta tamb\u00e9m sua admira\u00e7\u00e3o pelo Teatro Popular de Ilh\u00e9us, considerando que a Prefeitura deve dar todo o apoio necess\u00e1rio ao grupo, mas defendendo que o patrim\u00f4nio hist\u00f3rico seja administrado pelo governo municipal.<\/p>\n<p><strong>Hist\u00f3rico do pr\u00e9dio<\/strong> \u2013 A historiadora ressalta que o pr\u00e9dio onde funcionam atualmente a Biblioteca Adonias Filho e o Arquivo Jo\u00e3o Mangabeira foi inaugurado em 31 de dezembro de 1915, como a primeira escola p\u00fablica municipal de Ilh\u00e9us, e depois passou a se chamar Grupo Escolar General Os\u00f3rio. No ano de 2002, o ent\u00e3o prefeito Jabes Ribeiro realizou uma reforma e instalou ali a Biblioteca Municipal e o Arquivo P\u00fablico.<\/p>\n<p>A Biblioteca recebe estudantes das escolas p\u00fablicas e pessoas diversas. Com acesso \u00e0 Internet e oferta de filmes gratuitos e exposi\u00e7\u00f5es permanentes sobre os eventos ligados aos estudantes, a Biblioteca \u00e9 um importante equipamento para a educa\u00e7\u00e3o e cultura da cidade. O arquivo atende historiadores, funcion\u00e1rios p\u00fablicos e pessoas interessadas nos documentos que antes eram completamente inacess\u00edveis.<\/p>\n<p>Maria Luiz Heine chama a aten\u00e7\u00e3o tamb\u00e9m para o tamanho da \u00e1rea do General Os\u00f3rio, que considera pequena para abrigar o que j\u00e1 est\u00e1 l\u00e1 e mais o TPI. \u201cN\u00e3o vejo nenhuma compatibilidade destas atividades com a de um teatro, que tamb\u00e9m requer espa\u00e7o e tem uma din\u00e2mica conflitante com o sil\u00eancio necess\u00e1rio a uma biblioteca e \u00e0s atividades de pesquisa do arquivo\u201d.<\/p>\n","protected":false},"excerpt":{"rendered":"<p>A historiadora e ex-presidente da Funda\u00e7\u00e3o Cultural de Ilh\u00e9us, Maria Luiza Heine, mostra-se preocupada com a transfer\u00eancia do pr\u00e9dio do General Os\u00f3rio para o grupo Teatro Popular de Ilh\u00e9us, conforme not\u00edcia divulgada pela imprensa na \u00faltima sexta-feira, 5. Ela disse no seu blog \u201cIlh\u00e9us com Amor\u201d (ilheuscomamor.wordpress.com) estar perplexa com a not\u00edcia. \u201cGostaria de saber [&hellip;]<\/p>\n","protected":false},"author":2,"featured_media":0,"comment_status":"open","ping_status":"open","sticky":false,"template":"","format":"standard","meta":{"_links_to":"","_links_to_target":""},"categories":[5],"tags":[],"_links":{"self":[{"href":"https:\/\/www.r2cpress.com.br\/v1\/wp-json\/wp\/v2\/posts\/51610"}],"collection":[{"href":"https:\/\/www.r2cpress.com.br\/v1\/wp-json\/wp\/v2\/posts"}],"about":[{"href":"https:\/\/www.r2cpress.com.br\/v1\/wp-json\/wp\/v2\/types\/post"}],"author":[{"embeddable":true,"href":"https:\/\/www.r2cpress.com.br\/v1\/wp-json\/wp\/v2\/users\/2"}],"replies":[{"embeddable":true,"href":"https:\/\/www.r2cpress.com.br\/v1\/wp-json\/wp\/v2\/comments?post=51610"}],"version-history":[{"count":2,"href":"https:\/\/www.r2cpress.com.br\/v1\/wp-json\/wp\/v2\/posts\/51610\/revisions"}],"predecessor-version":[{"id":51613,"href":"https:\/\/www.r2cpress.com.br\/v1\/wp-json\/wp\/v2\/posts\/51610\/revisions\/51613"}],"wp:attachment":[{"href":"https:\/\/www.r2cpress.com.br\/v1\/wp-json\/wp\/v2\/media?parent=51610"}],"wp:term":[{"taxonomy":"category","embeddable":true,"href":"https:\/\/www.r2cpress.com.br\/v1\/wp-json\/wp\/v2\/categories?post=51610"},{"taxonomy":"post_tag","embeddable":true,"href":"https:\/\/www.r2cpress.com.br\/v1\/wp-json\/wp\/v2\/tags?post=51610"}],"curies":[{"name":"wp","href":"https:\/\/api.w.org\/{rel}","templated":true}]}}