{"id":51619,"date":"2012-10-09T23:30:34","date_gmt":"2012-10-10T02:30:34","guid":{"rendered":"http:\/\/www.r2cpress.com.br\/v1\/?p=51619"},"modified":"2012-10-09T23:30:34","modified_gmt":"2012-10-10T02:30:34","slug":"boletim-eletronico-da-agencia-camara-de-noticias-67","status":"publish","type":"post","link":"https:\/\/www.r2cpress.com.br\/v1\/2012\/10\/09\/boletim-eletronico-da-agencia-camara-de-noticias-67\/","title":{"rendered":"Boletim Eletr\u00f4nico da Ag\u00eancia C\u00e2mara de Not\u00edcias"},"content":{"rendered":"<table width=\"700\" border=\"0\" cellspacing=\"0\" cellpadding=\"0\" align=\"center\">\n<tbody>\n<tr>\n<td colspan=\"2\">\n<h2>Manchetes do dia<\/h2>\n<\/td>\n<\/tr>\n<tr>\n<td colspan=\"2\">\n<ul>\n<li><a title=\"\" href=\"http:\/\/www2.camara.gov.br\/agencia\/noticias\/POLITICA\/427443-PARA-ESPECIALISTAS,-ELEICAO-NAO-MUDA-RELACOES-DE-FORCA-NO-CONGRESSO.html\" target=\"_blank\">Para especialistas, elei\u00e7\u00e3o n\u00e3o muda rela\u00e7\u00f5es de for\u00e7a no Congresso<\/a><\/li>\n<li><a title=\"\" href=\"http:\/\/www2.camara.gov.br\/agencia\/noticias\/ECONOMIA\/427490-DEPUTADO-E-RECEITA-DIVERGEM-SOBRE-TRIBUTACAO-POR-LUCRO-PRESUMIDO.html\" target=\"_blank\">Deputado e Receita divergem sobre tributa\u00e7\u00e3o por lucro presumido<\/a><\/li>\n<li><a title=\"\" href=\"http:\/\/www2.camara.gov.br\/agencia\/noticias\/SEGURANCA\/427511-PESQUISADOR-DIZ-QUE-FALTA-PUNICAO-PARA-O-TRAFICO-DE-PESSOAS-NA-PARAIBA.html\" target=\"_blank\">Pesquisador diz que falta puni\u00e7\u00e3o para o tr\u00e1fico de pessoas na Para\u00edba<\/a><\/li>\n<\/ul>\n<\/td>\n<\/tr>\n<tr>\n<td colspan=\"2\"><\/td>\n<\/tr>\n<tr>\n<td colspan=\"2\">\n<table width=\"100%\" border=\"0\" cellspacing=\"0\" cellpadding=\"0\">\n<tbody>\n<tr>\n<td>\n<table width=\"100%\" border=\"0\" cellspacing=\"0\" cellpadding=\"0\">\n<tbody>\n<tr>\n<td rowspan=\"2\" valign=\"top\" width=\"70%\">\n<table width=\"100%\" border=\"0\" cellspacing=\"0\" cellpadding=\"0\">\n<tbody>\n<tr bgcolor=\"#FFFFFF\">\n<td>\n<h2>ADMINISTRA\u00c7\u00c3O P\u00daBLICA<\/h2>\n<\/td>\n<\/tr>\n<tr>\n<td>\n<ul>\n<li><a title=\"\" href=\"http:\/\/www2.camara.gov.br\/agencia\/noticias\/ECONOMIA\/427498-PROJETO-ACABA-COM-%E2%80%9CCALCULO-POR-DENTRO%E2%80%9D-DE-TRIBUTOS-E-CANCELA-ISENCOES.html\" target=\"_blank\">Projeto acaba com \u201cc\u00e1lculo por dentro\u201d de tributos e cancela isen\u00e7\u00f5es<\/a><\/li>\n<li><a title=\"\" href=\"http:\/\/www2.camara.gov.br\/agencia\/noticias\/SAUDE\/427507-PROJETO-ESTABELECE-PRESENCA-DE-FARMACEUTICOS-EM-UNIDADES-DO-SUS.html\" target=\"_blank\">Projeto estabelece presen\u00e7a de farmac\u00eauticos em unidades do SUS<\/a><\/li>\n<\/ul>\n<\/td>\n<\/tr>\n<tr bgcolor=\"#FFFFFF\">\n<td>\n<h2>CONSUMIDOR<\/h2>\n<\/td>\n<\/tr>\n<tr>\n<td>\n<ul>\n<li><a title=\"\" href=\"http:\/\/www2.camara.gov.br\/agencia\/noticias\/TURISMO\/427500-PAIS-PODERAO-TER-DIREITO-AO-MESMO-PERIODO-DE-FERIAS-DE-SEUS-FILHOS.html\" target=\"_blank\">Pais poder\u00e3o ter direito ao mesmo per\u00edodo de f\u00e9rias de seus filhos<\/a><\/li>\n<\/ul>\n<\/td>\n<\/tr>\n<tr bgcolor=\"#FFFFFF\">\n<td>\n<h2>DIREITO E JUSTI\u00c7A<\/h2>\n<\/td>\n<\/tr>\n<tr>\n<td>\n<ul>\n<li><a title=\"\" href=\"http:\/\/www2.camara.gov.br\/agencia\/noticias\/DIREITO-E-JUSTICA\/427501-COMISSAO-ADIA-PARA-O-DIA-16-A-DISCUSSAO-DO-NOVO-CODIGO-DE-PROCESSO-CIVIL.html\" target=\"_blank\">Comiss\u00e3o adia para o dia 16 a discuss\u00e3o do novo C\u00f3digo de Processo Civil<\/a><\/li>\n<\/ul>\n<\/td>\n<\/tr>\n<\/tbody>\n<\/table>\n<\/td>\n<\/tr>\n<\/tbody>\n<\/table>\n<\/td>\n<\/tr>\n<\/tbody>\n<\/table>\n<\/td>\n<\/tr>\n<\/tbody>\n<\/table>\n","protected":false},"excerpt":{"rendered":"<p>Manchetes do dia Para especialistas, elei\u00e7\u00e3o n\u00e3o muda rela\u00e7\u00f5es de for\u00e7a no Congresso Deputado e Receita divergem sobre tributa\u00e7\u00e3o por lucro presumido Pesquisador diz que falta puni\u00e7\u00e3o para o tr\u00e1fico de pessoas na Para\u00edba ADMINISTRA\u00c7\u00c3O P\u00daBLICA Projeto acaba com \u201cc\u00e1lculo por dentro\u201d de tributos e cancela isen\u00e7\u00f5es Projeto estabelece presen\u00e7a de farmac\u00eauticos em unidades do [&hellip;]<\/p>\n","protected":false},"author":2,"featured_media":0,"comment_status":"open","ping_status":"open","sticky":false,"template":"","format":"standard","meta":{"_links_to":"","_links_to_target":""},"categories":[18],"tags":[],"_links":{"self":[{"href":"https:\/\/www.r2cpress.com.br\/v1\/wp-json\/wp\/v2\/posts\/51619"}],"collection":[{"href":"https:\/\/www.r2cpress.com.br\/v1\/wp-json\/wp\/v2\/posts"}],"about":[{"href":"https:\/\/www.r2cpress.com.br\/v1\/wp-json\/wp\/v2\/types\/post"}],"author":[{"embeddable":true,"href":"https:\/\/www.r2cpress.com.br\/v1\/wp-json\/wp\/v2\/users\/2"}],"replies":[{"embeddable":true,"href":"https:\/\/www.r2cpress.com.br\/v1\/wp-json\/wp\/v2\/comments?post=51619"}],"version-history":[{"count":3,"href":"https:\/\/www.r2cpress.com.br\/v1\/wp-json\/wp\/v2\/posts\/51619\/revisions"}],"predecessor-version":[{"id":51622,"href":"https:\/\/www.r2cpress.com.br\/v1\/wp-json\/wp\/v2\/posts\/51619\/revisions\/51622"}],"wp:attachment":[{"href":"https:\/\/www.r2cpress.com.br\/v1\/wp-json\/wp\/v2\/media?parent=51619"}],"wp:term":[{"taxonomy":"category","embeddable":true,"href":"https:\/\/www.r2cpress.com.br\/v1\/wp-json\/wp\/v2\/categories?post=51619"},{"taxonomy":"post_tag","embeddable":true,"href":"https:\/\/www.r2cpress.com.br\/v1\/wp-json\/wp\/v2\/tags?post=51619"}],"curies":[{"name":"wp","href":"https:\/\/api.w.org\/{rel}","templated":true}]}}