{"id":5187,"date":"2010-12-24T08:56:25","date_gmt":"2010-12-24T11:56:25","guid":{"rendered":"http:\/\/www.r2cpress.com.br\/v1\/?p=5187"},"modified":"2010-12-24T08:56:25","modified_gmt":"2010-12-24T11:56:25","slug":"premio-melhores-do-ano-cacau-de-ouro-um-show-de-festa","status":"publish","type":"post","link":"https:\/\/www.r2cpress.com.br\/v1\/2010\/12\/24\/premio-melhores-do-ano-cacau-de-ouro-um-show-de-festa\/","title":{"rendered":"PR\u00caMIO MELHORES DO ANO CACAU DE OURO, UM SHOW DE FESTA!"},"content":{"rendered":"<p><div id=\"attachment_5188\" style=\"width: 310px\" class=\"wp-caption alignleft\"><a href=\"http:\/\/www.r2cpress.com.br\/v1\/wp-content\/uploads\/Jos\u00e9-Leite-de-Souza-agraciado-com-o-Pr\u00eamio-Trof\u00e9u-Destaque-Melhores-Do-Ano-Cacau-de-Ouro-2010.jpg\"><img aria-describedby=\"caption-attachment-5188\" loading=\"lazy\" src=\"http:\/\/www.r2cpress.com.br\/v1\/wp-content\/uploads\/Jos\u00e9-Leite-de-Souza-agraciado-com-o-Pr\u00eamio-Trof\u00e9u-Destaque-Melhores-Do-Ano-Cacau-de-Ouro-2010-300x200.jpg\" alt=\"\" title=\"Jos\u00e9 Leite de Souza agraciado com o Pr\u00eamio Trof\u00e9u Destaque Melhores Do Ano Cacau de Ouro 2010\" width=\"300\" height=\"200\" class=\"size-medium wp-image-5188\" srcset=\"https:\/\/www.r2cpress.com.br\/v1\/wp-content\/uploads\/Jos\u00e9-Leite-de-Souza-agraciado-com-o-Pr\u00eamio-Trof\u00e9u-Destaque-Melhores-Do-Ano-Cacau-de-Ouro-2010-300x200.jpg 300w, https:\/\/www.r2cpress.com.br\/v1\/wp-content\/uploads\/Jos\u00e9-Leite-de-Souza-agraciado-com-o-Pr\u00eamio-Trof\u00e9u-Destaque-Melhores-Do-Ano-Cacau-de-Ouro-2010.jpg 864w\" sizes=\"(max-width: 300px) 100vw, 300px\" \/><\/a><p id=\"caption-attachment-5188\" class=\"wp-caption-text\">Jos\u00e9 Leite de Souza agraciado com o Pr\u00eamio Trof\u00e9u Destaque Melhores Do Ano Cacau de Ouro 2010.<\/p><\/div>Com muito brilho e muita alegria o radialista Quinto de Souza Comunica\u00e7\u00e3o Total, realizou a bonita festa comemorativa de mais um ano de anivers\u00e1rio do seu programa radiof\u00f4nico e a entrega do 47\u00ba Pr\u00eamio\/Trof\u00e9u Destaqie Melhores Do Ano Cacau de Ouro 2010, para aqueles que mais se destacaram em suas atividades durante este ano. Personalidades, empresas e profissionais de diversos segmentos, foram agraciados com o bel\u00edssimo Trof\u00e9u Destaque Melhores do Ano. O evento aconteceu no dia 9 de dezembro \u00e0s 18:00 horas no Teatro Municipal de Ilh\u00e9us, e foi recheado de muitas surpresas e muita alegria. Houve distribui\u00e7\u00e3o de pr\u00eamios e apresenta\u00e7\u00f5es de escolas de ballet, calouros, grupos de teatro e dan\u00e7a com destaque especial para os cantores convidados, entre eles Benner Show, Ivan Morais, Djalma Assis e muitas outras atra\u00e7\u00f5es.<\/p>\n<p><!--more--><\/p>\n<p>A plat\u00e9ia que lotou as depend\u00eancias do Teatro Municipal vibrou com o espet\u00e1culo do come\u00e7o ao fim, inclusive participando ativamente da distribui\u00e7\u00e3o de pr\u00eamios.<\/p>\n<p>A decora\u00e7\u00e3o do evento foi caprichada e ficou por conta de Lindaura Kruschewisky e Bety do Mundo Encantado, o cen\u00e1rio foi montado por Alex Pinto (Xandoca), ficou impec\u00e1vel, muito bonito.<\/p>\n<p>O Show de car\u00e1ter beneficente arrecadou cerca de 2 mil quilos de alimentos n\u00e3o perec\u00edveis, que foram doados as entidades assistenciais de Ilh\u00e9us.<\/p>\n<p>No final da festa foi servido para a plat\u00e9ia, o tradicional e gostoso suco de frutas da Nutricau.<\/p>\n<p>&#8212;<br \/>\nVeja o \u00e1lbum clicando <a href = \"http:\/\/picasaweb.google.com\/r2cpress\/XLVIITrofeuDestaqueMelhoresDoAnoCacauDeOuro2010#\" target = \"_news\"><b>AQUI<\/b><\/a> e depois em apresenta\u00e7\u00e3o de slides.<\/p>\n","protected":false},"excerpt":{"rendered":"<p>Com muito brilho e muita alegria o radialista Quinto de Souza Comunica\u00e7\u00e3o Total, realizou a bonita festa comemorativa de mais um ano de anivers\u00e1rio do seu programa radiof\u00f4nico e a entrega do 47\u00ba Pr\u00eamio\/Trof\u00e9u Destaqie Melhores Do Ano Cacau de Ouro 2010, para aqueles que mais se destacaram em suas atividades durante este ano. Personalidades, [&hellip;]<\/p>\n","protected":false},"author":2,"featured_media":0,"comment_status":"open","ping_status":"open","sticky":false,"template":"","format":"standard","meta":{"_links_to":"","_links_to_target":""},"categories":[28],"tags":[],"_links":{"self":[{"href":"https:\/\/www.r2cpress.com.br\/v1\/wp-json\/wp\/v2\/posts\/5187"}],"collection":[{"href":"https:\/\/www.r2cpress.com.br\/v1\/wp-json\/wp\/v2\/posts"}],"about":[{"href":"https:\/\/www.r2cpress.com.br\/v1\/wp-json\/wp\/v2\/types\/post"}],"author":[{"embeddable":true,"href":"https:\/\/www.r2cpress.com.br\/v1\/wp-json\/wp\/v2\/users\/2"}],"replies":[{"embeddable":true,"href":"https:\/\/www.r2cpress.com.br\/v1\/wp-json\/wp\/v2\/comments?post=5187"}],"version-history":[{"count":4,"href":"https:\/\/www.r2cpress.com.br\/v1\/wp-json\/wp\/v2\/posts\/5187\/revisions"}],"predecessor-version":[{"id":5192,"href":"https:\/\/www.r2cpress.com.br\/v1\/wp-json\/wp\/v2\/posts\/5187\/revisions\/5192"}],"wp:attachment":[{"href":"https:\/\/www.r2cpress.com.br\/v1\/wp-json\/wp\/v2\/media?parent=5187"}],"wp:term":[{"taxonomy":"category","embeddable":true,"href":"https:\/\/www.r2cpress.com.br\/v1\/wp-json\/wp\/v2\/categories?post=5187"},{"taxonomy":"post_tag","embeddable":true,"href":"https:\/\/www.r2cpress.com.br\/v1\/wp-json\/wp\/v2\/tags?post=5187"}],"curies":[{"name":"wp","href":"https:\/\/api.w.org\/{rel}","templated":true}]}}