{"id":51912,"date":"2012-10-16T12:10:02","date_gmt":"2012-10-16T15:10:02","guid":{"rendered":"http:\/\/www.r2cpress.com.br\/v1\/?p=51912"},"modified":"2012-10-16T12:10:02","modified_gmt":"2012-10-16T15:10:02","slug":"cooperativismo-baiano-promove-o-ii-encontro-estadual","status":"publish","type":"post","link":"https:\/\/www.r2cpress.com.br\/v1\/2012\/10\/16\/cooperativismo-baiano-promove-o-ii-encontro-estadual\/","title":{"rendered":"Cooperativismo baiano promove o II Encontro Estadual"},"content":{"rendered":"<p>Para divulgar o cooperativismo na sociedade baiana, apresentando as vantagens das organiza\u00e7\u00f5es cooperativas e como elas constroem um mundo melhor, ser\u00e1 realizado, nesta quinta e sexta-feiras (18 e 19 de outubro), no Hotel Fiesta, no Itaigara, o II Encontro Estadual de Cooperativas Baianas.<\/p>\n<p>A solenidade de abertura, marcada para esta quinta-feira (18), \u00e0s 19h30, no Hotel Fiesta, no Itaigara, ter\u00e1 a participa\u00e7\u00e3o de M\u00e1rcio Lopes Freitas, presidente Nacional do Sistema OCB, do secret\u00e1rio do Trabalho, Emprego, Renda e Esporte da Bahia, Nilton Vasconcelos, presidente do Conselho Estadual do Cooperativismo e presidente do Conselho Estadual de Economia Solid\u00e1ria, do presidente do Sistema Oceb\/Sescoop-BA, C\u00e9rgio Tecchio, al\u00e9m de Paul Armbruster, diretor da Confedera\u00e7\u00e3o Alem\u00e3 de Cooperativas.<\/p>\n<p>O semin\u00e1rio \u00e9 promovido pelo Sistema Cooperativista Baiano e est\u00e1 sendo  realizado em comemora\u00e7\u00e3o ao Ano Internacional das Cooperativas. Tem por objetivo aumentar a consci\u00eancia p\u00fablica sobre as cooperativas e suas contribui\u00e7\u00f5es para o desenvolvimento socioecon\u00f4mico do estado e especialmente para o alcance dos Objetivos de Desenvolvimento do Mil\u00eanio, al\u00e9m de promover a forma\u00e7\u00e3o e o crescimento das cooperativas; incentivar os governos a estabelecerem pol\u00edticas p\u00fablicas, leis e regulamentos prop\u00edcios \u00e0 forma\u00e7\u00e3o, crescimento e estabilidade das cooperativas.<\/p>\n<p>Ciclo de palestras \u2013 Na sexta-feira (dia 19) ser\u00e1 realizado um ciclo de palestras com profissionais renomados, visando provocar debates em torno da contribui\u00e7\u00e3o do cooperativismo no desenvolvimento sustent\u00e1vel do estado da Bahia. A primeira palestra ser\u00e1 ministrada por M\u00e1rcio Lopes Freitas, que abordar\u00e1 o tema \u201cO Cooperativismo como Instrumento Democr\u00e1tico no Desenvolvimento Sustent\u00e1vel da Sociedade\u201d. Logo ap\u00f3s, o alem\u00e3o Paul Armbruster falar\u00e1 sobre os \u201cCases das Cooperativas Alem\u00e3s no Desenvolvimento das Comunidades\u201d.<\/p>\n<p>A programa\u00e7\u00e3o segue no per\u00edodo da tarde com palestras sobre \u201cGera\u00e7\u00e3o de Neg\u00f3cios com o Cooperativismo Empreendedor com Vista ao Desenvolvimento da Sociedade\u201d e \u201cOportunidades de Neg\u00f3cios para as Cooperativas na Estrat\u00e9gia de Desenvolvimento do Estado da Bahia\u201d. O encerramento est\u00e1 previsto para as 16h30, quando o palestrante Dalmir Santana far\u00e1 uma apresenta\u00e7\u00e3o art\u00edstica com o tema \u201cCoopera\u00e7\u00e3o: uma estrat\u00e9gia para a Gest\u00e3o de Pessoas e o Desenvolvimento Sustent\u00e1vel\u201d.<\/p>\n","protected":false},"excerpt":{"rendered":"<p>Para divulgar o cooperativismo na sociedade baiana, apresentando as vantagens das organiza\u00e7\u00f5es cooperativas e como elas constroem um mundo melhor, ser\u00e1 realizado, nesta quinta e sexta-feiras (18 e 19 de outubro), no Hotel Fiesta, no Itaigara, o II Encontro Estadual de Cooperativas Baianas. A solenidade de abertura, marcada para esta quinta-feira (18), \u00e0s 19h30, no [&hellip;]<\/p>\n","protected":false},"author":2,"featured_media":0,"comment_status":"open","ping_status":"open","sticky":false,"template":"","format":"standard","meta":{"_links_to":"","_links_to_target":""},"categories":[29],"tags":[],"_links":{"self":[{"href":"https:\/\/www.r2cpress.com.br\/v1\/wp-json\/wp\/v2\/posts\/51912"}],"collection":[{"href":"https:\/\/www.r2cpress.com.br\/v1\/wp-json\/wp\/v2\/posts"}],"about":[{"href":"https:\/\/www.r2cpress.com.br\/v1\/wp-json\/wp\/v2\/types\/post"}],"author":[{"embeddable":true,"href":"https:\/\/www.r2cpress.com.br\/v1\/wp-json\/wp\/v2\/users\/2"}],"replies":[{"embeddable":true,"href":"https:\/\/www.r2cpress.com.br\/v1\/wp-json\/wp\/v2\/comments?post=51912"}],"version-history":[{"count":2,"href":"https:\/\/www.r2cpress.com.br\/v1\/wp-json\/wp\/v2\/posts\/51912\/revisions"}],"predecessor-version":[{"id":51914,"href":"https:\/\/www.r2cpress.com.br\/v1\/wp-json\/wp\/v2\/posts\/51912\/revisions\/51914"}],"wp:attachment":[{"href":"https:\/\/www.r2cpress.com.br\/v1\/wp-json\/wp\/v2\/media?parent=51912"}],"wp:term":[{"taxonomy":"category","embeddable":true,"href":"https:\/\/www.r2cpress.com.br\/v1\/wp-json\/wp\/v2\/categories?post=51912"},{"taxonomy":"post_tag","embeddable":true,"href":"https:\/\/www.r2cpress.com.br\/v1\/wp-json\/wp\/v2\/tags?post=51912"}],"curies":[{"name":"wp","href":"https:\/\/api.w.org\/{rel}","templated":true}]}}