{"id":51941,"date":"2012-10-16T22:22:45","date_gmt":"2012-10-17T01:22:45","guid":{"rendered":"http:\/\/www.r2cpress.com.br\/v1\/?p=51941"},"modified":"2012-10-16T22:22:45","modified_gmt":"2012-10-17T01:22:45","slug":"partido-dos-servidores-publicos-e-dos-trabalhadores-da-iniciativa-privada-do-brasil","status":"publish","type":"post","link":"https:\/\/www.r2cpress.com.br\/v1\/2012\/10\/16\/partido-dos-servidores-publicos-e-dos-trabalhadores-da-iniciativa-privada-do-brasil\/","title":{"rendered":"PARTIDO DOS SERVIDORES P\u00daBLICOS E DOS TRABALHADORES DA INICIATIVA PRIVADA DO BRASIL"},"content":{"rendered":"<p><strong>OS DIRET\u00d3RIOS REGIONAIS DO PARTIDO DOS SERVIDORES P\u00daBLICOS E DOS TRABALHADORES DA INICIATIVA PRIVADA DO BRASIL CONVOCAM REUNI\u00c3O EXTRAORDIN\u00c1RIA DA CONVEN\u00c7\u00c3O NACIONAL.<\/strong><\/p>\n<div>\n<div id=\"attachment_51945\" style=\"width: 560px\" class=\"wp-caption aligncenter\"><a href=\"http:\/\/www.r2cpress.com.br\/v1\/wp-content\/uploads\/PSPB.jpg\"><img aria-describedby=\"caption-attachment-51945\" loading=\"lazy\" class=\"size-full wp-image-51945\" title=\"PSPB\" src=\"http:\/\/www.r2cpress.com.br\/v1\/wp-content\/uploads\/PSPB.jpg\" alt=\"\" width=\"550\" height=\"364\" srcset=\"https:\/\/www.r2cpress.com.br\/v1\/wp-content\/uploads\/PSPB.jpg 550w, https:\/\/www.r2cpress.com.br\/v1\/wp-content\/uploads\/PSPB-300x198.jpg 300w\" sizes=\"(max-width: 550px) 100vw, 550px\" \/><\/a><p id=\"caption-attachment-51945\" class=\"wp-caption-text\">PSPB<\/p><\/div>\n<\/div>\n<div align=\"center\"><\/div>\n<div><strong>Os Diret\u00f3rios Regionais do PSPB em Pernambuco, Paran\u00e1, Bahia, Rio de Janeiro, Rond\u00f4nia, Sergipe, Piau\u00ed, Santa Catarina, Distrito Federal, Goi\u00e1s, Tocantins, Roraima, Mato Grosso, Amap\u00e1, nos moldes do artigo 17 do Estatuto Partid\u00e1rio, convocam Reuni\u00e3o Extraordin\u00e1ria da Conven\u00e7\u00e3o Nacional para, avocando a compet\u00eancia prevista no artigo 26, al\u00ednea i, \u00a7 5\u00ba do Estatuto, deliberar sobre:<\/strong><\/div>\n<div>\u00a0\u00a0\u00a0\u00a0\u00a0\u00a0\u00a0\u00a0\u00a0\u00a0\u00a0\u00a0\u00a0\u00a0\u00a0\u00a0\u00a0\u00a0\u00a0\u00a0\u00a0\u00a0\u00a0\u00a0\u00a0\u00a0\u00a0\u00a0\u00a0\u00a0<wbr>\u00a0\u00a0\u00a0\u00a0\u00a0\u00a0\u00a0\u00a0\u00a0\u00a0\u00a0\u00a0\u00a0\u00a0\u00a0\u00a0\u00a0\u00a0\u00a0\u00a0\u00a0\u00a0\u00a0\u00a0\u00a0\u00a0 <\/wbr><\/div>\n<div>1.\u00a0\u00a0\u00a0 A Interven\u00e7\u00e3o no Diret\u00f3rio Nacional do PSPB, bem como institui\u00e7\u00e3o de Comiss\u00e3o interventora com nomea\u00e7\u00e3o dos respectivos membros;<\/div>\n<div><\/div>\n<div>2.\u00a0\u00a0\u00a0\u00a0\u00a0 Expuls\u00e3o do Presidente do Diret\u00f3rio Nacional, bem como demais Membros do referido \u00f3rg\u00e3o, nos moldes do artigo 74, al\u00ednea d, c\/c artigo 14 do Estatuto do Partido.<\/div>\n<div>A reuni\u00e3o extraordin\u00e1ria da Conven\u00e7\u00e3o Nacional ser\u00e1 realizada no dia 20 outubro de 2012, a partir das 10 horas na cidade de Recife Pernambuco, conforme local abaixo:<\/div>\n<div><strong>Rua dos Navegantes, n\u00ba 363, Bairro de Boa Viagem,CEP: 50.910-350.<\/strong><\/div>\n<div><strong>Telefone para contato: (81) 3061-1057<\/strong><\/div>\n<div>Diret\u00f3rios Regionais:<\/div>\n<div>Pernambuco, Paran\u00e1, Bahia, Rio de Janeiro, Rond\u00f4nia, Sergipe, S\u00e3o Paulo, Piau\u00ed, Santa Catarina, Distrito Federal, Goi\u00e1s, Tocantins, Roraima, Mato Grosso, Amap\u00e1.<\/div>\n<div>Recife, 10<a name=\"13a6bae55f9b8b3a__GoBack\" href=\"http:\/\/www.blogger.com\/blogger.g?blogID=2899891007942476783\" target=\"_blank\"><\/a> de outubro de 2012.<\/p>\n<\/div>\n<p style=\"text-align: center;\"><span style=\"font-size: x-large;\"><strong><span>Marco Aur\u00e9lio Moreira<\/span><\/strong><\/span><span style=\"font-size: medium;\"><br \/>\n<\/span><span style=\"color: #548dd4; font-family: Arial; font-size: medium;\">Presidente Estadual do <\/span><span style=\"color: #548dd4; font-family: Arial; font-size: medium;\">Partido dos Servidores Publicos e dos Trabalhadores da Iniciativa Privada do Brasil<\/span><span style=\"color: #548dd4; font-family: Arial; font-size: medium;\"><br \/>\n<\/span><span style=\"color: #548dd4; font-family: Arial; font-size: medium;\">Email: <a href=\"mailto:pspbbahia@hotmail.com\" target=\"_blank\">pspbbahia@hotmail.com<\/a><\/span><span style=\"color: #548dd4; font-family: Arial; font-size: medium;\"><br \/>\n<\/span><span style=\"color: #548dd4; font-family: Arial; font-size: medium;\">Blog: <a href=\"http:\/\/www.pspbbahia.blogspot.com\" target=\"_blank\">www.pspbbahia.blogspot.com<\/a><\/span><span style=\"color: #548dd4; font-family: Arial; font-size: medium;\"><br \/>\n<\/span><span style=\"color: #548dd4; font-family: Arial; font-size: medium;\">Ilh\u00e9us Ba<\/span><span style=\"color: #548dd4; font-family: Arial; font-size: medium;\"><br \/>\n<\/span><span style=\"color: #548dd4; font-family: Arial; font-size: medium;\">73 8835-1590\/9132-1590\/8124-2220\/<wbr>9907<\/wbr><\/span><span style=\"color: #548dd4; font-family: Arial; font-size: medium;\">-7385<\/span><\/p>\n","protected":false},"excerpt":{"rendered":"<p>OS DIRET\u00d3RIOS REGIONAIS DO PARTIDO DOS SERVIDORES P\u00daBLICOS E DOS TRABALHADORES DA INICIATIVA PRIVADA DO BRASIL CONVOCAM REUNI\u00c3O EXTRAORDIN\u00c1RIA DA CONVEN\u00c7\u00c3O NACIONAL. Os Diret\u00f3rios Regionais do PSPB em Pernambuco, Paran\u00e1, Bahia, Rio de Janeiro, Rond\u00f4nia, Sergipe, Piau\u00ed, Santa Catarina, Distrito Federal, Goi\u00e1s, Tocantins, Roraima, Mato Grosso, Amap\u00e1, nos moldes do artigo 17 do Estatuto Partid\u00e1rio, [&hellip;]<\/p>\n","protected":false},"author":2,"featured_media":0,"comment_status":"open","ping_status":"open","sticky":false,"template":"","format":"standard","meta":{"_links_to":"","_links_to_target":""},"categories":[22],"tags":[],"_links":{"self":[{"href":"https:\/\/www.r2cpress.com.br\/v1\/wp-json\/wp\/v2\/posts\/51941"}],"collection":[{"href":"https:\/\/www.r2cpress.com.br\/v1\/wp-json\/wp\/v2\/posts"}],"about":[{"href":"https:\/\/www.r2cpress.com.br\/v1\/wp-json\/wp\/v2\/types\/post"}],"author":[{"embeddable":true,"href":"https:\/\/www.r2cpress.com.br\/v1\/wp-json\/wp\/v2\/users\/2"}],"replies":[{"embeddable":true,"href":"https:\/\/www.r2cpress.com.br\/v1\/wp-json\/wp\/v2\/comments?post=51941"}],"version-history":[{"count":6,"href":"https:\/\/www.r2cpress.com.br\/v1\/wp-json\/wp\/v2\/posts\/51941\/revisions"}],"predecessor-version":[{"id":51948,"href":"https:\/\/www.r2cpress.com.br\/v1\/wp-json\/wp\/v2\/posts\/51941\/revisions\/51948"}],"wp:attachment":[{"href":"https:\/\/www.r2cpress.com.br\/v1\/wp-json\/wp\/v2\/media?parent=51941"}],"wp:term":[{"taxonomy":"category","embeddable":true,"href":"https:\/\/www.r2cpress.com.br\/v1\/wp-json\/wp\/v2\/categories?post=51941"},{"taxonomy":"post_tag","embeddable":true,"href":"https:\/\/www.r2cpress.com.br\/v1\/wp-json\/wp\/v2\/tags?post=51941"}],"curies":[{"name":"wp","href":"https:\/\/api.w.org\/{rel}","templated":true}]}}