{"id":5198,"date":"2010-12-24T09:57:09","date_gmt":"2010-12-24T12:57:09","guid":{"rendered":"http:\/\/www.r2cpress.com.br\/v1\/?p=5198"},"modified":"2010-12-24T10:01:20","modified_gmt":"2010-12-24T13:01:20","slug":"eco-da-1%c2%aa-cavalverao","status":"publish","type":"post","link":"https:\/\/www.r2cpress.com.br\/v1\/2010\/12\/24\/eco-da-1%c2%aa-cavalverao\/","title":{"rendered":"ECO DA 1\u00aa CAVALVERAO"},"content":{"rendered":"<p><div id=\"attachment_5199\" style=\"width: 310px\" class=\"wp-caption alignleft\"><a href=\"http:\/\/www.r2cpress.com.br\/v1\/wp-content\/uploads\/DSC04624.jpg\"><img aria-describedby=\"caption-attachment-5199\" loading=\"lazy\" src=\"http:\/\/www.r2cpress.com.br\/v1\/wp-content\/uploads\/DSC04624-300x225.jpg\" alt=\"\" title=\"DSC04624\" width=\"300\" height=\"225\" class=\"size-medium wp-image-5199\" srcset=\"https:\/\/www.r2cpress.com.br\/v1\/wp-content\/uploads\/DSC04624-300x225.jpg 300w, https:\/\/www.r2cpress.com.br\/v1\/wp-content\/uploads\/DSC04624.jpg 700w\" sizes=\"(max-width: 300px) 100vw, 300px\" \/><\/a><p id=\"caption-attachment-5199\" class=\"wp-caption-text\">Os organizadores<\/p><\/div>N\u00e3o poderia de deixar de tecer alguns coment\u00e1rios sobre o evento em Pauta. Esta cavalgada, que foi um sucesso, idealizada por 5 (cinco) jovens da nossa sociedade, Angelito Lins, David Bittencourt, Jorginho Ocke,  Lula, Marcell Tavares e Thiago Mucuge, em menos de 20 (vinte) dias, num prop\u00f3sito de ajudar o revitalizar o nosso Parque de Exposi\u00e7\u00f5es de Eventos de Ilh\u00e9us, contando com o apoio de nosso empresariado regional, pol\u00edticos da nossa cidade e a Prefeitura de Ilh\u00e9us, atrav\u00e9s da Secretaria de Servi\u00e7os Urbanos, tocaram o projeto, mesmo com opini\u00f5es contrariais, estes jovens acreditaram em suas for\u00e7as e realizaram essa grande festa.<\/p>\n<p><!--more--><\/p>\n<p>A concentra\u00e7\u00e3o foi marcada para as 09h00min do dia 19 (domingo) e a todo o momento chegava carros e mais carros trazendo cavalos de varias cidades da nossa regi\u00e3o, a qual gostaria de listar algumas como: Salta da Divisa (Minas Gerais), Eunapolis, Itamutinga, Ibicarai, Itapetinga, Itapitanga, Jequie, Ipiau, Coaraci, Almadina, Ibicarai, Itororo, Itapetinga, Canavieiras, Una, Itapitanga, Ipiau, Uru\u00e7uca e Itabuna. A todo o momento a coordena\u00e7\u00e3o recebia liga\u00e7\u00f5es de cavalheiros pedindo para retardar a largada, pois se encontrava em transito, como por exemplo, pessoal de Eunapolis que trazia um caminh\u00e3o com 10 (dez) cavalos e avisava para o Jorginho Ocke que j\u00e1 estavam passando pelo Posto Policia Rodovi\u00e1rio do Banco da Vitoria e pedia ao mesmo mais 30 minutinhos sendo atendidos. Alem disto a ADAB estava a Postos fazendo o seu papel de \u00d3rg\u00e3o Fiscalizador do Estado e aos cavalheiros era exigido comprovante de que seu animal estava vacinado contra a <b>anemia<\/b> e s\u00f3 ap\u00f3s esta comprova\u00e7\u00e3o o animal era carimbado para que pudesse participar da cavalgada. Tudo isto fez com que a largada sa\u00edsse  as 12:00hs , com um atraso de 03 horas de rel\u00f3gio. <\/p>\n<p>O percurso Maramata\/Lomanto Junior\/13 de maio\/Barreiras\/Urbis\/Ceplus\/Parque, foi realizado em perfeita ordem, os motoristas, tanto de carros particulares, como \u00f4nibus souberam respeitar o transito compartilhado com os cavalos. Ao longo do percurso os cavalheiros e amazonas eram saudados com palmas, nas Cabanas os clientes foram para pista assistir o desfile. Gra\u00e7as, exclusivamente <b>ELE<\/b>, n\u00e3o houve um acidente, mesmo contando com <b>a falta de coopera\u00e7\u00e3o da nossa Policia Militar<\/b>, pois n\u00e3o mandou nenhuma viatura ou moto para acompanhar a cavalgada, apesar dos Organizadores terem enviados of\u00edcios, com <b>anteced\u00eancia<\/b>, informando que necessitaria de batedores para conduzir a cavalgada no trecho CEPLUS\/PARQUE que \u00e9 de responsabilidade da Policia Rodovi\u00e1ria Estadual. Estranhamos tamb\u00e9m que a nossa Policia Montada da PM, que nos fins de semana ficam hospedados em nosso Parque de Exposi\u00e7\u00f5es, n\u00e3o compareceram para prestar a seguran\u00e7a necess\u00e1ria. Vai ai o meu protesto pela falta de aten\u00e7\u00e3o e tenho certeza que o Major Serpa, comandante do TOR \u2013 T\u00e1tico Ostensivo Rodovi\u00e1rio n\u00e3o esta sabendo do ocorrido. Dos \u00d3rg\u00e3os de Seguran\u00e7a comunicados, apenas o SETRANS (Munic\u00edpio) se fez presente no hor\u00e1rio solicitado: 09:00 horas, mas por falta de experi\u00eancia dos nossos organizadores, a cavalgada sofreu um atraso de 03:00 horas na sua largada, mais os <b>zelosos guardas municipais<\/b> cumpriram seu hor\u00e1rio e exatamente as 10:00horas se retiraram do local, sem ao menos nos dar uma satisfa\u00e7\u00e3o. <\/p>\n<p>No Parque de  Exposi\u00e7\u00e3o os familiares do participantes da Cavalgada os aguardavam e a festa continuou ate 23:00 horas, com som de 3 (tr\u00eas) bandas. Vale tamb\u00e9m ressaltar que tamb\u00e9m n\u00e3o contamos com a presen\u00e7a de nenhum policial do Estado, apenas os organizadores tinham contratados 15 (quinze) seguran\u00e7as particulares e para os quais n\u00e3o houve nenhuma ocorr\u00eancia a ser registrada.<\/p>\n<p>Quero aqui parabenizar os organizadores, a imprensa regional, os blog\u00b4s de Ilh\u00e9us, o empresariado e o Poder Publico Municipal pelo sucesso da festa.<\/p>\n<p>&#8212;<br \/>\nEduardo Carvalho<br \/>\nDom Eduardo Gastronomia &#038; Laser<\/p>\n","protected":false},"excerpt":{"rendered":"<p>N\u00e3o poderia de deixar de tecer alguns coment\u00e1rios sobre o evento em Pauta. Esta cavalgada, que foi um sucesso, idealizada por 5 (cinco) jovens da nossa sociedade, Angelito Lins, David Bittencourt, Jorginho Ocke, Lula, Marcell Tavares e Thiago Mucuge, em menos de 20 (vinte) dias, num prop\u00f3sito de ajudar o revitalizar o nosso Parque de [&hellip;]<\/p>\n","protected":false},"author":2,"featured_media":0,"comment_status":"open","ping_status":"open","sticky":false,"template":"","format":"standard","meta":{"_links_to":"","_links_to_target":""},"categories":[28],"tags":[],"_links":{"self":[{"href":"https:\/\/www.r2cpress.com.br\/v1\/wp-json\/wp\/v2\/posts\/5198"}],"collection":[{"href":"https:\/\/www.r2cpress.com.br\/v1\/wp-json\/wp\/v2\/posts"}],"about":[{"href":"https:\/\/www.r2cpress.com.br\/v1\/wp-json\/wp\/v2\/types\/post"}],"author":[{"embeddable":true,"href":"https:\/\/www.r2cpress.com.br\/v1\/wp-json\/wp\/v2\/users\/2"}],"replies":[{"embeddable":true,"href":"https:\/\/www.r2cpress.com.br\/v1\/wp-json\/wp\/v2\/comments?post=5198"}],"version-history":[{"count":6,"href":"https:\/\/www.r2cpress.com.br\/v1\/wp-json\/wp\/v2\/posts\/5198\/revisions"}],"predecessor-version":[{"id":5205,"href":"https:\/\/www.r2cpress.com.br\/v1\/wp-json\/wp\/v2\/posts\/5198\/revisions\/5205"}],"wp:attachment":[{"href":"https:\/\/www.r2cpress.com.br\/v1\/wp-json\/wp\/v2\/media?parent=5198"}],"wp:term":[{"taxonomy":"category","embeddable":true,"href":"https:\/\/www.r2cpress.com.br\/v1\/wp-json\/wp\/v2\/categories?post=5198"},{"taxonomy":"post_tag","embeddable":true,"href":"https:\/\/www.r2cpress.com.br\/v1\/wp-json\/wp\/v2\/tags?post=5198"}],"curies":[{"name":"wp","href":"https:\/\/api.w.org\/{rel}","templated":true}]}}