{"id":52099,"date":"2012-10-18T19:41:32","date_gmt":"2012-10-18T22:41:32","guid":{"rendered":"http:\/\/www.r2cpress.com.br\/v1\/?p=52099"},"modified":"2012-10-18T19:41:32","modified_gmt":"2012-10-18T22:41:32","slug":"prefeito-cobra-compromisso-do-governador-com-ilheus","status":"publish","type":"post","link":"https:\/\/www.r2cpress.com.br\/v1\/2012\/10\/18\/prefeito-cobra-compromisso-do-governador-com-ilheus\/","title":{"rendered":"Prefeito cobra compromisso do governador com Ilh\u00e9us"},"content":{"rendered":"<p>O prefeito de Ilh\u00e9us, Newton Lima, enviou nesta ter\u00e7a-feira (16) o Of\u00edcio 098\/12 reiterando o Of\u00edcio 043, de 28 de mar\u00e7o deste ano, em que formalizou ao governador Jaques o pedido de pavimenta\u00e7\u00e3o asf\u00e1ltica para ruas e avenidas de Ilh\u00e9us.<br \/>\nSegundo Newton Lima, os of\u00edcios s\u00e3o apenas a formaliza\u00e7\u00e3o da promessa feita pelo governador Jaques Wagner de beneficiar Ilh\u00e9us com a pavimenta\u00e7\u00e3o asf\u00e1ltica nas ruas e avenidas da cidade, que sofrem um grande desgaste devido ao alto fluxo de ve\u00edculos (autom\u00f3veis, caminh\u00f5es e \u00f4nibus) que transitam na rodovia BA-001, que cruzam a cidade de Ilh\u00e9us no sentido Norte\/Sul, aliado aos que chegam pela BA-415.<br \/>\nO grande fluxo desses ve\u00edculos nas ruas e avenidas de Ilh\u00e9us provocam um grande desgaste no pavimento e no saneamento b\u00e1sico (esgoto sanit\u00e1rio e rede de \u00e1guas pluviais). \u201cEssa \u00e9 uma promessa feita pelo governador e que estamos cobrando sua execu\u00e7\u00e3o, bem como das obras como a segunda ponte ligando o centro ao bairro do Pontal, dentre outras realizadas ao longo desses anos\u201d, concluiu o prefeito.<\/p>\n<p><center><a href=\"http:\/\/www.r2cpress.com.br\/v1\/wp-content\/uploads\/OF-043-12-Newton_GOVERNADOR.jpg\"><img loading=\"lazy\" src=\"http:\/\/www.r2cpress.com.br\/v1\/wp-content\/uploads\/OF-043-12-Newton_GOVERNADOR.jpg\" alt=\"\" title=\"OF 043-12 Newton_GOVERNADOR\" width=\"550\" height=\"755\" class=\"aligncenter size-full wp-image-52100\" srcset=\"https:\/\/www.r2cpress.com.br\/v1\/wp-content\/uploads\/OF-043-12-Newton_GOVERNADOR.jpg 550w, https:\/\/www.r2cpress.com.br\/v1\/wp-content\/uploads\/OF-043-12-Newton_GOVERNADOR-218x300.jpg 218w\" sizes=\"(max-width: 550px) 100vw, 550px\" \/><\/a><\/center><\/p>\n","protected":false},"excerpt":{"rendered":"<p>O prefeito de Ilh\u00e9us, Newton Lima, enviou nesta ter\u00e7a-feira (16) o Of\u00edcio 098\/12 reiterando o Of\u00edcio 043, de 28 de mar\u00e7o deste ano, em que formalizou ao governador Jaques o pedido de pavimenta\u00e7\u00e3o asf\u00e1ltica para ruas e avenidas de Ilh\u00e9us. Segundo Newton Lima, os of\u00edcios s\u00e3o apenas a formaliza\u00e7\u00e3o da promessa feita pelo governador Jaques [&hellip;]<\/p>\n","protected":false},"author":2,"featured_media":0,"comment_status":"open","ping_status":"open","sticky":false,"template":"","format":"standard","meta":{"_links_to":"","_links_to_target":""},"categories":[23],"tags":[],"_links":{"self":[{"href":"https:\/\/www.r2cpress.com.br\/v1\/wp-json\/wp\/v2\/posts\/52099"}],"collection":[{"href":"https:\/\/www.r2cpress.com.br\/v1\/wp-json\/wp\/v2\/posts"}],"about":[{"href":"https:\/\/www.r2cpress.com.br\/v1\/wp-json\/wp\/v2\/types\/post"}],"author":[{"embeddable":true,"href":"https:\/\/www.r2cpress.com.br\/v1\/wp-json\/wp\/v2\/users\/2"}],"replies":[{"embeddable":true,"href":"https:\/\/www.r2cpress.com.br\/v1\/wp-json\/wp\/v2\/comments?post=52099"}],"version-history":[{"count":2,"href":"https:\/\/www.r2cpress.com.br\/v1\/wp-json\/wp\/v2\/posts\/52099\/revisions"}],"predecessor-version":[{"id":52102,"href":"https:\/\/www.r2cpress.com.br\/v1\/wp-json\/wp\/v2\/posts\/52099\/revisions\/52102"}],"wp:attachment":[{"href":"https:\/\/www.r2cpress.com.br\/v1\/wp-json\/wp\/v2\/media?parent=52099"}],"wp:term":[{"taxonomy":"category","embeddable":true,"href":"https:\/\/www.r2cpress.com.br\/v1\/wp-json\/wp\/v2\/categories?post=52099"},{"taxonomy":"post_tag","embeddable":true,"href":"https:\/\/www.r2cpress.com.br\/v1\/wp-json\/wp\/v2\/tags?post=52099"}],"curies":[{"name":"wp","href":"https:\/\/api.w.org\/{rel}","templated":true}]}}