{"id":52103,"date":"2012-10-18T19:51:55","date_gmt":"2012-10-18T22:51:55","guid":{"rendered":"http:\/\/www.r2cpress.com.br\/v1\/?p=52103"},"modified":"2012-10-18T19:51:55","modified_gmt":"2012-10-18T22:51:55","slug":"boletim-eletronico-da-agencia-camara-de-noticias-72","status":"publish","type":"post","link":"https:\/\/www.r2cpress.com.br\/v1\/2012\/10\/18\/boletim-eletronico-da-agencia-camara-de-noticias-72\/","title":{"rendered":"Boletim Eletr\u00f4nico da Ag\u00eancia C\u00e2mara de Not\u00edcias"},"content":{"rendered":"<table width=\"700\" border=\"0\" cellspacing=\"0\" cellpadding=\"0\" align=\"center\">\n<tbody>\n<tr>\n<td colspan=\"2\">\n<h2>Manchetes do dia<\/h2>\n<\/td>\n<\/tr>\n<tr>\n<td colspan=\"2\">\n<ul>\n<li><a title=\"\" href=\"http:\/\/www2.camara.gov.br\/agencia\/noticias\/MEIO-AMBIENTE\/428158-DEPUTADOS-RURALISTAS-CRITICAM-VETOS-DE-DILMA-A-MP-DO-CODIGO-FLORESTAL.html\" target=\"_blank\">Deputados ruralistas criticam vetos de Dilma \u00e0 MP do C\u00f3digo Florestal<\/a><\/li>\n<li><a title=\"\" href=\"http:\/\/www2.camara.gov.br\/agencia\/noticias\/SAUDE\/428149-LIDERES-INDIGENAS-ALERTAM-PARA-DIFICULDADE-DE-ACESSO-A-SERVICOS-DE-SAUDE.html\" target=\"_blank\">L\u00edderes ind\u00edgenas alertam para dificuldade de acesso a servi\u00e7os de sa\u00fade<\/a><\/li>\n<li><a title=\"\" href=\"http:\/\/www2.camara.gov.br\/agencia\/noticias\/INDUSTRIA-E-COMERCIO\/428148-COMISSAO-APROVA-REGRAS-IGUAIS-PARA-PRODUTOS-IMPORTADOS-E-NACIONAIS.html\" target=\"_blank\">Comiss\u00e3o aprova regras iguais para produtos importados e nacionais<\/a><\/li>\n<li><a title=\"\" href=\"http:\/\/www2.camara.gov.br\/agencia\/noticias\/SAUDE\/428128-DENTISTAS-PROTESTAM-CONTRA-CONVENIOS-E-PLANEJAM-PARALISACAO.html\" target=\"_blank\">Dentistas protestam contra conv\u00eanios e planejam paralisa\u00e7\u00e3o<\/a><\/li>\n<\/ul>\n<\/td>\n<\/tr>\n<tr>\n<td colspan=\"2\"><\/td>\n<\/tr>\n<tr>\n<td colspan=\"2\">\n<table width=\"100%\" border=\"0\" cellspacing=\"0\" cellpadding=\"0\">\n<tbody>\n<tr>\n<td>\n<table width=\"100%\" border=\"0\" cellspacing=\"0\" cellpadding=\"0\">\n<tbody>\n<tr>\n<td rowspan=\"2\" valign=\"top\" width=\"70%\">\n<table width=\"100%\" border=\"0\" cellspacing=\"0\" cellpadding=\"0\">\n<tbody>\n<tr bgcolor=\"#FFFFFF\">\n<td>\n<h2>ADMINISTRA\u00c7\u00c3O P\u00daBLICA<\/h2>\n<\/td>\n<\/tr>\n<tr>\n<td>\n<ul>\n<li><a title=\"\" href=\"http:\/\/www2.camara.gov.br\/agencia\/noticias\/TRABALHO-E-PREVIDENCIA\/428125-LANCADA-FRENTE-PARLAMENTAR-PARA-DEFENDER-CARREIRA-DE-MEDICO-PERITO-PREVIDENCIARIO.html\" target=\"_blank\">Lan\u00e7ada frente parlamentar para defender carreira de m\u00e9dico perito previdenci\u00e1rio<\/a><\/li>\n<li><a title=\"\" href=\"http:\/\/www2.camara.gov.br\/agencia\/noticias\/CIDADES\/428147-MP-LIBERA-R$-676-MILHOES-PARA-MUNICIPIOS-AFETADOS-PELA-SECA.html\" target=\"_blank\">MP libera R$ 676 milh\u00f5es para munic\u00edpios afetados pela seca<\/a><\/li>\n<li><a title=\"\" href=\"http:\/\/www2.camara.gov.br\/agencia\/noticias\/ADMINISTRACAO-PUBLICA\/428157-FINANCAS-REJEITA-PENA-MAIOR-PARA-EMPRESAS-QUE-COMBINAREM-PRECOS-EM-LICITACAO.html\" target=\"_blank\">Finan\u00e7as rejeita pena maior para empresas que combinarem pre\u00e7os em licita\u00e7\u00e3o<\/a><\/li>\n<li><a title=\"\" href=\"http:\/\/www2.camara.gov.br\/agencia\/noticias\/ESPORTES\/428161-MP-CONCEDE-ISENCAO-DE-R$-3,8-BILHOES-PARA-ORGANIZADORES-DAS-OLIMPIADAS.html\" target=\"_blank\">MP concede isen\u00e7\u00e3o de R$ 3,8 bilh\u00f5es para organizadores das Olimp\u00edadas<\/a><\/li>\n<li><a title=\"\" href=\"http:\/\/www2.camara.gov.br\/agencia\/noticias\/CIDADES\/428175-CAMARA-REJEITA-PROJETO-QUE-PREVE-RECURSOS-PRIORITARIOS-PARA-CIDADES-HISTORICAS.html\" target=\"_blank\">C\u00e2mara rejeita projeto que prev\u00ea recursos priorit\u00e1rios para cidades hist\u00f3ricas<\/a><\/li>\n<\/ul>\n<\/td>\n<\/tr>\n<tr bgcolor=\"#FFFFFF\">\n<td>\n<h2>CI\u00caNCIA E TECNOLOGIA<\/h2>\n<\/td>\n<\/tr>\n<tr>\n<td>\n<ul>\n<li><a title=\"\" href=\"http:\/\/www2.camara.gov.br\/agencia\/noticias\/MEIO-AMBIENTE\/428097-COMISSAO-MISTA-DEBATE-POLITICAS-NACIONAIS-PARA-A-CONVENCAO-MUNDIAL-DO-CLIMA.html\" target=\"_blank\">Comiss\u00e3o mista debate pol\u00edticas nacionais para a Conven\u00e7\u00e3o Mundial do Clima<\/a><\/li>\n<\/ul>\n<\/td>\n<\/tr>\n<tr bgcolor=\"#FFFFFF\">\n<td>\n<h2>CONSUMIDOR<\/h2>\n<\/td>\n<\/tr>\n<tr>\n<td>\n<ul>\n<li><a title=\"\" href=\"http:\/\/www2.camara.gov.br\/agencia\/noticias\/TRANSPORTE-E-TRANSITO\/428135-PROJETO-ISENTA-MOTOTAXIS-DE-IPI-E-DE-IOF.html\" target=\"_blank\">Projeto isenta mototaxis de IPI e de IOF<\/a><\/li>\n<li><a title=\"\" href=\"http:\/\/www2.camara.gov.br\/agencia\/noticias\/INDUSTRIA-E-COMERCIO\/428166-COMISSAO-REJEITA-PROIBICAO-DE-PATENTE-DE-SEGUNDO-USO-PARA-MEDICAMENTO.html\" target=\"_blank\">Comiss\u00e3o rejeita proibi\u00e7\u00e3o de patente de segundo uso para medicamento<\/a><\/li>\n<li><a title=\"\" href=\"http:\/\/www2.camara.gov.br\/agencia\/noticias\/ECONOMIA\/428177-COMISSAO-REJEITA-TRIBUTO-SOBRE-VENDA-DE-MOTOS-PARA-FINANCIAR-SUS.html\" target=\"_blank\">Comiss\u00e3o rejeita tributo sobre venda de motos para financiar SUS<\/a><\/li>\n<\/ul>\n<\/td>\n<\/tr>\n<tr bgcolor=\"#FFFFFF\">\n<td>\n<h2>DIREITO E JUSTI\u00c7A<\/h2>\n<\/td>\n<\/tr>\n<tr>\n<td>\n<ul>\n<li><a title=\"\" href=\"http:\/\/www2.camara.gov.br\/agencia\/noticias\/DIREITO-E-JUSTICA\/428162-COMISSAO-DO-NOVO-CPC-COMECARA-A-DEBATER-RELATORIO-NO-DIA-30.html\" target=\"_blank\">Comiss\u00e3o do novo CPC come\u00e7ar\u00e1 a debater relat\u00f3rio no dia 30<\/a><\/li>\n<\/ul>\n<\/td>\n<\/tr>\n<\/tbody>\n<\/table>\n<\/td>\n<\/tr>\n<\/tbody>\n<\/table>\n<\/td>\n<\/tr>\n<\/tbody>\n<\/table>\n<\/td>\n<\/tr>\n<\/tbody>\n<\/table>\n","protected":false},"excerpt":{"rendered":"<p>Manchetes do dia Deputados ruralistas criticam vetos de Dilma \u00e0 MP do C\u00f3digo Florestal L\u00edderes ind\u00edgenas alertam para dificuldade de acesso a servi\u00e7os de sa\u00fade Comiss\u00e3o aprova regras iguais para produtos importados e nacionais Dentistas protestam contra conv\u00eanios e planejam paralisa\u00e7\u00e3o ADMINISTRA\u00c7\u00c3O P\u00daBLICA Lan\u00e7ada frente parlamentar para defender carreira de m\u00e9dico perito previdenci\u00e1rio MP libera [&hellip;]<\/p>\n","protected":false},"author":2,"featured_media":0,"comment_status":"open","ping_status":"open","sticky":false,"template":"","format":"standard","meta":{"_links_to":"","_links_to_target":""},"categories":[18],"tags":[],"_links":{"self":[{"href":"https:\/\/www.r2cpress.com.br\/v1\/wp-json\/wp\/v2\/posts\/52103"}],"collection":[{"href":"https:\/\/www.r2cpress.com.br\/v1\/wp-json\/wp\/v2\/posts"}],"about":[{"href":"https:\/\/www.r2cpress.com.br\/v1\/wp-json\/wp\/v2\/types\/post"}],"author":[{"embeddable":true,"href":"https:\/\/www.r2cpress.com.br\/v1\/wp-json\/wp\/v2\/users\/2"}],"replies":[{"embeddable":true,"href":"https:\/\/www.r2cpress.com.br\/v1\/wp-json\/wp\/v2\/comments?post=52103"}],"version-history":[{"count":2,"href":"https:\/\/www.r2cpress.com.br\/v1\/wp-json\/wp\/v2\/posts\/52103\/revisions"}],"predecessor-version":[{"id":52105,"href":"https:\/\/www.r2cpress.com.br\/v1\/wp-json\/wp\/v2\/posts\/52103\/revisions\/52105"}],"wp:attachment":[{"href":"https:\/\/www.r2cpress.com.br\/v1\/wp-json\/wp\/v2\/media?parent=52103"}],"wp:term":[{"taxonomy":"category","embeddable":true,"href":"https:\/\/www.r2cpress.com.br\/v1\/wp-json\/wp\/v2\/categories?post=52103"},{"taxonomy":"post_tag","embeddable":true,"href":"https:\/\/www.r2cpress.com.br\/v1\/wp-json\/wp\/v2\/tags?post=52103"}],"curies":[{"name":"wp","href":"https:\/\/api.w.org\/{rel}","templated":true}]}}