{"id":52183,"date":"2012-10-19T15:06:11","date_gmt":"2012-10-19T18:06:11","guid":{"rendered":"http:\/\/www.r2cpress.com.br\/v1\/?p=52183"},"modified":"2012-10-19T15:06:11","modified_gmt":"2012-10-19T18:06:11","slug":"somos-mesmo-animais-racionais","status":"publish","type":"post","link":"https:\/\/www.r2cpress.com.br\/v1\/2012\/10\/19\/somos-mesmo-animais-racionais\/","title":{"rendered":"SOMOS MESMO ANIMAIS RACIONAIS?"},"content":{"rendered":"<p><img loading=\"lazy\" class=\"alignleft\" src=\"http:\/\/www.r2cpress.com.br\/v1\/wp-content\/uploads\/NILSON-PESSOA_MODIFICADA.jpg\" alt=\"\" width=\"300\" height=\"209\" \/><span style=\"font-family: Times New Roman; font-size: medium;\">Assunto de todos os notici\u00e1rios,\u00a0cenas que est\u00e3o percorrendo o mundo.\u00a0 O imbecil l\u00e1 de um pet shop no Rio de Janeiro maltratando os c\u00e3es nos quais dava banho. O energ\u00fameno \u00e9\u00a0filho da dona do estabelecimento, que mentiu quando afirmou desconhecer o crime e jamais imaginar que o filho fosse capaz das atrocidades. A mentirosa aparece numa das filmagens,\u00a0presenciando agress\u00e3o cometida pelo filho idiota.\u00a0<\/span><br \/>\n<span style=\"font-family: Times New Roman; font-size: medium;\"><a href=\"http:\/\/www.r2cpress.com.br\/v1\/wp-content\/uploads\/guarda3.jpg\"><img loading=\"lazy\" class=\"alignright  wp-image-52184\" title=\"GENIC DIGITAL CAMERA\" src=\"http:\/\/www.r2cpress.com.br\/v1\/wp-content\/uploads\/guarda3.jpg\" alt=\"\" width=\"185\" height=\"218\" \/><\/a>O pet shop teve o alvar\u00e1 de funcionamento suspenso pela prefeitura\u00a0por tempo indeterminado. Deveria ser fechado para sempre e, de quebra, cadeia para a m\u00e3e e para o filho da&#8230;m\u00e3e.\u00a0\u00c9 dif\u00edcil, mas tor\u00e7o para que n\u00e3o acabe em pizza alternativa, digo, pena alternativa, se \u00e9 que v\u00e3o ser condenados.\u00a0\u00a0<\/span><br \/>\n<span style=\"font-family: Times New Roman; font-size: medium;\">N\u00e3o me assusto\u00a0nem me surpreendo mais com fatos e not\u00edcias de aberra\u00e7\u00f5es praticadas por nossa esp\u00e9cie (inclusive contra a nossa pr\u00f3pria esp\u00e9cie). Parece que as\u00a0 paran\u00f3ias e debilidades da mente humana s\u00e3o o pre\u00e7o que pagamos por sermos os \u00fanicos seres &#8220;racionais&#8221; do planeta. Um pre\u00e7o\u00a0alto.\u00a0<\/span><\/p>\n<p><span style=\"font-family: Times New Roman; font-size: medium;\"><strong><em>Nilson Pessoa<\/em><\/strong><\/span><\/p>\n","protected":false},"excerpt":{"rendered":"<p>Assunto de todos os notici\u00e1rios,\u00a0cenas que est\u00e3o percorrendo o mundo.\u00a0 O imbecil l\u00e1 de um pet shop no Rio de Janeiro maltratando os c\u00e3es nos quais dava banho. O energ\u00fameno \u00e9\u00a0filho da dona do estabelecimento, que mentiu quando afirmou desconhecer o crime e jamais imaginar que o filho fosse capaz das atrocidades. A mentirosa aparece [&hellip;]<\/p>\n","protected":false},"author":2,"featured_media":0,"comment_status":"open","ping_status":"open","sticky":false,"template":"","format":"standard","meta":{"_links_to":"","_links_to_target":""},"categories":[10],"tags":[],"_links":{"self":[{"href":"https:\/\/www.r2cpress.com.br\/v1\/wp-json\/wp\/v2\/posts\/52183"}],"collection":[{"href":"https:\/\/www.r2cpress.com.br\/v1\/wp-json\/wp\/v2\/posts"}],"about":[{"href":"https:\/\/www.r2cpress.com.br\/v1\/wp-json\/wp\/v2\/types\/post"}],"author":[{"embeddable":true,"href":"https:\/\/www.r2cpress.com.br\/v1\/wp-json\/wp\/v2\/users\/2"}],"replies":[{"embeddable":true,"href":"https:\/\/www.r2cpress.com.br\/v1\/wp-json\/wp\/v2\/comments?post=52183"}],"version-history":[{"count":3,"href":"https:\/\/www.r2cpress.com.br\/v1\/wp-json\/wp\/v2\/posts\/52183\/revisions"}],"predecessor-version":[{"id":52187,"href":"https:\/\/www.r2cpress.com.br\/v1\/wp-json\/wp\/v2\/posts\/52183\/revisions\/52187"}],"wp:attachment":[{"href":"https:\/\/www.r2cpress.com.br\/v1\/wp-json\/wp\/v2\/media?parent=52183"}],"wp:term":[{"taxonomy":"category","embeddable":true,"href":"https:\/\/www.r2cpress.com.br\/v1\/wp-json\/wp\/v2\/categories?post=52183"},{"taxonomy":"post_tag","embeddable":true,"href":"https:\/\/www.r2cpress.com.br\/v1\/wp-json\/wp\/v2\/tags?post=52183"}],"curies":[{"name":"wp","href":"https:\/\/api.w.org\/{rel}","templated":true}]}}